{"id":4154,"date":"2022-12-02T18:45:53","date_gmt":"2022-12-02T16:45:53","guid":{"rendered":"http:\/\/insideamateurfussball-ffm.de\/?p=4154"},"modified":"2025-01-14T11:13:08","modified_gmt":"2025-01-14T10:13:08","slug":"halber-monat-spielverbot-fuer-bosnien","status":"publish","type":"post","link":"https:\/\/insideamateurfussball-ffm.de\/?p=4154","title":{"rendered":"Halber Monat Spielverbot f\u00fcr Bosnien"},"content":{"rendered":"<h4>Vor dem HFV-Sportgericht wurden die Vorkommnisse der am 13. November beim Stande von 4:2 in der 90. Minute abgebrochenen Partie der Fu\u00dfball-Gruppenliga Frankfurt West zwischen dem FC Karben und dem SV BKC Bosnien verhandelt. Schiedsrichter Luca Kloft (Elz) hatte das Spiel abgebrochen, nachdem einer seiner Linienrichter aus einer Gruppe von Zuschauern heraus angespuckt worden sei.<\/h4>\n<figure id=\"attachment_4155\" aria-describedby=\"caption-attachment-4155\" style=\"width: 1034px\" class=\"wp-caption alignnone\"><img loading=\"lazy\" decoding=\"async\" class=\"wp-image-4155 size-full\" src=\"http:\/\/insideamateurfussball-ffm.de\/wp-content\/uploads\/2022\/12\/bos29-1.jpg\" alt=\"\" width=\"1034\" height=\"749\" srcset=\"https:\/\/insideamateurfussball-ffm.de\/wp-content\/uploads\/2022\/12\/bos29-1.jpg 1034w, https:\/\/insideamateurfussball-ffm.de\/wp-content\/uploads\/2022\/12\/bos29-1-300x217.jpg 300w, https:\/\/insideamateurfussball-ffm.de\/wp-content\/uploads\/2022\/12\/bos29-1-1024x742.jpg 1024w, https:\/\/insideamateurfussball-ffm.de\/wp-content\/uploads\/2022\/12\/bos29-1-768x556.jpg 768w\" sizes=\"auto, (max-width: 1034px) 100vw, 1034px\" \/><figcaption id=\"caption-attachment-4155\" class=\"wp-caption-text\"><strong>Einen Torjubel wird es bei den Bosniern zum Ende des Jahres nicht mehr geben. Der Club wurde mit einem Spielverbot belegt. Foto: Mithat G\u00fcrser. <\/strong><\/figcaption><\/figure>\n<p><img loading=\"lazy\" decoding=\"async\" class=\"alignnone size-full wp-image-139\" src=\"http:\/\/insideamateurfussball-ffm.de\/wp-content\/uploads\/2022\/05\/Bosnien.jpg\" alt=\"\" width=\"79\" height=\"80\" \/><\/p>\n<p><span style=\"color: #000080;\">Das Verbandssportgericht unter dem Vorsitz von Dr. Friedrich Claus Becker (Spvgg. Kickers 16) kam nach der Beweisaufnahme zur Erkenntnis, dass der Abbruch durch Zuschauer verursacht worden sei, die dem SV BKC Bosnien eindeutig zuzuordnen seien. Somit wurde die Partie mit 3:0 f\u00fcr Karben als gewonnen gewertet. <\/span><\/p>\n<p><span style=\"color: #000080;\">Die Bosnier wurden neben einer Geldstrafe in H\u00f6he von 100 Euro zus\u00e4tzlich mit einem Spielverbot von einem halben Monat vom 30. November bis zum 14. Dezember belegt. Zus\u00e4tzlich tr\u00e4gt der Frankfurter Club noch die Kosten des Verfahrens. In die Zeit des Spielverbots f\u00e4llt jedoch nur die f\u00fcr Sonntag geplante Partie beim T\u00fcrkischen SV Bad Nauheim an, die mit 3:0 Toren f\u00fcr die Wetterauer gewertet wird.<\/span><\/p>\n<blockquote>\n<h4>&#8222;Der besagte Fan stand in einer Gruppe unserer Zuschauer, der Heimverein hatte keine Ordner gestellt&#8220; (Bosniens Pressesprecher Admir Malohodzic).<\/h4>\n<\/blockquote>\n<p><span style=\"color: #000080;\">Bosniens Pressesprecher Admir Malohodzic erkl\u00e4rte, man habe das Urteil bereits akzeptiert, betonte aber: &#8222;Wir sind nicht damit zufrieden, werden aber nicht in Berufung gehen. Da siegt auch der Verstand, denn wir wollen einen Schlussstrich unter die Sache ziehen und die Angelegenheit nicht in die L\u00e4nge ziehen.&#8220; Dass man nach sechs Siegen in Folge in Bad Nauheim nicht antreten darf, &#8222;ist eine bittere Pille, die wir jetzt schlucken m\u00fcssen.&#8220; <\/span><\/p>\n<p><span style=\"color: #000080;\">Malohodzic stellte klar: &#8222;Der besagte Fan stand in einer Gruppe unserer Zuschauer, der Heimverein hatte keine Ordner gestellt. Wir tun viel daf\u00fcr, dass sich unsere Anh\u00e4nger benehmen. Bei unseren Spielen gab es in den letzten Jahren keine Zwischenf\u00e4lle mehr, auch weil wir bei Heimspielen immer ausreichend Ordnungspersonal abstellen.&#8220; <\/span><\/p>\n","protected":false},"excerpt":{"rendered":"<p>Vor dem HFV-Sportgericht wurden die Vorkommnisse der am 13. November beim Stande von 4:2 in der 90. Minute abgebrochenen Partie der Fu\u00dfball-Gruppenliga Frankfurt West zwischen dem FC Karben und dem SV BKC Bosnien verhandelt. Schiedsrichter Luca Kloft (Elz) hatte das Spiel abgebrochen, nachdem einer seiner Linienrichter aus einer Gruppe von Zuschauern heraus angespuckt worden sei. [&hellip;]<\/p>\n","protected":false},"author":1,"featured_media":4155,"comment_status":"open","ping_status":"open","sticky":false,"template":"","format":"standard","meta":{"footnotes":""},"categories":[13],"tags":[],"class_list":["post-4154","post","type-post","status-publish","format-standard","has-post-thumbnail","hentry","category-gruppenliga-frankfurt-west"],"_links":{"self":[{"href":"https:\/\/insideamateurfussball-ffm.de\/index.php?rest_route=\/wp\/v2\/posts\/4154","targetHints":{"allow":["GET"]}}],"collection":[{"href":"https:\/\/insideamateurfussball-ffm.de\/index.php?rest_route=\/wp\/v2\/posts"}],"about":[{"href":"https:\/\/insideamateurfussball-ffm.de\/index.php?rest_route=\/wp\/v2\/types\/post"}],"author":[{"embeddable":true,"href":"https:\/\/insideamateurfussball-ffm.de\/index.php?rest_route=\/wp\/v2\/users\/1"}],"replies":[{"embeddable":true,"href":"https:\/\/insideamateurfussball-ffm.de\/index.php?rest_route=%2Fwp%2Fv2%2Fcomments&post=4154"}],"version-history":[{"count":1,"href":"https:\/\/insideamateurfussball-ffm.de\/index.php?rest_route=\/wp\/v2\/posts\/4154\/revisions"}],"predecessor-version":[{"id":4156,"href":"https:\/\/insideamateurfussball-ffm.de\/index.php?rest_route=\/wp\/v2\/posts\/4154\/revisions\/4156"}],"wp:featuredmedia":[{"embeddable":true,"href":"https:\/\/insideamateurfussball-ffm.de\/index.php?rest_route=\/wp\/v2\/media\/4155"}],"wp:attachment":[{"href":"https:\/\/insideamateurfussball-ffm.de\/index.php?rest_route=%2Fwp%2Fv2%2Fmedia&parent=4154"}],"wp:term":[{"taxonomy":"category","embeddable":true,"href":"https:\/\/insideamateurfussball-ffm.de\/index.php?rest_route=%2Fwp%2Fv2%2Fcategories&post=4154"},{"taxonomy":"post_tag","embeddable":true,"href":"https:\/\/insideamateurfussball-ffm.de\/index.php?rest_route=%2Fwp%2Fv2%2Ftags&post=4154"}],"curies":[{"name":"wp","href":"https:\/\/api.w.org\/{rel}","templated":true}]}}