{"id":4147,"date":"2022-11-30T20:44:36","date_gmt":"2022-11-30T18:44:36","guid":{"rendered":"http:\/\/insideamateurfussball-ffm.de\/?p=4147"},"modified":"2025-01-14T11:13:12","modified_gmt":"2025-01-14T10:13:12","slug":"hausens-routinier-altvater-sticht-als-joker","status":"publish","type":"post","link":"https:\/\/insideamateurfussball-ffm.de\/?p=4147","title":{"rendered":"Hausens Routinier Altvater sticht als Joker"},"content":{"rendered":"<h4><span style=\"font-size: 14px;\">Concordia Eschersheim unterlag am Sonntag in der Kreisoberliga Frankfurt dem FV Hausen mit 1:2 (0:1). Zwar war die Spielweise der Concorden gef\u00e4llig, aber die Chancenverwertung stimmte nicht. So r\u00fcckt selbst bei einem Direktabsteiger (Seckbach steht in der Gruppenliga aktuell nicht auf einem Abstiegsplatz) zumindest die Relegation bedrohlich n\u00e4her. Am Sonntag kommt es an der M\u00fchlwiese schon zum R\u00fcckspiel, dann wollen die auf Rang f\u00fcnf stehenden Hausener noch einen Dreier nachlegen.\u00a0<\/span><\/h4>\n<figure id=\"attachment_4149\" aria-describedby=\"caption-attachment-4149\" style=\"width: 2560px\" class=\"wp-caption alignnone\"><img loading=\"lazy\" decoding=\"async\" class=\"wp-image-4149 size-full\" src=\"http:\/\/insideamateurfussball-ffm.de\/wp-content\/uploads\/2022\/11\/Fvhausenvsfctempo-26-scaled.jpg\" alt=\"\" width=\"2560\" height=\"1706\" srcset=\"https:\/\/insideamateurfussball-ffm.de\/wp-content\/uploads\/2022\/11\/Fvhausenvsfctempo-26-scaled.jpg 2560w, https:\/\/insideamateurfussball-ffm.de\/wp-content\/uploads\/2022\/11\/Fvhausenvsfctempo-26-300x200.jpg 300w, https:\/\/insideamateurfussball-ffm.de\/wp-content\/uploads\/2022\/11\/Fvhausenvsfctempo-26-1024x682.jpg 1024w, https:\/\/insideamateurfussball-ffm.de\/wp-content\/uploads\/2022\/11\/Fvhausenvsfctempo-26-768x512.jpg 768w, https:\/\/insideamateurfussball-ffm.de\/wp-content\/uploads\/2022\/11\/Fvhausenvsfctempo-26-1536x1024.jpg 1536w, https:\/\/insideamateurfussball-ffm.de\/wp-content\/uploads\/2022\/11\/Fvhausenvsfctempo-26-2048x1365.jpg 2048w\" sizes=\"auto, (max-width: 2560px) 100vw, 2560px\" \/><figcaption id=\"caption-attachment-4149\" class=\"wp-caption-text\"><strong>Hausens Thomas Altvater (rechts, gegen Tempos Dragomir Gospavic) erzielte den Hausener Siegtreffer. Foto: Anzzo Sports.<\/strong><\/figcaption><\/figure>\n<h4>Concordia Eschersheim &#8211; FV Hausen 1:2 (1:1)<\/h4>\n<h4><img loading=\"lazy\" decoding=\"async\" class=\"alignnone size-full wp-image-419\" src=\"http:\/\/insideamateurfussball-ffm.de\/wp-content\/uploads\/2022\/05\/1sv07_news2_4178_01_01_02.jpg\" alt=\"\" width=\"80\" height=\"80\" \/><img loading=\"lazy\" decoding=\"async\" class=\"alignnone size-full wp-image-28\" src=\"http:\/\/insideamateurfussball-ffm.de\/wp-content\/uploads\/2021\/11\/Hausen.jpg\" alt=\"\" width=\"80\" height=\"60\" \/><\/h4>\n<p><span style=\"color: #99ccff;\"><span style=\"color: #000080;\">Die G\u00e4ste mussten in der Abwehr improvisieren und boten eine Vierekette auf, von der FVH-Trainer Federico da Costa Coutinho hofft, &#8222;diese nie wieder in dieser Kombination aufstellen zu m\u00fcssen. Nicht, weil sie es nicht gut gemacht haben, sondern weil wir ohne gelernten Innenverteidiger gespielt haben.&#8220; Mit Karim B\u00f6kenkamp und Anas Bakkali halfen Offensivspieler in der Abwehr aus. Dementsprechend gab es zu Beginn bei den Lila-Wei\u00dfen Abstimmungsprobleme. Daraus resultierte das 1:0 der Concordia, denn nach einem Einwurf wurde der Ball relativ schnell in die Spitze gespielt, Karim B\u00f6kenkamp st\u00f6rte, aber Kevin J\u00e4ger konnte trotzdem schie\u00dfen.<\/span>\u00a0<\/span><\/p>\n<p><span style=\"color: #000080;\">Im Nachschuss verwertete J\u00e4ger den Abpraller von FVH-Tormann Onno Engel (7.). Im Gegenzug unterlief aber dem Concorden Matteo Reichwein ein klassisches Eigentor (8.). &#8222;Mit der Zeit standen wir stabiler, aber man muss gestehen, dass die Abwehr auch etwas gewackelt hat. Das lag aber auch dran, dass die Concordia den Ball relativ schnell in die Gefahrenzone gebracht hat. Das hohe Tempo war schwer zu verteidigen. Wir haben es aber mit geschlossenem Willen und Leidenschaft verteidigen k\u00f6nnen. Nach vorne haben wir im letzten Drittel zu wenig Torgefahr ausgetrahlt&#8220;, berichtete Coutinho.<\/span><\/p>\n<blockquote>\n<h4>&#8222;Den Gegner respektieren wir, denn die Concordia hat in allen Mannschaftsteilen Qualit\u00e4t&#8220; (Hausens Trainer Federico da Costa Coutinho).<\/h4>\n<\/blockquote>\n<p><span style=\"color: #000080;\">Die Entscheidung fiel Mitte der zweiten Halbzeit durch den erst drei Minuten zuvor eingewechselten Routinier Thomas Altvater. Sasha Sabic hielt nach einer Flanke den Fu\u00df hin, Concordia-Torh\u00fcter Nick Gutschmidt konnte nicht kl\u00e4ren und Altvater nutzte den Abpraller zum Siegtreffer der G\u00e4ste (68.). &#8222;Wir h\u00e4tten uns in der unsortierten Anfangsphase nicht beschweren d\u00fcrfen, wenn die Concordia ihre F\u00fchrung ausgebaut h\u00e4tte&#8220;, mahnte Coutinho. <\/span><span style=\"color: #000080;\">Da die Hausener in der letzten Saison beide Spiele gegen die Concordia verloren hatten, freuten sich die M\u00fchlwiesen-Kicker nat\u00fcrlich diebisch \u00fcber den Ausw\u00e4rtssieg.<\/span><\/p>\n<p><span style=\"color: #000080;\"> &#8222;Den Gegner respektieren wir, denn die Concordia hat in allen Mannschaftsteilen Qualit\u00e4t&#8220;, sagte Coutinho vor dem am Sonntag anstehenden zweiten Vergleich mit den Eschersheimern. Concordia-Trainer Andre Winter fand die Heimniederlage \u00e4rgerlich, &#8222;denn im Grunde genommen haben wir gut gespielt. Das gute am Spielplan ist die Revanche am Sonntag, da wollen wir das Resultat zu unseren Gunsten drehen und den direkten Vergleich gewinnen.&#8220;\u00a0 \u00a0 \u00a0<\/span><\/p>\n<h4>Schiedsrichter: Adriatik Kaba (Egelsbach). Zuschauer: 50.<\/h4>\n<h4>Tore: 1:0 Kevin J\u00e4ger (7.), 1:1 Matteo Reichwein (8.\/Eigentor), 1:2 Thomas Altvater (68.).<\/h4>\n","protected":false},"excerpt":{"rendered":"<p>Concordia Eschersheim unterlag am Sonntag in der Kreisoberliga Frankfurt dem FV Hausen mit 1:2 (0:1). Zwar war die Spielweise der Concorden gef\u00e4llig, aber die Chancenverwertung stimmte nicht. So r\u00fcckt selbst bei einem Direktabsteiger (Seckbach steht in der Gruppenliga aktuell nicht auf einem Abstiegsplatz) zumindest die Relegation bedrohlich n\u00e4her. Am Sonntag kommt es an der M\u00fchlwiese [&hellip;]<\/p>\n","protected":false},"author":1,"featured_media":4149,"comment_status":"open","ping_status":"open","sticky":false,"template":"","format":"standard","meta":{"footnotes":""},"categories":[2],"tags":[],"class_list":["post-4147","post","type-post","status-publish","format-standard","has-post-thumbnail","hentry","category-kreisoberliga-frankfurt"],"_links":{"self":[{"href":"https:\/\/insideamateurfussball-ffm.de\/index.php?rest_route=\/wp\/v2\/posts\/4147","targetHints":{"allow":["GET"]}}],"collection":[{"href":"https:\/\/insideamateurfussball-ffm.de\/index.php?rest_route=\/wp\/v2\/posts"}],"about":[{"href":"https:\/\/insideamateurfussball-ffm.de\/index.php?rest_route=\/wp\/v2\/types\/post"}],"author":[{"embeddable":true,"href":"https:\/\/insideamateurfussball-ffm.de\/index.php?rest_route=\/wp\/v2\/users\/1"}],"replies":[{"embeddable":true,"href":"https:\/\/insideamateurfussball-ffm.de\/index.php?rest_route=%2Fwp%2Fv2%2Fcomments&post=4147"}],"version-history":[{"count":3,"href":"https:\/\/insideamateurfussball-ffm.de\/index.php?rest_route=\/wp\/v2\/posts\/4147\/revisions"}],"predecessor-version":[{"id":4153,"href":"https:\/\/insideamateurfussball-ffm.de\/index.php?rest_route=\/wp\/v2\/posts\/4147\/revisions\/4153"}],"wp:featuredmedia":[{"embeddable":true,"href":"https:\/\/insideamateurfussball-ffm.de\/index.php?rest_route=\/wp\/v2\/media\/4149"}],"wp:attachment":[{"href":"https:\/\/insideamateurfussball-ffm.de\/index.php?rest_route=%2Fwp%2Fv2%2Fmedia&parent=4147"}],"wp:term":[{"taxonomy":"category","embeddable":true,"href":"https:\/\/insideamateurfussball-ffm.de\/index.php?rest_route=%2Fwp%2Fv2%2Fcategories&post=4147"},{"taxonomy":"post_tag","embeddable":true,"href":"https:\/\/insideamateurfussball-ffm.de\/index.php?rest_route=%2Fwp%2Fv2%2Ftags&post=4147"}],"curies":[{"name":"wp","href":"https:\/\/api.w.org\/{rel}","templated":true}]}}