{"id":4130,"date":"2022-11-29T23:12:19","date_gmt":"2022-11-29T21:12:19","guid":{"rendered":"http:\/\/insideamateurfussball-ffm.de\/?p=4130"},"modified":"2025-01-14T11:13:29","modified_gmt":"2025-01-14T10:13:29","slug":"gudesdings-traumergebnis-91-gegen-tuerkguecue","status":"publish","type":"post","link":"https:\/\/insideamateurfussball-ffm.de\/?p=4130","title":{"rendered":"Gudesdings Traumergebnis: 9:1 gegen T\u00fcrkg\u00fcc\u00fc"},"content":{"rendered":"<h6><span style=\"font-size: 20px;\">Zwei Mannschaften, die in der ausgeglichenen Kreisoberliga Frankfurt eigentlich auf Augenh\u00f6he sein m\u00fcssten. Dennoch gelang dem FC Gudesding am Sonntag gegen den TSKV T\u00fcrkg\u00fcc\u00fc ein in der H\u00f6he verwunderlicher 9:1-Kantersieg.\u00a0<\/span><\/h6>\n<figure id=\"attachment_4131\" aria-describedby=\"caption-attachment-4131\" style=\"width: 300px\" class=\"wp-caption aligncenter\"><img loading=\"lazy\" decoding=\"async\" class=\"wp-image-4131 size-medium\" src=\"http:\/\/insideamateurfussball-ffm.de\/wp-content\/uploads\/2022\/11\/gudes2-300x207.jpg\" alt=\"\" width=\"300\" height=\"207\" srcset=\"https:\/\/insideamateurfussball-ffm.de\/wp-content\/uploads\/2022\/11\/gudes2-300x207.jpg 300w, https:\/\/insideamateurfussball-ffm.de\/wp-content\/uploads\/2022\/11\/gudes2-768x529.jpg 768w, https:\/\/insideamateurfussball-ffm.de\/wp-content\/uploads\/2022\/11\/gudes2.jpg 1004w\" sizes=\"auto, (max-width: 300px) 100vw, 300px\" \/><figcaption id=\"caption-attachment-4131\" class=\"wp-caption-text\"><strong>Dem FC Gudesding gelang ein 9:1-Kantersieg. Archivfoto: Mithat G\u00fcrser. <\/strong><\/figcaption><\/figure>\n<h6><span style=\"font-size: 20px;\">FC Gudesding &#8211; TSKV T\u00fcrkg\u00fcc\u00fc 9:1 (6:1)<\/span><\/h6>\n<h6><span style=\"font-size: 20px;\"><img loading=\"lazy\" decoding=\"async\" class=\"alignnone size-full wp-image-10\" src=\"http:\/\/insideamateurfussball-ffm.de\/wp-content\/uploads\/2021\/11\/Gudesding.jpg\" alt=\"\" width=\"64\" height=\"80\" \/> <img loading=\"lazy\" decoding=\"async\" class=\"alignnone size-full wp-image-17\" src=\"http:\/\/insideamateurfussball-ffm.de\/wp-content\/uploads\/2021\/11\/Tuerkguecue.jpg\" alt=\"\" width=\"72\" height=\"80\" \/><\/span><\/h6>\n<p><span style=\"font-size: 20px; color: #993300;\">Die Gastgeber spielten flott nach vorne, schalteten schnell um und kamen durch drei Konter in der Anfangsphase zu den ersten drei Toren durch Torj\u00e4ger Florian Schuberth (6.), Daniel Peter (8.) und Seyedmohammedreza Hosseini (14.). Die nur mit 13 Akteuren in den Ostpark gereisten G\u00e4ste tauchten zwischen der 20. und 35. Minute mehrfach gef\u00e4hrlich im Sechzehner der &#8222;Guden&#8220; auf, doch der \u00fcberragende FCG-Torh\u00fcter Sven Lissek lie\u00df bis auf den Gegentreffer von Eray Erol Hodzha (26.) nichts zu. <\/span><\/p>\n<p><span style=\"font-size: 20px; color: #993300;\">Danach spielten die Gastgeber ihre Konter wieder gut aus und erh\u00f6hten durch Janis R\u00fcck (37.) und Hosseini (41.) auf 5:1. Peter traf kurz vor dem Seitenwechsel nach einer Ecke per Kopf noch zum 6:1 (45.). Die zweite H\u00e4lfte verlief etwas schleppend, aber die offensivstarken &#8222;Guden&#8220; machten noch drei Tore durch Hosseini (59.) und Schuberth (72.\/76.) und lie\u00dfen sogar noch M\u00f6glichkeiten liegen, um es zweistellig zu machen.<\/span><\/p>\n<blockquote>\n<h6><span style=\"font-size: 20px;\">&#8222;Ich erwarte im R\u00fcckspiel eine tausendprozentige Leistungssteigerung&#8220; (T\u00fcrkg\u00fcc\u00fcs Vorstandsmitglied Duran G\u00fcng\u00f6r).\u00a0<\/span><\/h6>\n<\/blockquote>\n<p><span style=\"font-size: 20px; color: #993300;\"> &#8222;Endlich wieder einmal eine stabile Defensive und endlich Effektivit\u00e4t im Angriff. Ein Traumergebnis nat\u00fcrlich, das uns hoffentlich Selbstvertrauen f\u00fcr die noch ausstehenden Spiele in 2022 gibt&#8220;, sagte FCG-Vorsitzender Rainer Weiss. T\u00fcrkg\u00fcc\u00fcs Vorstandsmitglied Duran G\u00fcng\u00f6r zeigte sich entsetzt \u00fcber die Leistung der G\u00e4ste: &#8222;Auch wenn wir ersatzgeschw\u00e4cht waren, ist das keine Entschuldigung f\u00fcr so eine hohe Schlappe. Die K\u00f6rpersprache war lustlos, kein Wille, keine Laufbereitschaft. Ich erwarte im R\u00fcckspiel eine tausendprozentige Leistungssteigerung, um diese Schlappe wiedergutzumachen. Dann bin ich mir sicher, dass wir zu Hause gegen Gudesding gewinnen.&#8220;\u00a0 \u00a0<\/span><\/p>\n<h6><span style=\"font-size: 20px;\">Schiedsrichter: Alexander Laska (Offenbach). Zuschauer: 75. <\/span><\/h6>\n<h6><span style=\"font-size: 20px;\">Tore: 1:0 Florian Schuberth (6.), 2:0 Daniel Peter (8.), 3:0 Seyedmohammedreza Hosseini (14.), 3:1 Eray Erol Hodzha (26.), 4:1 Janis R\u00fcck (37.), 5:1 Seyedmohammedreza Hosseini (41.), 6:1 Daniel Peter (45.), 7:1 Seyedmohammedreza Hosseini (59.), 8:1, 9:1 Florian Schuberth (72.\/76.).\u00a0<\/span><\/h6>\n","protected":false},"excerpt":{"rendered":"<p>Zwei Mannschaften, die in der ausgeglichenen Kreisoberliga Frankfurt eigentlich auf Augenh\u00f6he sein m\u00fcssten. Dennoch gelang dem FC Gudesding am Sonntag gegen den TSKV T\u00fcrkg\u00fcc\u00fc ein in der H\u00f6he verwunderlicher 9:1-Kantersieg.\u00a0 FC Gudesding &#8211; TSKV T\u00fcrkg\u00fcc\u00fc 9:1 (6:1) Die Gastgeber spielten flott nach vorne, schalteten schnell um und kamen durch drei Konter in der Anfangsphase zu [&hellip;]<\/p>\n","protected":false},"author":1,"featured_media":4131,"comment_status":"open","ping_status":"open","sticky":false,"template":"","format":"standard","meta":{"footnotes":""},"categories":[2],"tags":[],"class_list":["post-4130","post","type-post","status-publish","format-standard","has-post-thumbnail","hentry","category-kreisoberliga-frankfurt"],"_links":{"self":[{"href":"https:\/\/insideamateurfussball-ffm.de\/index.php?rest_route=\/wp\/v2\/posts\/4130","targetHints":{"allow":["GET"]}}],"collection":[{"href":"https:\/\/insideamateurfussball-ffm.de\/index.php?rest_route=\/wp\/v2\/posts"}],"about":[{"href":"https:\/\/insideamateurfussball-ffm.de\/index.php?rest_route=\/wp\/v2\/types\/post"}],"author":[{"embeddable":true,"href":"https:\/\/insideamateurfussball-ffm.de\/index.php?rest_route=\/wp\/v2\/users\/1"}],"replies":[{"embeddable":true,"href":"https:\/\/insideamateurfussball-ffm.de\/index.php?rest_route=%2Fwp%2Fv2%2Fcomments&post=4130"}],"version-history":[{"count":2,"href":"https:\/\/insideamateurfussball-ffm.de\/index.php?rest_route=\/wp\/v2\/posts\/4130\/revisions"}],"predecessor-version":[{"id":4136,"href":"https:\/\/insideamateurfussball-ffm.de\/index.php?rest_route=\/wp\/v2\/posts\/4130\/revisions\/4136"}],"wp:featuredmedia":[{"embeddable":true,"href":"https:\/\/insideamateurfussball-ffm.de\/index.php?rest_route=\/wp\/v2\/media\/4131"}],"wp:attachment":[{"href":"https:\/\/insideamateurfussball-ffm.de\/index.php?rest_route=%2Fwp%2Fv2%2Fmedia&parent=4130"}],"wp:term":[{"taxonomy":"category","embeddable":true,"href":"https:\/\/insideamateurfussball-ffm.de\/index.php?rest_route=%2Fwp%2Fv2%2Fcategories&post=4130"},{"taxonomy":"post_tag","embeddable":true,"href":"https:\/\/insideamateurfussball-ffm.de\/index.php?rest_route=%2Fwp%2Fv2%2Ftags&post=4130"}],"curies":[{"name":"wp","href":"https:\/\/api.w.org\/{rel}","templated":true}]}}