{"id":4127,"date":"2022-11-29T22:22:38","date_gmt":"2022-11-29T20:22:38","guid":{"rendered":"http:\/\/insideamateurfussball-ffm.de\/?p=4127"},"modified":"2025-01-14T11:13:35","modified_gmt":"2025-01-14T10:13:35","slug":"griesheim-nach-gluecklichem-sieg-wieder-dran","status":"publish","type":"post","link":"https:\/\/insideamateurfussball-ffm.de\/?p=4127","title":{"rendered":"Griesheim nach &#8222;gl\u00fccklichem Sieg&#8220; wieder dran"},"content":{"rendered":"<h6><span style=\"font-size: 20px;\">Die Spvgg. 02 Griesheim ist nach dem 2:0-Sieg gegen die Reserve der SG Bornheim\/Gr\u00fcn-Wei\u00df wieder im Rennen um Rang zwei. Der R\u00fcckstand auf die zweitplatzierten Bornheimer verk\u00fcrzte sich auf drei Punkte, n\u00e4chsten Sonntag k\u00f6nnen die Griesheimer mit einem Ausw\u00e4rtssieg an den Bornheimern vorbei ziehen. <\/span><\/h6>\n<figure id=\"attachment_4128\" aria-describedby=\"caption-attachment-4128\" style=\"width: 315px\" class=\"wp-caption aligncenter\"><img loading=\"lazy\" decoding=\"async\" class=\"wp-image-4128\" src=\"http:\/\/insideamateurfussball-ffm.de\/wp-content\/uploads\/2022\/11\/Griesheim02-300x225.jpg\" alt=\"\" width=\"315\" height=\"236\" srcset=\"https:\/\/insideamateurfussball-ffm.de\/wp-content\/uploads\/2022\/11\/Griesheim02-300x225.jpg 300w, https:\/\/insideamateurfussball-ffm.de\/wp-content\/uploads\/2022\/11\/Griesheim02-1024x768.jpg 1024w, https:\/\/insideamateurfussball-ffm.de\/wp-content\/uploads\/2022\/11\/Griesheim02-768x576.jpg 768w, https:\/\/insideamateurfussball-ffm.de\/wp-content\/uploads\/2022\/11\/Griesheim02.jpg 1440w\" sizes=\"auto, (max-width: 315px) 100vw, 315px\" \/><figcaption id=\"caption-attachment-4128\" class=\"wp-caption-text\"><strong>Auch die Spvgg. 02 Griesheim machte nach dem Spiel ein Teambild. Foto: Verein. <\/strong><\/figcaption><\/figure>\n<h6><span style=\"font-size: 20px;\">Spvgg. 02 Griesheim &#8211; SG Bornheim\/Gr\u00fcn-Wei\u00df II 2:0 (0:0)<\/span><\/h6>\n<p><img loading=\"lazy\" decoding=\"async\" class=\"alignnone size-full wp-image-14\" src=\"http:\/\/insideamateurfussball-ffm.de\/wp-content\/uploads\/2021\/11\/SpVgg._02_Griesheim_02.jpg\" alt=\"\" width=\"100\" height=\"100\" \/><img loading=\"lazy\" decoding=\"async\" class=\"alignnone size-full wp-image-119\" src=\"http:\/\/insideamateurfussball-ffm.de\/wp-content\/uploads\/2022\/05\/Bornheim.jpg\" alt=\"\" width=\"80\" height=\"80\" \/><\/p>\n<p><span style=\"font-size: 20px; color: #993300;\">Griesheims Trainer Marco Santonastaso sah Bornheim nur in der zweiten H\u00e4lfte &#8222;klar besser. Da\u00a0 hatten sie mehr Spielanteile und waren dem 1:1 n\u00e4her als wir dem 2:0. Wir haben am Ende mit Mann und Maus verteidigt.&#8220; Bornheims Trainer Lucas Milbredt hatte sein Team dagegen schon von Beginn an &#8222;sehr dominant&#8220; gesehen: &#8222;Wir haben das Spiel beherrscht und waren die bessere Mannschaft. Wir waren aber nicht in der Lage, aus unserer Vielzahl an Chancen ein Tor zu machen.&#8220; <\/span><\/p>\n<p><span style=\"font-size: 20px; color: #993300;\">Ali Hakemi hatte in der 23. Minute knapp am Griesheimer Tor vorbei gek\u00f6pft, im zweiten Abschnitt habe es in neun Minuten &#8222;drei Gro\u00dfchancen f\u00fcr uns gegeben&#8220;, wie Milbredt schilderte. In F\u00fchrung gingen aber die Gastgeber kurz nach der Pause durch einen Foulelfmeter, bei dem Milbredt zuvor kein Foul erkannt hatte: &#8222;Der Griesheimer Spieler ist ausgerutscht, der Pfiff war sehr fragw\u00fcrdig.&#8220;<\/span><\/p>\n<blockquote>\n<h6><span style=\"font-size: 20px;\">&#8222;Wir m\u00fcssen uns an die eigene Nase fassen und im R\u00fcckspiel effizienter werden&#8220; (Bornheims Trainer Lucas Milbredt).<\/span><\/h6>\n<\/blockquote>\n<p><span style=\"font-size: 20px; color: #993300;\">Zudem monierte Milbredt, dass der Schiedsrichter zwei Bornheimer Treffern die Anerkennung versagt habe, &#8222;einmal wegen Foul-, das andere wegen Handspiels. Ich habe hier zwei regul\u00e4re Tore gesehen.&#8220; In der Schlussphase wurde bei den Gastgebern &#8222;Oldtimer&#8220; Ibrahim Cigdem eingewechselt, der eigentlich Trainer beim Mitte-Verbandsligisten TuBa Pohlheim ist, aber mit seinem Team schon am Samstag beim VfL Biedenkopf 3:0 gewonnen hatte. <\/span><\/p>\n<p><span style=\"font-size: 20px; color: #993300;\">Sein Spielerpass liegt seit dieser Saison wieder bei den &#8222;Schleifern&#8220;, erstmals in dieser Saison konnte der St\u00fcrmer ab der 78. Minute aushelfen. &#8222;Ibo als routinierter St\u00fcrmer tat der Mannschaft gegen den guten Bornheimer Innenverteidiger Leonardo Kovacevic gut&#8220;, lobte Santonastaso. Nach einer Ecke konnten die G\u00e4ste dann nicht kl\u00e4ren und Deyan Kavuk traf zum 2:0 (84.). &#8222;Wir m\u00fcssen uns an die eigene Nase fassen und im R\u00fcckspiel effizienter werden. Der Vorteil ist, dass wir jetzt gesehen haben, wie Griesheim spielt&#8220;, so Milbredt.\u00a0<\/span><\/p>\n<h6><span style=\"font-size: 20px;\">Schiedsrichter: Cevat Kalyoncu (Hattersheim). Zuschauer: 54. <\/span><\/h6>\n<h6><span style=\"font-size: 20px;\">Tore: 1:0 Ante Peko (47.\/Foulelfmeter), 2:0 Deyan Kavuk (84.).<\/span><\/h6>\n","protected":false},"excerpt":{"rendered":"<p>Die Spvgg. 02 Griesheim ist nach dem 2:0-Sieg gegen die Reserve der SG Bornheim\/Gr\u00fcn-Wei\u00df wieder im Rennen um Rang zwei. Der R\u00fcckstand auf die zweitplatzierten Bornheimer verk\u00fcrzte sich auf drei Punkte, n\u00e4chsten Sonntag k\u00f6nnen die Griesheimer mit einem Ausw\u00e4rtssieg an den Bornheimern vorbei ziehen. Spvgg. 02 Griesheim &#8211; SG Bornheim\/Gr\u00fcn-Wei\u00df II 2:0 (0:0) Griesheims Trainer [&hellip;]<\/p>\n","protected":false},"author":1,"featured_media":4128,"comment_status":"open","ping_status":"open","sticky":false,"template":"","format":"standard","meta":{"footnotes":""},"categories":[2],"tags":[],"class_list":["post-4127","post","type-post","status-publish","format-standard","has-post-thumbnail","hentry","category-kreisoberliga-frankfurt"],"_links":{"self":[{"href":"https:\/\/insideamateurfussball-ffm.de\/index.php?rest_route=\/wp\/v2\/posts\/4127","targetHints":{"allow":["GET"]}}],"collection":[{"href":"https:\/\/insideamateurfussball-ffm.de\/index.php?rest_route=\/wp\/v2\/posts"}],"about":[{"href":"https:\/\/insideamateurfussball-ffm.de\/index.php?rest_route=\/wp\/v2\/types\/post"}],"author":[{"embeddable":true,"href":"https:\/\/insideamateurfussball-ffm.de\/index.php?rest_route=\/wp\/v2\/users\/1"}],"replies":[{"embeddable":true,"href":"https:\/\/insideamateurfussball-ffm.de\/index.php?rest_route=%2Fwp%2Fv2%2Fcomments&post=4127"}],"version-history":[{"count":3,"href":"https:\/\/insideamateurfussball-ffm.de\/index.php?rest_route=\/wp\/v2\/posts\/4127\/revisions"}],"predecessor-version":[{"id":4134,"href":"https:\/\/insideamateurfussball-ffm.de\/index.php?rest_route=\/wp\/v2\/posts\/4127\/revisions\/4134"}],"wp:featuredmedia":[{"embeddable":true,"href":"https:\/\/insideamateurfussball-ffm.de\/index.php?rest_route=\/wp\/v2\/media\/4128"}],"wp:attachment":[{"href":"https:\/\/insideamateurfussball-ffm.de\/index.php?rest_route=%2Fwp%2Fv2%2Fmedia&parent=4127"}],"wp:term":[{"taxonomy":"category","embeddable":true,"href":"https:\/\/insideamateurfussball-ffm.de\/index.php?rest_route=%2Fwp%2Fv2%2Fcategories&post=4127"},{"taxonomy":"post_tag","embeddable":true,"href":"https:\/\/insideamateurfussball-ffm.de\/index.php?rest_route=%2Fwp%2Fv2%2Ftags&post=4127"}],"curies":[{"name":"wp","href":"https:\/\/api.w.org\/{rel}","templated":true}]}}