{"id":4124,"date":"2022-11-29T21:37:12","date_gmt":"2022-11-29T19:37:12","guid":{"rendered":"http:\/\/insideamateurfussball-ffm.de\/?p=4124"},"modified":"2025-01-14T11:13:43","modified_gmt":"2025-01-14T10:13:43","slug":"tempo-marschiert-weiter-schon-13-punkte-vorsprung","status":"publish","type":"post","link":"https:\/\/insideamateurfussball-ffm.de\/?p=4124","title":{"rendered":"Tempo marschiert weiter: Schon 13 Punkte Vorsprung"},"content":{"rendered":"<h6><span style=\"font-size: 20px;\">Nach dem letzten Spieltag der Hinrunde marschiert der FC Tempo als Spitzenreiter der Kreisoberliga Frankfurt unaufhaltsam weiter Richtung Meisterschaft. Mittlerweile baute der serbische Fu\u00dfball-Club seinen Vorsprung an der Tabellenspitze auf 13 Punkte Vorsprung aus. Aber: Bei Gruppenliga-Absteiger SG Westend tat sich Tempo trotz langer \u00dcberzahl schwer, kam erst in der Schlussphase zum 2:1-Sieg, dem achten Sieg mit einem Tor Differenz!\u00a0<\/span><\/h6>\n<figure id=\"attachment_4125\" aria-describedby=\"caption-attachment-4125\" style=\"width: 315px\" class=\"wp-caption aligncenter\"><img loading=\"lazy\" decoding=\"async\" class=\"wp-image-4125\" src=\"http:\/\/insideamateurfussball-ffm.de\/wp-content\/uploads\/2022\/11\/Tempo99-300x200.jpg\" alt=\"\" width=\"315\" height=\"210\" srcset=\"https:\/\/insideamateurfussball-ffm.de\/wp-content\/uploads\/2022\/11\/Tempo99-300x200.jpg 300w, https:\/\/insideamateurfussball-ffm.de\/wp-content\/uploads\/2022\/11\/Tempo99-1024x683.jpg 1024w, https:\/\/insideamateurfussball-ffm.de\/wp-content\/uploads\/2022\/11\/Tempo99-768x512.jpg 768w, https:\/\/insideamateurfussball-ffm.de\/wp-content\/uploads\/2022\/11\/Tempo99-1536x1024.jpg 1536w, https:\/\/insideamateurfussball-ffm.de\/wp-content\/uploads\/2022\/11\/Tempo99.jpg 2048w\" sizes=\"auto, (max-width: 315px) 100vw, 315px\" \/><figcaption id=\"caption-attachment-4125\" class=\"wp-caption-text\"><strong>Der FC Tempo bleibt ungeschlagen, holte Sieg Nummer 13 in Folge. Foto: Verein. <\/strong><\/figcaption><\/figure>\n<h6><span style=\"font-size: 20px;\">SG Westend &#8211; FC Tempo 1:2 (0:1)<\/span><\/h6>\n<p><img loading=\"lazy\" decoding=\"async\" class=\"alignnone size-full wp-image-611\" src=\"http:\/\/insideamateurfussball-ffm.de\/wp-content\/uploads\/2022\/06\/Westend.png\" alt=\"\" width=\"69\" height=\"80\" \/><img loading=\"lazy\" decoding=\"async\" class=\"alignnone size-full wp-image-31\" src=\"http:\/\/insideamateurfussball-ffm.de\/wp-content\/uploads\/2021\/11\/Tempo.jpg\" alt=\"\" width=\"80\" height=\"80\" \/><\/p>\n<p><span style=\"font-size: 20px;\"><span style=\"color: #993300;\">Ohne Vereinspatron Esad Golos, der bei der WM in Katar als Fan der serbischen Nationalelf dabei ist, boten die Gastgeber dem Klassenprimus auf dem tiefen Rasenplatz Paroli. &#8222;Das war ein munteres Spiel, das zur Pause 3:3 oder 4:4 h\u00e4tte stehen k\u00f6nnen&#8220;, meinte Westends Sportlicher Leiter Thomas Horn. Allerdings schw\u00e4chte sich Westend mit einer &#8222;v\u00f6llig \u00fcberfl\u00fcssigen&#8220; (Horn) Roten Karte gegen Kapit\u00e4n Mirsen Mehmedovic selbst (31.). <\/span><\/span><\/p>\n<p><span style=\"font-size: 20px;\"><span style=\"color: #993300;\">Das nutzte der Tabellenf\u00fchrer zum F\u00fchrungstreffer durch St\u00fcrmer Goran Grijak (42.). Kurz nach der Pause nutzte Westend aber einen Abpraller von Tempo-Torh\u00fcter Zdravko Vasic durch Rejhan Poturovic zum Ausgleich (49.). Der zur Halbzeit ausgewechselte Spielertrainer Fuad Salihovic sah dann an der Seitenlinie wegen Beleidigung die Rote Karte (56.).<\/span><\/span><\/p>\n<blockquote>\n<h6><span style=\"font-size: 20px;\">&#8222;Am Ende haben wir verdient mit 2:1 gewonnen&#8220; (Tempos Sportlicher Leiter Zoran Marcetic).<\/span><\/h6>\n<\/blockquote>\n<p><span style=\"font-size: 20px;\"><span style=\"color: #993300;\">Westend war also weiter mit zehn Mann auf dem Platz und hielt das Spiel bis zum Ende offen. In der 85. Minute lie\u00df aber der ansonsten gut parierende Westend-Torh\u00fcter Edis Kurtanovic den Ball vor die F\u00fc\u00dfe Grijaks fallen, der zum Siegtor der G\u00e4ste einschob (85.). &#8222;Die Moral hat gestimmt, ein Unentschieden w\u00e4re gerecht gewesen&#8220;, meinte Horn. <\/span><\/span><\/p>\n<p><span style=\"font-size: 20px;\"><span style=\"color: #993300;\">Tempos Sportlicher Leiter Zoran Marcetic meinte: &#8222;Auf einem \u00e4u\u00dferst schwer bespielbaren Platz haben wir das Spiel unter Kontrolle gehabt, aber leider gab es das 1:1 durch einen Konter, wo der Ball am Tormann vorbei h\u00fcpft. Es sah lange nach einem Unentschieden aus, aber wir hatten viele Torchancen. Am Ende haben wir verdient mit 2:1 gewonnen.&#8220;\u00a0<\/span>\u00a0<\/span><\/p>\n<h6><span style=\"font-size: 20px;\">Schiedsrichter: Temel Akkan (Wiesbaden). Zuschauer: 60. <\/span><\/h6>\n<h6><span style=\"font-size: 20px;\">Tore: 0:1 Goran Grijak (42.), 1:1 Rejhan Poturovic (49.), 1:2 Goran Grijak (85.).\u00a0\u00a0<\/span><\/h6>\n","protected":false},"excerpt":{"rendered":"<p>Nach dem letzten Spieltag der Hinrunde marschiert der FC Tempo als Spitzenreiter der Kreisoberliga Frankfurt unaufhaltsam weiter Richtung Meisterschaft. Mittlerweile baute der serbische Fu\u00dfball-Club seinen Vorsprung an der Tabellenspitze auf 13 Punkte Vorsprung aus. Aber: Bei Gruppenliga-Absteiger SG Westend tat sich Tempo trotz langer \u00dcberzahl schwer, kam erst in der Schlussphase zum 2:1-Sieg, dem achten [&hellip;]<\/p>\n","protected":false},"author":1,"featured_media":4125,"comment_status":"open","ping_status":"open","sticky":false,"template":"","format":"standard","meta":{"footnotes":""},"categories":[2],"tags":[],"class_list":["post-4124","post","type-post","status-publish","format-standard","has-post-thumbnail","hentry","category-kreisoberliga-frankfurt"],"_links":{"self":[{"href":"https:\/\/insideamateurfussball-ffm.de\/index.php?rest_route=\/wp\/v2\/posts\/4124","targetHints":{"allow":["GET"]}}],"collection":[{"href":"https:\/\/insideamateurfussball-ffm.de\/index.php?rest_route=\/wp\/v2\/posts"}],"about":[{"href":"https:\/\/insideamateurfussball-ffm.de\/index.php?rest_route=\/wp\/v2\/types\/post"}],"author":[{"embeddable":true,"href":"https:\/\/insideamateurfussball-ffm.de\/index.php?rest_route=\/wp\/v2\/users\/1"}],"replies":[{"embeddable":true,"href":"https:\/\/insideamateurfussball-ffm.de\/index.php?rest_route=%2Fwp%2Fv2%2Fcomments&post=4124"}],"version-history":[{"count":1,"href":"https:\/\/insideamateurfussball-ffm.de\/index.php?rest_route=\/wp\/v2\/posts\/4124\/revisions"}],"predecessor-version":[{"id":4126,"href":"https:\/\/insideamateurfussball-ffm.de\/index.php?rest_route=\/wp\/v2\/posts\/4124\/revisions\/4126"}],"wp:featuredmedia":[{"embeddable":true,"href":"https:\/\/insideamateurfussball-ffm.de\/index.php?rest_route=\/wp\/v2\/media\/4125"}],"wp:attachment":[{"href":"https:\/\/insideamateurfussball-ffm.de\/index.php?rest_route=%2Fwp%2Fv2%2Fmedia&parent=4124"}],"wp:term":[{"taxonomy":"category","embeddable":true,"href":"https:\/\/insideamateurfussball-ffm.de\/index.php?rest_route=%2Fwp%2Fv2%2Fcategories&post=4124"},{"taxonomy":"post_tag","embeddable":true,"href":"https:\/\/insideamateurfussball-ffm.de\/index.php?rest_route=%2Fwp%2Fv2%2Ftags&post=4124"}],"curies":[{"name":"wp","href":"https:\/\/api.w.org\/{rel}","templated":true}]}}