{"id":4111,"date":"2022-11-29T18:59:55","date_gmt":"2022-11-29T16:59:55","guid":{"rendered":"http:\/\/insideamateurfussball-ffm.de\/?p=4111"},"modified":"2025-01-14T11:11:02","modified_gmt":"2025-01-14T10:11:02","slug":"croatia-spielerflucht-nach-trainerentlassung","status":"publish","type":"post","link":"https:\/\/insideamateurfussball-ffm.de\/?p=4111","title":{"rendered":"Croatia: Spielerflucht nach Trainerentlassung &#8211; Bonanno Interimscoach"},"content":{"rendered":"<h6><span style=\"font-size: 20px;\">Unerwartete Turbulenzen mit gravierenden Folgen vermeldet Kreisoberligist FC Croatia. Schon vor der 2:3-Heimniederlage gegen den SV Viktoria Preu\u00dfen (Spielbericht folgt) hat der Vorstand das Trainerduo Josip Zeravica\/Dino Bozinovic-Mador entlassen. Dies \u00fcberrascht insofern, als der Tabellenelfte bisher eine solide Runde spielte und bis vor wenigen Wochen noch im oberen Drittel stand.\u00a0<\/span><\/h6>\n<figure id=\"attachment_4112\" aria-describedby=\"caption-attachment-4112\" style=\"width: 236px\" class=\"wp-caption aligncenter\"><img loading=\"lazy\" decoding=\"async\" class=\"wp-image-4112\" src=\"http:\/\/insideamateurfussball-ffm.de\/wp-content\/uploads\/2022\/11\/Bonanno-225x300.jpg\" alt=\"\" width=\"236\" height=\"314\" srcset=\"https:\/\/insideamateurfussball-ffm.de\/wp-content\/uploads\/2022\/11\/Bonanno-225x300.jpg 225w, https:\/\/insideamateurfussball-ffm.de\/wp-content\/uploads\/2022\/11\/Bonanno-768x1024.jpg 768w, https:\/\/insideamateurfussball-ffm.de\/wp-content\/uploads\/2022\/11\/Bonanno-1152x1536.jpg 1152w, https:\/\/insideamateurfussball-ffm.de\/wp-content\/uploads\/2022\/11\/Bonanno.jpg 1536w\" sizes=\"auto, (max-width: 236px) 100vw, 236px\" \/><figcaption id=\"caption-attachment-4112\" class=\"wp-caption-text\"><strong>Antonino Bonanno ist ab sofort Interimstrainer beim FC Croatia. Foto: Verein. <\/strong><\/figcaption><\/figure>\n<p><img loading=\"lazy\" decoding=\"async\" class=\"alignnone size-full wp-image-29\" src=\"http:\/\/insideamateurfussball-ffm.de\/wp-content\/uploads\/2021\/11\/croatia.jpg\" alt=\"\" width=\"63\" height=\"80\" \/><\/p>\n<p><span style=\"font-size: 20px; color: #993300;\">Die Entlassung sei laut dem Sportlichen Leiter Stanislav Konta nicht nur mit den drei Niederlagen in Folge vor der Heimpleite gegen Viktoria Preu\u00dfen begr\u00fcndet, sondern es habe seit l\u00e4ngerem Unstimmigkeiten zwischen den Trainern und dem Vorstand des Clubs gegeben: &#8222;Es hat einfach nicht gepasst&#8220;, so Konta. Einhergehend mit der Entlassung stellte sich ein Solidarisierungseffekt ein, bis zu zehn Spieler seien nicht mehr bereit, das Croatia-Trikot \u00fcberzustreifen. <\/span><\/p>\n<p><span style=\"font-size: 20px; color: #993300;\">Schon gegen die Preu\u00dfen stand der bisherige Reservecoach Antonino Bonanno an der Seitenlinie und soll mindestens bis zur Winterpause die Erste Mannschaft trainieren. &#8222;Wir haben aktuell noch 16 Spieler, die mit Herz dabei sind. Nat\u00fcrlich sind die pl\u00f6tzlichen Abg\u00e4nge eine gro\u00dfe Schw\u00e4chung, aber man hat auch gesehen, wer zum Verein steht und wer nicht&#8220;, sagte Konta.<\/span><\/p>\n<blockquote>\n<h6><span style=\"font-size: 20px;\">&#8222;Jetzt haben nach meiner Rechnung sogar zw\u00f6lf Spieler Charakter gezeigt&#8220; (Ex-Croatia-Trainer Josip Zeravica).<\/span><\/h6>\n<\/blockquote>\n<p><span style=\"font-size: 20px; color: #993300;\">Er hat die Hoffnung, dass &#8222;vielleicht drei, vier M\u00e4nner es sich anders \u00fcberlegen und zur\u00fcckkommen.&#8220; Durch die mittlerweile vierte Niederlage in Folge geht der Blick nach unten, selbst wenn es nur zwei Absteiger geben sollte, hat Croatia nur noch vier Punkte auf Rang 15 Vorsprung, der in die Relegation f\u00fchren w\u00fcrde. Zeravica f\u00fchrte die Entscheidung, auf &#8222;schlechte Kommunikation seitens des Vorstandes&#8220; zur\u00fcck. <\/span><\/p>\n<p><span style=\"font-size: 20px; color: #993300;\">&#8222;Wir haben gegen das Topteam Tempo und die starken Aufsteiger Bornheim II und Harheim verloren, das waren von uns keine schlechten Spiele&#8220;, so Zeravica. Er habe die Mannschaft nach seiner R\u00fcckkehr zu Croatia mit Bozinovic-Mador nur auf Wunsch der Spieler \u00fcbernommen. &#8222;Jetzt haben nach meiner Rechnung sogar zw\u00f6lf Spieler Charakter gezeigt. Die ganze Entwicklung ist sehr bedauerlich, das hat aber der Vorstand zu verantworten&#8220;, so der in Mainz lebende Zeravica, f\u00fcr den eine dritte Amtsperiode bei Croatia &#8222;nicht denkbar ist.&#8220;\u00a0\u00a0<\/span><\/p>\n\n\n<figure class=\"wp-block-image size-full is-style-rounded\"><img loading=\"lazy\" decoding=\"async\" width=\"737\" height=\"650\" src=\"http:\/\/insideamateurfussball-ffm.de\/wp-content\/uploads\/2022\/11\/Zeravica.jpg\" alt=\"\" class=\"wp-image-4113\" srcset=\"https:\/\/insideamateurfussball-ffm.de\/wp-content\/uploads\/2022\/11\/Zeravica.jpg 737w, https:\/\/insideamateurfussball-ffm.de\/wp-content\/uploads\/2022\/11\/Zeravica-300x265.jpg 300w\" sizes=\"auto, (max-width: 737px) 100vw, 737px\" \/><figcaption class=\"wp-element-caption\">Wurden beim FC Croatia entlassen: Dino Bozinovic-Mador (links) und Josip Zeravica. Foto: Verein. <\/figcaption><\/figure>\n","protected":false},"excerpt":{"rendered":"<p>Unerwartete Turbulenzen mit gravierenden Folgen vermeldet Kreisoberligist FC Croatia. Schon vor der 2:3-Heimniederlage gegen den SV Viktoria Preu\u00dfen (Spielbericht folgt) hat der Vorstand das Trainerduo Josip Zeravica\/Dino Bozinovic-Mador entlassen. Dies \u00fcberrascht insofern, als der Tabellenelfte bisher eine solide Runde spielte und bis vor wenigen Wochen noch im oberen Drittel stand.\u00a0 Die Entlassung sei laut dem [&hellip;]<\/p>\n","protected":false},"author":1,"featured_media":4112,"comment_status":"open","ping_status":"open","sticky":false,"template":"","format":"standard","meta":{"footnotes":""},"categories":[2],"tags":[],"class_list":["post-4111","post","type-post","status-publish","format-standard","has-post-thumbnail","hentry","category-kreisoberliga-frankfurt"],"_links":{"self":[{"href":"https:\/\/insideamateurfussball-ffm.de\/index.php?rest_route=\/wp\/v2\/posts\/4111","targetHints":{"allow":["GET"]}}],"collection":[{"href":"https:\/\/insideamateurfussball-ffm.de\/index.php?rest_route=\/wp\/v2\/posts"}],"about":[{"href":"https:\/\/insideamateurfussball-ffm.de\/index.php?rest_route=\/wp\/v2\/types\/post"}],"author":[{"embeddable":true,"href":"https:\/\/insideamateurfussball-ffm.de\/index.php?rest_route=\/wp\/v2\/users\/1"}],"replies":[{"embeddable":true,"href":"https:\/\/insideamateurfussball-ffm.de\/index.php?rest_route=%2Fwp%2Fv2%2Fcomments&post=4111"}],"version-history":[{"count":2,"href":"https:\/\/insideamateurfussball-ffm.de\/index.php?rest_route=\/wp\/v2\/posts\/4111\/revisions"}],"predecessor-version":[{"id":4115,"href":"https:\/\/insideamateurfussball-ffm.de\/index.php?rest_route=\/wp\/v2\/posts\/4111\/revisions\/4115"}],"wp:featuredmedia":[{"embeddable":true,"href":"https:\/\/insideamateurfussball-ffm.de\/index.php?rest_route=\/wp\/v2\/media\/4112"}],"wp:attachment":[{"href":"https:\/\/insideamateurfussball-ffm.de\/index.php?rest_route=%2Fwp%2Fv2%2Fmedia&parent=4111"}],"wp:term":[{"taxonomy":"category","embeddable":true,"href":"https:\/\/insideamateurfussball-ffm.de\/index.php?rest_route=%2Fwp%2Fv2%2Fcategories&post=4111"},{"taxonomy":"post_tag","embeddable":true,"href":"https:\/\/insideamateurfussball-ffm.de\/index.php?rest_route=%2Fwp%2Fv2%2Ftags&post=4111"}],"curies":[{"name":"wp","href":"https:\/\/api.w.org\/{rel}","templated":true}]}}