{"id":4107,"date":"2022-11-29T00:05:09","date_gmt":"2022-11-28T22:05:09","guid":{"rendered":"http:\/\/insideamateurfussball-ffm.de\/?p=4107"},"modified":"2025-01-14T11:11:10","modified_gmt":"2025-01-14T10:11:10","slug":"ein-punkt-hilft-seckbach-wenig","status":"publish","type":"post","link":"https:\/\/insideamateurfussball-ffm.de\/?p=4107","title":{"rendered":"Ein Punkt hilft Seckbach wenig"},"content":{"rendered":"<h6><span style=\"font-size: 20px;\">Das 2:2 (1:1) gegen den SKV Beienheim hilft der FG Seckbach im Abstiegskampf der Gruppenliga Frankfurt West wenig weiter. Die abstiegsgef\u00e4hrdeten Seckbacher wendeten zumindest die drohende Heimniederlage ab, hatten aber in den letzten Minuten noch einiges an Abschlusspech. <\/span><\/h6>\n<figure id=\"attachment_4108\" aria-describedby=\"caption-attachment-4108\" style=\"width: 300px\" class=\"wp-caption aligncenter\"><img loading=\"lazy\" decoding=\"async\" class=\"wp-image-4108 size-medium\" src=\"http:\/\/insideamateurfussball-ffm.de\/wp-content\/uploads\/2022\/11\/beinh1-300x207.jpg\" alt=\"\" width=\"300\" height=\"207\" srcset=\"https:\/\/insideamateurfussball-ffm.de\/wp-content\/uploads\/2022\/11\/beinh1-300x207.jpg 300w, https:\/\/insideamateurfussball-ffm.de\/wp-content\/uploads\/2022\/11\/beinh1-768x529.jpg 768w, https:\/\/insideamateurfussball-ffm.de\/wp-content\/uploads\/2022\/11\/beinh1.jpg 945w\" sizes=\"auto, (max-width: 300px) 100vw, 300px\" \/><figcaption id=\"caption-attachment-4108\" class=\"wp-caption-text\"><strong>Der SKV Beienheim holte einen Punkt in Seckbach. Foto: Mithat G\u00fcrser.<\/strong><\/figcaption><\/figure>\n<h6><span style=\"font-size: 20px;\">FG Seckbach &#8211; SKV Beienheim 2:2 (1:1)<\/span><\/h6>\n<p><img loading=\"lazy\" decoding=\"async\" class=\"alignnone size-full wp-image-544\" src=\"http:\/\/insideamateurfussball-ffm.de\/wp-content\/uploads\/2022\/06\/Seckbach.jpg\" alt=\"\" width=\"80\" height=\"80\" \/><img loading=\"lazy\" decoding=\"async\" class=\"alignnone size-full wp-image-545\" src=\"http:\/\/insideamateurfussball-ffm.de\/wp-content\/uploads\/2022\/06\/SKV-Beienh.jpg\" alt=\"\" width=\"79\" height=\"80\" \/><\/p>\n<p><span style=\"color: #993300; font-size: 20px;\">Zwar \u00fcberholten die Seckbacher mit dem Remis die DJK Bad Homburg und sind jetzt Viertletzter, der Punkt war aber gegen die ebenfalls abstiegsgef\u00e4hrdeten Beienheimer zu wenig. Owen Hare erzielte die F\u00fchrung der G\u00e4ste (16.), die Raphael Sahl nach einem Eckball egalisierte (38.). Im zweiten Abschnitt schloss Beienheim einen Konter durch Steffen M\u00fcnk erfolgreich ab (66.). Neuzugang Hassan Taadou (SG Taunus, fr\u00fcher u.a. bei Viktoria Preu\u00dfen, Spvgg. Oberrad, Griesheim Tarik) gelang immerhin noch der Ausgleich (87.). &#8222;Danach hatten wir noch einige gute M\u00f6glichkeiten zum Siegtreffer, auch einen Pfostenschuss von Armin Denck. Da fehlt aber auch das Gl\u00fcck, dass so ein Ball mal reingeht&#8220;, haderte Seckbachs Spielertrainer Manuel May.<\/span><\/p>\n<h6><span style=\"font-size: 20px;\">Schiedsrichter: Simon Henninger (Sulzbach im Taunus). Zuschauer: 90. <\/span><\/h6>\n<h6><span style=\"font-size: 20px;\">Tore: 0:1 Owen Hare (16.), 1:1 Raphael Sahl (38.), 1:2 Steffen M\u00fcnk (66.), 2:2 Hassan Taadou (87.).\u00a0<\/span><\/h6>\n","protected":false},"excerpt":{"rendered":"<p>Das 2:2 (1:1) gegen den SKV Beienheim hilft der FG Seckbach im Abstiegskampf der Gruppenliga Frankfurt West wenig weiter. Die abstiegsgef\u00e4hrdeten Seckbacher wendeten zumindest die drohende Heimniederlage ab, hatten aber in den letzten Minuten noch einiges an Abschlusspech. FG Seckbach &#8211; SKV Beienheim 2:2 (1:1) Zwar \u00fcberholten die Seckbacher mit dem Remis die DJK Bad [&hellip;]<\/p>\n","protected":false},"author":1,"featured_media":4108,"comment_status":"open","ping_status":"open","sticky":false,"template":"","format":"standard","meta":{"footnotes":""},"categories":[13],"tags":[],"class_list":["post-4107","post","type-post","status-publish","format-standard","has-post-thumbnail","hentry","category-gruppenliga-frankfurt-west"],"_links":{"self":[{"href":"https:\/\/insideamateurfussball-ffm.de\/index.php?rest_route=\/wp\/v2\/posts\/4107","targetHints":{"allow":["GET"]}}],"collection":[{"href":"https:\/\/insideamateurfussball-ffm.de\/index.php?rest_route=\/wp\/v2\/posts"}],"about":[{"href":"https:\/\/insideamateurfussball-ffm.de\/index.php?rest_route=\/wp\/v2\/types\/post"}],"author":[{"embeddable":true,"href":"https:\/\/insideamateurfussball-ffm.de\/index.php?rest_route=\/wp\/v2\/users\/1"}],"replies":[{"embeddable":true,"href":"https:\/\/insideamateurfussball-ffm.de\/index.php?rest_route=%2Fwp%2Fv2%2Fcomments&post=4107"}],"version-history":[{"count":2,"href":"https:\/\/insideamateurfussball-ffm.de\/index.php?rest_route=\/wp\/v2\/posts\/4107\/revisions"}],"predecessor-version":[{"id":4110,"href":"https:\/\/insideamateurfussball-ffm.de\/index.php?rest_route=\/wp\/v2\/posts\/4107\/revisions\/4110"}],"wp:featuredmedia":[{"embeddable":true,"href":"https:\/\/insideamateurfussball-ffm.de\/index.php?rest_route=\/wp\/v2\/media\/4108"}],"wp:attachment":[{"href":"https:\/\/insideamateurfussball-ffm.de\/index.php?rest_route=%2Fwp%2Fv2%2Fmedia&parent=4107"}],"wp:term":[{"taxonomy":"category","embeddable":true,"href":"https:\/\/insideamateurfussball-ffm.de\/index.php?rest_route=%2Fwp%2Fv2%2Fcategories&post=4107"},{"taxonomy":"post_tag","embeddable":true,"href":"https:\/\/insideamateurfussball-ffm.de\/index.php?rest_route=%2Fwp%2Fv2%2Ftags&post=4107"}],"curies":[{"name":"wp","href":"https:\/\/api.w.org\/{rel}","templated":true}]}}