{"id":4100,"date":"2022-11-28T23:34:12","date_gmt":"2022-11-28T21:34:12","guid":{"rendered":"http:\/\/insideamateurfussball-ffm.de\/?p=4100"},"modified":"2025-01-10T14:54:42","modified_gmt":"2025-01-10T13:54:42","slug":"fechenheim-siegt-und-siegt-weiter","status":"publish","type":"post","link":"https:\/\/insideamateurfussball-ffm.de\/?p=4100","title":{"rendered":"Fechenheim siegt und siegt weiter"},"content":{"rendered":"<h6><span style=\"font-size: 20px;\">Die Spvgg. Fechenheim ist in der Gruppenliga Frankfurt West zum Jahresende kaum aufzuhalten. Mit dem 4:2 bei der Usinger TSG gelang den 03ern bereits der sechste Sieg in Folge. Vor dem Jahresabschluss im Derby gegen die FG Seckbach haben sich die Fechenheimer auf Rang f\u00fcnf festgesetzt.\u00a0<\/span><\/h6>\n<figure id=\"attachment_4101\" aria-describedby=\"caption-attachment-4101\" style=\"width: 315px\" class=\"wp-caption aligncenter\"><img loading=\"lazy\" decoding=\"async\" class=\"wp-image-4101\" src=\"http:\/\/insideamateurfussball-ffm.de\/wp-content\/uploads\/2022\/11\/Team-F-300x200.jpg\" alt=\"\" width=\"315\" height=\"210\" srcset=\"https:\/\/insideamateurfussball-ffm.de\/wp-content\/uploads\/2022\/11\/Team-F-300x200.jpg 300w, https:\/\/insideamateurfussball-ffm.de\/wp-content\/uploads\/2022\/11\/Team-F-1024x683.jpg 1024w, https:\/\/insideamateurfussball-ffm.de\/wp-content\/uploads\/2022\/11\/Team-F-768x512.jpg 768w, https:\/\/insideamateurfussball-ffm.de\/wp-content\/uploads\/2022\/11\/Team-F-1536x1024.jpg 1536w, https:\/\/insideamateurfussball-ffm.de\/wp-content\/uploads\/2022\/11\/Team-F.jpg 2048w\" sizes=\"auto, (max-width: 315px) 100vw, 315px\" \/><figcaption id=\"caption-attachment-4101\" class=\"wp-caption-text\"><strong>Die Spvgg. Fechenheim 2022\/23. Foto: Patrick Gawlik. <\/strong><\/figcaption><\/figure>\n<h6><span style=\"font-size: 20px;\">Usinger TSG &#8211; Spvgg. Fechenheim 2:4 (0:3)<\/span><\/h6>\n<p><img loading=\"lazy\" decoding=\"async\" class=\"alignnone size-full wp-image-597\" src=\"http:\/\/insideamateurfussball-ffm.de\/wp-content\/uploads\/2022\/06\/UTSG.jpg\" alt=\"\" width=\"72\" height=\"80\" \/><img loading=\"lazy\" decoding=\"async\" class=\"alignnone size-full wp-image-434\" src=\"http:\/\/insideamateurfussball-ffm.de\/wp-content\/uploads\/2022\/05\/Fech03.jpg\" alt=\"\" width=\"52\" height=\"80\" \/><\/p>\n<p><span style=\"font-size: 20px; color: #993300;\">Metehan Karakus spielte schon zu Beginn seine Schnelligkeit aus und brachte die Fechenheimer in F\u00fchrung (7.). Kevin Klein (35.) und Ouassim Ouass (40.) erh\u00f6hten vor dem Seitenwechsel. Nach Wiederbeginn agierten die G\u00e4ste laut ihres Vereinschefs Reinhold Schmidt &#8222;unkonzentriert und ein bisschen \u00fcberheblich gegen die k\u00f6rperlich robusten Usinger, gegen die wir relativ einfach 3:0 gef\u00fchrt hatten.&#8220; Fabio Pinto da Silva verk\u00fcrzte f\u00fcr die Hausherren (72.), dann war Karakus erneut nicht zu stoppen und stellte den alten Abstand wieder her (79.). Dem Usinger Pierre H\u00fcbsch gelang noch der Endstand (83.). &#8222;Das war ein flottes Spiel mit Chancen h\u00fcben wie dr\u00fcben. Unsere Serie wollen wir im Derby am Freitag gegen Seckbach ausbauen&#8220;, f\u00fcgte Schmidt hinzu.<\/span><\/p>\n<h6><span style=\"font-size: 20px;\">Schiedsrichter: Dominic Schleicher (Erbach\/Limburg). Zuschauer: 65. <\/span><\/h6>\n<h6><span style=\"font-size: 20px;\">Tore: 0:1 Metehan Karakus (7.), 0:2 Kevin Klein (35.), 0:3 Ouassim Ouass (40.), 1:3 Fabio Pinto da Silva (72.), 1:4 Metehan Karakus (79.), 2:4 Pierre H\u00fcbsch (83.).\u00a0<\/span><\/h6>\n","protected":false},"excerpt":{"rendered":"<p>Die Spvgg. Fechenheim ist in der Gruppenliga Frankfurt West zum Jahresende kaum aufzuhalten. Mit dem 4:2 bei der Usinger TSG gelang den 03ern bereits der sechste Sieg in Folge. Vor dem Jahresabschluss im Derby gegen die FG Seckbach haben sich die Fechenheimer auf Rang f\u00fcnf festgesetzt.\u00a0 Usinger TSG &#8211; Spvgg. Fechenheim 2:4 (0:3) Metehan Karakus [&hellip;]<\/p>\n","protected":false},"author":1,"featured_media":4101,"comment_status":"open","ping_status":"open","sticky":false,"template":"","format":"standard","meta":{"footnotes":""},"categories":[13],"tags":[],"class_list":["post-4100","post","type-post","status-publish","format-standard","has-post-thumbnail","hentry","category-gruppenliga-frankfurt-west"],"_links":{"self":[{"href":"https:\/\/insideamateurfussball-ffm.de\/index.php?rest_route=\/wp\/v2\/posts\/4100","targetHints":{"allow":["GET"]}}],"collection":[{"href":"https:\/\/insideamateurfussball-ffm.de\/index.php?rest_route=\/wp\/v2\/posts"}],"about":[{"href":"https:\/\/insideamateurfussball-ffm.de\/index.php?rest_route=\/wp\/v2\/types\/post"}],"author":[{"embeddable":true,"href":"https:\/\/insideamateurfussball-ffm.de\/index.php?rest_route=\/wp\/v2\/users\/1"}],"replies":[{"embeddable":true,"href":"https:\/\/insideamateurfussball-ffm.de\/index.php?rest_route=%2Fwp%2Fv2%2Fcomments&post=4100"}],"version-history":[{"count":1,"href":"https:\/\/insideamateurfussball-ffm.de\/index.php?rest_route=\/wp\/v2\/posts\/4100\/revisions"}],"predecessor-version":[{"id":4102,"href":"https:\/\/insideamateurfussball-ffm.de\/index.php?rest_route=\/wp\/v2\/posts\/4100\/revisions\/4102"}],"wp:featuredmedia":[{"embeddable":true,"href":"https:\/\/insideamateurfussball-ffm.de\/index.php?rest_route=\/wp\/v2\/media\/4101"}],"wp:attachment":[{"href":"https:\/\/insideamateurfussball-ffm.de\/index.php?rest_route=%2Fwp%2Fv2%2Fmedia&parent=4100"}],"wp:term":[{"taxonomy":"category","embeddable":true,"href":"https:\/\/insideamateurfussball-ffm.de\/index.php?rest_route=%2Fwp%2Fv2%2Fcategories&post=4100"},{"taxonomy":"post_tag","embeddable":true,"href":"https:\/\/insideamateurfussball-ffm.de\/index.php?rest_route=%2Fwp%2Fv2%2Ftags&post=4100"}],"curies":[{"name":"wp","href":"https:\/\/api.w.org\/{rel}","templated":true}]}}