{"id":4097,"date":"2022-11-28T23:19:30","date_gmt":"2022-11-28T21:19:30","guid":{"rendered":"http:\/\/insideamateurfussball-ffm.de\/?p=4097"},"modified":"2025-01-10T14:54:49","modified_gmt":"2025-01-10T13:54:49","slug":"lockerer-62-sieg-fuer-bosnien","status":"publish","type":"post","link":"https:\/\/insideamateurfussball-ffm.de\/?p=4097","title":{"rendered":"Lockerer 6:2-Sieg f\u00fcr Bosnien"},"content":{"rendered":"<h6><span style=\"font-size: 20px;\">Sechster Sieg in Folge f\u00fcr den SV BKC Bosnien, der Schlusslicht TSG Ober-W\u00f6llstadt in der Gruppenliga Frankfurt West mit 6:2 (2:1) besiegte. Am Mittwoch jedoch werden die Vorkommnisse des abgebrochenen Spiels beim FC Karben w\u00e4hrend einer Sitzung vor dem Verbandssportgericht verhandelt.\u00a0<\/span><\/h6>\n<figure id=\"attachment_4098\" aria-describedby=\"caption-attachment-4098\" style=\"width: 300px\" class=\"wp-caption aligncenter\"><img loading=\"lazy\" decoding=\"async\" class=\"wp-image-4098 size-medium\" src=\"http:\/\/insideamateurfussball-ffm.de\/wp-content\/uploads\/2022\/11\/bos25-300x221.jpg\" alt=\"\" width=\"300\" height=\"221\" srcset=\"https:\/\/insideamateurfussball-ffm.de\/wp-content\/uploads\/2022\/11\/bos25-300x221.jpg 300w, https:\/\/insideamateurfussball-ffm.de\/wp-content\/uploads\/2022\/11\/bos25-768x566.jpg 768w, https:\/\/insideamateurfussball-ffm.de\/wp-content\/uploads\/2022\/11\/bos25.jpg 939w\" sizes=\"auto, (max-width: 300px) 100vw, 300px\" \/><figcaption id=\"caption-attachment-4098\" class=\"wp-caption-text\"><strong>Ersan Rovcanin fehlte gegen Ober-W\u00f6llstadt. Foto: Mithat G\u00fcrser. <\/strong><\/figcaption><\/figure>\n<h6><span style=\"font-size: 20px;\">SV BKC Bosnien &#8211; TSG Ober-W\u00f6llstadt 6:2 (2:1)<\/span><\/h6>\n<p><img loading=\"lazy\" decoding=\"async\" class=\"alignnone size-full wp-image-139\" src=\"http:\/\/insideamateurfussball-ffm.de\/wp-content\/uploads\/2022\/05\/Bosnien.jpg\" alt=\"\" width=\"79\" height=\"80\" \/><img loading=\"lazy\" decoding=\"async\" class=\"alignnone size-full wp-image-1216\" src=\"http:\/\/insideamateurfussball-ffm.de\/wp-content\/uploads\/2022\/07\/TSG-OW.jpg\" alt=\"\" width=\"70\" height=\"80\" \/><\/p>\n<p><span style=\"font-size: 20px; color: #993300;\">Schiedsrichter Paul Wenzek (Darmstadt) pfiff vier Elfmeter, zwei auf jeder Seite. Der Tabellenletzte verwandelte den ersten Strafsto\u00df durch Nouh El Maimouni (13.). Die Bosnier zeigten sich davon unbeeindruckt und bestimmten das Spiel. Hamza Reko erzielte den Ausgleich (22.), dann brachte Adis Hasecic per Foulelfmeter die Gastgeber nach vorne (35.). Nach dem Seitenwechsel erh\u00f6hten Bakir Hota (62.), Reko (67.) und Matej Rugle (70.) auf 5:1, ehe Safet Mujkic vom Elfmeterpunkt TSG-Torwart Nils Kitler nicht \u00fcberwinden konnte (73.). Luca Hannemann hatte kurz davor per Foulelfmeter verk\u00fcrzt (71.). Den Schlusspunkt setzte Hasecic zum 6:2-Endstand (77.). &#8222;Wie hatten das Spiel trotz des R\u00fcckstandes im Griff. Es war ein lockerer Sieg&#8220;, meinte BKC-Pressesprecher Admir Malohodzic.<\/span><\/p>\n<h6><span style=\"font-size: 20px;\">Schiedsrichter: Paul Wenzek (Darmstadt). Zuschauer: 50. <\/span><\/h6>\n<h6><span style=\"font-size: 20px;\">Tore: 0:1 Noah El Maimouni (13.\/Foulelfmeter), 1:1 Hamza Reko (22.), 2:1 Adis Hasecic (35.\/Foulelfmeter), 3:1 Bakir Hota (62.), 4:1 Hamza Reko (67.), 5:1 Matej Rugle (70.), 5:2 Luca Hagemann (71.\/Foulelfmeter), 6:2 Adis Hasecic (77.).\u00a0\u00a0<\/span><\/h6>\n","protected":false},"excerpt":{"rendered":"<p>Sechster Sieg in Folge f\u00fcr den SV BKC Bosnien, der Schlusslicht TSG Ober-W\u00f6llstadt in der Gruppenliga Frankfurt West mit 6:2 (2:1) besiegte. Am Mittwoch jedoch werden die Vorkommnisse des abgebrochenen Spiels beim FC Karben w\u00e4hrend einer Sitzung vor dem Verbandssportgericht verhandelt.\u00a0 SV BKC Bosnien &#8211; TSG Ober-W\u00f6llstadt 6:2 (2:1) Schiedsrichter Paul Wenzek (Darmstadt) pfiff vier [&hellip;]<\/p>\n","protected":false},"author":1,"featured_media":4098,"comment_status":"open","ping_status":"open","sticky":false,"template":"","format":"standard","meta":{"footnotes":""},"categories":[13],"tags":[],"class_list":["post-4097","post","type-post","status-publish","format-standard","has-post-thumbnail","hentry","category-gruppenliga-frankfurt-west"],"_links":{"self":[{"href":"https:\/\/insideamateurfussball-ffm.de\/index.php?rest_route=\/wp\/v2\/posts\/4097","targetHints":{"allow":["GET"]}}],"collection":[{"href":"https:\/\/insideamateurfussball-ffm.de\/index.php?rest_route=\/wp\/v2\/posts"}],"about":[{"href":"https:\/\/insideamateurfussball-ffm.de\/index.php?rest_route=\/wp\/v2\/types\/post"}],"author":[{"embeddable":true,"href":"https:\/\/insideamateurfussball-ffm.de\/index.php?rest_route=\/wp\/v2\/users\/1"}],"replies":[{"embeddable":true,"href":"https:\/\/insideamateurfussball-ffm.de\/index.php?rest_route=%2Fwp%2Fv2%2Fcomments&post=4097"}],"version-history":[{"count":1,"href":"https:\/\/insideamateurfussball-ffm.de\/index.php?rest_route=\/wp\/v2\/posts\/4097\/revisions"}],"predecessor-version":[{"id":4099,"href":"https:\/\/insideamateurfussball-ffm.de\/index.php?rest_route=\/wp\/v2\/posts\/4097\/revisions\/4099"}],"wp:featuredmedia":[{"embeddable":true,"href":"https:\/\/insideamateurfussball-ffm.de\/index.php?rest_route=\/wp\/v2\/media\/4098"}],"wp:attachment":[{"href":"https:\/\/insideamateurfussball-ffm.de\/index.php?rest_route=%2Fwp%2Fv2%2Fmedia&parent=4097"}],"wp:term":[{"taxonomy":"category","embeddable":true,"href":"https:\/\/insideamateurfussball-ffm.de\/index.php?rest_route=%2Fwp%2Fv2%2Fcategories&post=4097"},{"taxonomy":"post_tag","embeddable":true,"href":"https:\/\/insideamateurfussball-ffm.de\/index.php?rest_route=%2Fwp%2Fv2%2Ftags&post=4097"}],"curies":[{"name":"wp","href":"https:\/\/api.w.org\/{rel}","templated":true}]}}