{"id":4048,"date":"2022-11-28T21:25:36","date_gmt":"2022-11-28T19:25:36","guid":{"rendered":"http:\/\/insideamateurfussball-ffm.de\/?p=4048"},"modified":"2025-01-10T14:55:14","modified_gmt":"2025-01-10T13:55:14","slug":"zeilsheim-sechs-spiele-in-folge-ungeschlagen","status":"publish","type":"post","link":"https:\/\/insideamateurfussball-ffm.de\/?p=4048","title":{"rendered":"Zeilsheim sechs Spiele in Folge ungeschlagen"},"content":{"rendered":"<h6><span style=\"font-size: 20px;\">Der SV Zeilsheim besiegte am Sonntag in der Verbandsliga Mitte die SG Walluf mit 5:2 (3:1) und verbesserte sich auf den dritten Tabellenrang. Die Mannschaft von Trainer Max Martin ist damit seit sechs Spielen ungeschlagen und \u00fcberholte den Konkurrenten aus dem Rheingau im Klassement. Der Club aus dem Frankfurter Westen schielt weiter auf Rang zwei, der mit dem FC Ederbergland nur f\u00fcnf Punkte entfernt ist.\u00a0<\/span><\/h6>\n<figure id=\"attachment_4049\" aria-describedby=\"caption-attachment-4049\" style=\"width: 205px\" class=\"wp-caption aligncenter\"><img loading=\"lazy\" decoding=\"async\" class=\"wp-image-4049 size-medium\" src=\"http:\/\/insideamateurfussball-ffm.de\/wp-content\/uploads\/2022\/11\/19-Samed-Guersoy-steuerte-3-Tore-zum-5-2-Sieg-des-SV-ueber-Wallluf-bei-205x300.jpg\" alt=\"\" width=\"205\" height=\"300\" srcset=\"https:\/\/insideamateurfussball-ffm.de\/wp-content\/uploads\/2022\/11\/19-Samed-Guersoy-steuerte-3-Tore-zum-5-2-Sieg-des-SV-ueber-Wallluf-bei-205x300.jpg 205w, https:\/\/insideamateurfussball-ffm.de\/wp-content\/uploads\/2022\/11\/19-Samed-Guersoy-steuerte-3-Tore-zum-5-2-Sieg-des-SV-ueber-Wallluf-bei.jpg 512w\" sizes=\"auto, (max-width: 205px) 100vw, 205px\" \/><figcaption id=\"caption-attachment-4049\" class=\"wp-caption-text\"><strong>Torj\u00e4ger Adussamed G\u00fcrsoy vom SV Zeilsheim. Foto: Peter Strauch. <\/strong><\/figcaption><\/figure>\n<h6><span style=\"font-size: 20px;\">SV Zeilsheim &#8211; SG Walluf 5:2 (3:1)<\/span><\/h6>\n<h6><span style=\"font-size: 20px;\"><img loading=\"lazy\" decoding=\"async\" class=\"alignnone size-full wp-image-1153\" src=\"http:\/\/insideamateurfussball-ffm.de\/wp-content\/uploads\/2022\/07\/SVZe.jpg\" alt=\"\" width=\"68\" height=\"80\" \/><img loading=\"lazy\" decoding=\"async\" class=\"alignnone size-full wp-image-4050\" src=\"http:\/\/insideamateurfussball-ffm.de\/wp-content\/uploads\/2022\/11\/walluf.jpg\" alt=\"\" width=\"80\" height=\"80\" \/><\/span><\/h6>\n<p><span style=\"color: #993300;\"><span style=\"font-size: 20px;\">Sehr erfolgreich agiert der SV Zeilsheim in den letzten Wochen und <\/span><span style=\"font-size: 20px;\">katapultiert die Mannschaft auf Platz 3. Im Spitzenspiel des Wochenendes schlugen die <\/span><span style=\"font-size: 20px;\">Zeilsheimer den Tabellendritten Walluf verdient mit 5:2. Es war ein temporeiches Spiel <\/span><span style=\"font-size: 20px;\">gegen einen Gegner, der sich nie aufgab und dem SV lange das Leben schwer machte. <\/span><\/span><\/p>\n<p><span style=\"color: #993300;\"><span style=\"font-size: 20px;\">Den <\/span><span style=\"font-size: 20px;\">Torreigen er\u00f6ffnete Jonatan Tesfaldet (16.), der aus 20 Metern beherzt abzog und G\u00e4stetorh\u00fcter <\/span><span style=\"font-size: 20px;\">Tim Burghold \u00fcberwand. Doch die G\u00e4ste aus dem Rheingau hatten nur wenig sp\u00e4ter eine <\/span><span style=\"font-size: 20px;\">Antwort parat. Wallufs Torj\u00e4ger Nils Balder glich zum 1:1 aus (22.).<\/span><\/span><\/p>\n<h6><span style=\"font-size: 20px;\">N\u00e4chstes Ausw\u00e4rtsspiel beim SC Waldgirmes II<\/span><\/h6>\n<p><span style=\"color: #993300;\"><span style=\"font-size: 20px;\">Dann kam die gro\u00dfe <\/span><span style=\"font-size: 20px;\">Stunde von Zeilsheims Goalgetter Abdussamed G\u00fcrsoy. Mit seinem 17. Saisontreffer erzielte <\/span><span style=\"font-size: 20px;\">er die erneute F\u00fchrung (25.) und mit Treffer 18 gar die beruhigende F\u00fchrung zum 3:1 (37.). <\/span><span style=\"font-size: 20px;\">Doch die G\u00e4ste steckten nicht auf. Erneut Balder (65.) brachte die SGW wieder ins Spiel. <\/span><\/span><\/p>\n<p><span style=\"color: #993300;\"><span style=\"font-size: 20px;\">Der SV hatte eine paar Schrecksekunden zu \u00fcberstehen, ehe der beste Akteur auf dem <\/span><span style=\"font-size: 20px;\">Platz G\u00fcrsoy den n\u00e4chsten Treffer zum 4:2 durch Leon Wronski (84.) vorbereitete. Das <\/span><span style=\"font-size: 20px;\">5:2 (90.\/+1) erzielte er selbst und kr\u00f6nte damit seine \u00fcberragende Leistung. Am kommenden <\/span><span style=\"font-size: 20px;\">Sonntag reist der SV zum SC Waldgirmes II, um die Niederlage aus dem Hinspiel auszumerzen.<\/span><\/span><\/p>\n<h6><span style=\"font-size: 20px;\">Schiedsrichter: Tim Wiesner (SV 07 Heddernheim). Tore: 1:0 Jonatan Tesfaldet (16.), 1:1 Nils Balder (22.), 2:1, 3:1 Abdussamed G\u00fcrsoy (25.\/37.), 3:2 Nils Balder (62.), 4:2 Leon Wronski (84.), 5:2 Abdussamed G\u00fcrsoy (90.\/+1).<\/span><\/h6>\n","protected":false},"excerpt":{"rendered":"<p>Der SV Zeilsheim besiegte am Sonntag in der Verbandsliga Mitte die SG Walluf mit 5:2 (3:1) und verbesserte sich auf den dritten Tabellenrang. Die Mannschaft von Trainer Max Martin ist damit seit sechs Spielen ungeschlagen und \u00fcberholte den Konkurrenten aus dem Rheingau im Klassement. Der Club aus dem Frankfurter Westen schielt weiter auf Rang zwei, [&hellip;]<\/p>\n","protected":false},"author":1,"featured_media":4049,"comment_status":"open","ping_status":"open","sticky":false,"template":"","format":"standard","meta":{"footnotes":""},"categories":[32],"tags":[],"class_list":["post-4048","post","type-post","status-publish","format-standard","has-post-thumbnail","hentry","category-verbandsliga-mitte"],"_links":{"self":[{"href":"https:\/\/insideamateurfussball-ffm.de\/index.php?rest_route=\/wp\/v2\/posts\/4048","targetHints":{"allow":["GET"]}}],"collection":[{"href":"https:\/\/insideamateurfussball-ffm.de\/index.php?rest_route=\/wp\/v2\/posts"}],"about":[{"href":"https:\/\/insideamateurfussball-ffm.de\/index.php?rest_route=\/wp\/v2\/types\/post"}],"author":[{"embeddable":true,"href":"https:\/\/insideamateurfussball-ffm.de\/index.php?rest_route=\/wp\/v2\/users\/1"}],"replies":[{"embeddable":true,"href":"https:\/\/insideamateurfussball-ffm.de\/index.php?rest_route=%2Fwp%2Fv2%2Fcomments&post=4048"}],"version-history":[{"count":1,"href":"https:\/\/insideamateurfussball-ffm.de\/index.php?rest_route=\/wp\/v2\/posts\/4048\/revisions"}],"predecessor-version":[{"id":4051,"href":"https:\/\/insideamateurfussball-ffm.de\/index.php?rest_route=\/wp\/v2\/posts\/4048\/revisions\/4051"}],"wp:featuredmedia":[{"embeddable":true,"href":"https:\/\/insideamateurfussball-ffm.de\/index.php?rest_route=\/wp\/v2\/media\/4049"}],"wp:attachment":[{"href":"https:\/\/insideamateurfussball-ffm.de\/index.php?rest_route=%2Fwp%2Fv2%2Fmedia&parent=4048"}],"wp:term":[{"taxonomy":"category","embeddable":true,"href":"https:\/\/insideamateurfussball-ffm.de\/index.php?rest_route=%2Fwp%2Fv2%2Fcategories&post=4048"},{"taxonomy":"post_tag","embeddable":true,"href":"https:\/\/insideamateurfussball-ffm.de\/index.php?rest_route=%2Fwp%2Fv2%2Ftags&post=4048"}],"curies":[{"name":"wp","href":"https:\/\/api.w.org\/{rel}","templated":true}]}}