{"id":4027,"date":"2022-11-27T01:47:17","date_gmt":"2022-11-26T23:47:17","guid":{"rendered":"http:\/\/insideamateurfussball-ffm.de\/?p=4027"},"modified":"2025-01-10T14:55:34","modified_gmt":"2025-01-10T13:55:34","slug":"kein-stadtderby-in-bad-vilbel","status":"publish","type":"post","link":"https:\/\/insideamateurfussball-ffm.de\/?p=4027","title":{"rendered":"Kein Stadtderby in Bad Vilbel"},"content":{"rendered":"<h6><span style=\"font-size: 20px;\">Das mit Spannung erwartete Bad Vilbeler Stadtderby zwischen dem FV Bad Vilbel und dem SC Dortelweil konnte am Freitagabend nicht stattfinden. Die Partie der Verbandsliga S\u00fcd wurde wie bef\u00fcrchtet wegen Unbespielbarkeit des Rasenplatzes am Niddasportfeld abgesagt. Ein neuer Termin steht noch nicht fest.\u00a0<\/span><\/h6>\n<figure id=\"attachment_4028\" aria-describedby=\"caption-attachment-4028\" style=\"width: 315px\" class=\"wp-caption aligncenter\"><img loading=\"lazy\" decoding=\"async\" class=\"wp-image-4028\" src=\"http:\/\/insideamateurfussball-ffm.de\/wp-content\/uploads\/2022\/11\/Niddas-300x225.jpg\" alt=\"\" width=\"315\" height=\"236\" srcset=\"https:\/\/insideamateurfussball-ffm.de\/wp-content\/uploads\/2022\/11\/Niddas-300x225.jpg 300w, https:\/\/insideamateurfussball-ffm.de\/wp-content\/uploads\/2022\/11\/Niddas-1024x768.jpg 1024w, https:\/\/insideamateurfussball-ffm.de\/wp-content\/uploads\/2022\/11\/Niddas-768x576.jpg 768w, https:\/\/insideamateurfussball-ffm.de\/wp-content\/uploads\/2022\/11\/Niddas-1536x1152.jpg 1536w, https:\/\/insideamateurfussball-ffm.de\/wp-content\/uploads\/2022\/11\/Niddas.jpg 2048w\" sizes=\"auto, (max-width: 315px) 100vw, 315px\" \/><figcaption id=\"caption-attachment-4028\" class=\"wp-caption-text\"><strong>Das Niddasportfeld war am Freitagabend nicht bespielbar. Foto: PA.<\/strong><\/figcaption><\/figure>\n<h6><span style=\"font-size: 20px;\">FV Bad Vilbel &#8211; SC Dortelweil abgesagt\u00a0<\/span><\/h6>\n<p><img loading=\"lazy\" decoding=\"async\" class=\"alignnone size-full wp-image-146\" src=\"http:\/\/insideamateurfussball-ffm.de\/wp-content\/uploads\/2022\/05\/FV-Bad-Vilbel.jpg\" alt=\"\" width=\"80\" height=\"80\" \/><img loading=\"lazy\" decoding=\"async\" class=\"alignnone size-full wp-image-435\" src=\"http:\/\/insideamateurfussball-ffm.de\/wp-content\/uploads\/2022\/05\/Dortelweil.jpg\" alt=\"\" width=\"80\" height=\"80\" \/><\/p>\n<p><span style=\"font-size: 20px; color: #993300;\">Die Stadt Bad Vilbel hatte schon seit letzter Woche s\u00e4mtliche Rasenpl\u00e4tze im Stadtgebiet gesperrt. Am Freitagvormittag sollte eine Kommission der Stadt den Rasen in Augenschein nehmen und fiel dann eine negative Entscheidung. &#8222;F\u00f6rderlich war der ergiebige Regen am Mittwochabend sicherlich nicht. Der Platz ist sehr feucht und tief&#8220;, erkl\u00e4rte FV-Sprecher Jan Werner schon im Vorfeld. Erstmals seit neun Jahren spielen Bad Vilbel und Dortelweil gemeinsam in einer Spielklasse, von daher w\u00e4re das Duell der Nachbarn durchaus interessant gewesen. Nachdem die Vilbeler meist eine, in den letzten vier Jahren sogar zwei Klassen h\u00f6her als der SCD gespielt haben, hatten sich die Kr\u00e4fteverh\u00e4ltnisse in der Brunnenstadt zumindest aktuell etwas verschoben. <\/span><\/p>\n<p><span style=\"font-size: 20px; color: #993300;\">Dortelweil gewann das Hinspiel mit 2:0 und spielte dann eine wesentlich bessere Hinrunde als der Hessenliga-Absteiger. Der Aufsteiger w\u00e4re mit neun Punkten mehr und auf Rang f\u00fcnf stehend neun Pl\u00e4tze \u00fcber dem Kontrahenten an das Niddasportfeld gekommen. Die Gastgeber stehen weiter trotz einer positiven Tordifferenz in der Abstiegszone und wollten sich laut Werner &#8222;f\u00fcr die Hinspielniederlage revanchieren. Dortelweil hat aber eine eingespielte Truppe, vor der wir uns nicht verstecken m\u00fcssen. Wichtig sind f\u00fcr uns die drei Punkte, um von unten weg zu kommen.&#8220; Eine besondere Rivalit\u00e4t gibt es zwischen den beiden Clubs nicht, dazu ist man sich in den vergangenen Jahrzehnten zu wenig begegnet.<\/span><\/p>\n<blockquote>\n<h6><span style=\"font-size: 20px;\">&#8222;Es w\u00e4re historisch, wenn wir in der Endabrechnung mal vor Bad Vilbel landen k\u00f6nnten (Dortelweils Co-Trainer Stefan Geppert)<\/span><\/h6>\n<\/blockquote>\n<p><span style=\"font-size: 20px; color: #993300;\">Au\u00dfer einigen Testspielen sowie einer Begegnung im Kreispokal gingen die beiden gr\u00fcn-wei\u00dfen Clubs getrennte Wege. Dennoch h\u00e4tten sich die Anh\u00e4nger der G\u00e4ste f\u00fcr das Stadtderby eine besondere Aktion ausgedacht, wie Dortelweils Co-Trainer Stefan Geppert im Vorbericht am Donnerstagabend ank\u00fcndigte: &#8222;Es ist ein Fanmarsch organisiert worden. Dieser soll von der Untergasse die drei Kilometer an der Nidda entlang bis zum Niddasportfeld f\u00fchren.&#8220; Wie viele sich an der Aktion beteiligt h\u00e4tten, blieb unklar, aber nicht nur deswegen w\u00e4re mit einer h\u00f6heren Zuschauerresonanz als sonst in Bad Vilbel gerechnet worden. Geppert wollte die Favoritenrolle &#8222;aufgrund der guten Ergebnisse der Vilbeler gegen die Topmannschaften&#8220; an die Heimelf abschieben. &#8222;Dennoch m\u00f6chten wir gewinnen, da es auch um das Prestige geht. Es w\u00e4re historisch, wenn wir in der Endabrechnung mal vor Bad Vilbel landen k\u00f6nnten.&#8220; <\/span><\/p>\n<p><span style=\"font-size: 20px; color: #993300;\">Das Ziel der G\u00e4ste bis zur Winterpause sei es, &#8222;im oberen Drittel zu bleiben.&#8220; Zahlreiche Spieler wie Torh\u00fcter Yannick R\u00fchl, Nando Pr\u00f6ckl, Marvin Strenger oder Dennis Geh liefen in den letzten Jahren f\u00fcr den Nachbarn auf, man kennt sich und sch\u00e4tzt sich untereinander. In beiden Teams gab es unter der Woche Krankmeldungen aufgrund der grassierenden Grippewelle, insofern w\u00e4ren beide Clubs nicht in Bestbesetzung antreten. FV-Trainer Amir Mustafic w\u00e4re aber trotz seines Platzverweises in Wald-Michelbach wieder an der Seitenlinie gestanden, denn er erhielt keine Sperre, sondern nur eine Geldstrafe. Aufgeschoben ist aber bekanntlich nicht aufgehoben, sehr wahrscheinlich geht das Duell der beiden gr\u00fcn-wei\u00dfen Vereine aber erst in 2023 \u00fcber die B\u00fchne.\u00a0<\/span><\/p>\n","protected":false},"excerpt":{"rendered":"<p>Das mit Spannung erwartete Bad Vilbeler Stadtderby zwischen dem FV Bad Vilbel und dem SC Dortelweil konnte am Freitagabend nicht stattfinden. Die Partie der Verbandsliga S\u00fcd wurde wie bef\u00fcrchtet wegen Unbespielbarkeit des Rasenplatzes am Niddasportfeld abgesagt. Ein neuer Termin steht noch nicht fest.\u00a0 FV Bad Vilbel &#8211; SC Dortelweil abgesagt\u00a0 Die Stadt Bad Vilbel hatte [&hellip;]<\/p>\n","protected":false},"author":1,"featured_media":4028,"comment_status":"open","ping_status":"open","sticky":false,"template":"","format":"standard","meta":{"footnotes":""},"categories":[10],"tags":[],"class_list":["post-4027","post","type-post","status-publish","format-standard","has-post-thumbnail","hentry","category-verbandsliga-sued"],"_links":{"self":[{"href":"https:\/\/insideamateurfussball-ffm.de\/index.php?rest_route=\/wp\/v2\/posts\/4027","targetHints":{"allow":["GET"]}}],"collection":[{"href":"https:\/\/insideamateurfussball-ffm.de\/index.php?rest_route=\/wp\/v2\/posts"}],"about":[{"href":"https:\/\/insideamateurfussball-ffm.de\/index.php?rest_route=\/wp\/v2\/types\/post"}],"author":[{"embeddable":true,"href":"https:\/\/insideamateurfussball-ffm.de\/index.php?rest_route=\/wp\/v2\/users\/1"}],"replies":[{"embeddable":true,"href":"https:\/\/insideamateurfussball-ffm.de\/index.php?rest_route=%2Fwp%2Fv2%2Fcomments&post=4027"}],"version-history":[{"count":1,"href":"https:\/\/insideamateurfussball-ffm.de\/index.php?rest_route=\/wp\/v2\/posts\/4027\/revisions"}],"predecessor-version":[{"id":4029,"href":"https:\/\/insideamateurfussball-ffm.de\/index.php?rest_route=\/wp\/v2\/posts\/4027\/revisions\/4029"}],"wp:featuredmedia":[{"embeddable":true,"href":"https:\/\/insideamateurfussball-ffm.de\/index.php?rest_route=\/wp\/v2\/media\/4028"}],"wp:attachment":[{"href":"https:\/\/insideamateurfussball-ffm.de\/index.php?rest_route=%2Fwp%2Fv2%2Fmedia&parent=4027"}],"wp:term":[{"taxonomy":"category","embeddable":true,"href":"https:\/\/insideamateurfussball-ffm.de\/index.php?rest_route=%2Fwp%2Fv2%2Fcategories&post=4027"},{"taxonomy":"post_tag","embeddable":true,"href":"https:\/\/insideamateurfussball-ffm.de\/index.php?rest_route=%2Fwp%2Fv2%2Ftags&post=4027"}],"curies":[{"name":"wp","href":"https:\/\/api.w.org\/{rel}","templated":true}]}}