{"id":4022,"date":"2022-11-27T01:12:29","date_gmt":"2022-11-26T23:12:29","guid":{"rendered":"http:\/\/insideamateurfussball-ffm.de\/?p=4022"},"modified":"2025-01-10T14:55:40","modified_gmt":"2025-01-10T13:55:40","slug":"seckbach-rutscht-auf-drittletzten-rang-ab","status":"publish","type":"post","link":"https:\/\/insideamateurfussball-ffm.de\/?p=4022","title":{"rendered":"Seckbach rutscht auf drittletzten Rang ab"},"content":{"rendered":"<h6><span style=\"font-size: 20px;\">Die Situation der FG Seckbach in der Gruppenliga Frankfurt West hat sich nach der 2:3-Niederlage im Nachholspiel bei der DJK Bad Homburg verschlechtert. Die FGS musste den direkten Konkurrenten an sich vorbei ziehen lassen und fiel auf den drittletzten Rang zur\u00fcck. Im elften Gruppenliga-Jahr in Folge droht der Abstieg in die Kreisoberliga Frankfurt.\u00a0<\/span><\/h6>\n<figure id=\"attachment_4023\" aria-describedby=\"caption-attachment-4023\" style=\"width: 315px\" class=\"wp-caption aligncenter\"><img loading=\"lazy\" decoding=\"async\" class=\"wp-image-4023\" src=\"http:\/\/insideamateurfussball-ffm.de\/wp-content\/uploads\/2022\/11\/kalbachvsseckbach-40-300x200.jpg\" alt=\"\" width=\"315\" height=\"210\" srcset=\"https:\/\/insideamateurfussball-ffm.de\/wp-content\/uploads\/2022\/11\/kalbachvsseckbach-40-300x200.jpg 300w, https:\/\/insideamateurfussball-ffm.de\/wp-content\/uploads\/2022\/11\/kalbachvsseckbach-40-1024x683.jpg 1024w, https:\/\/insideamateurfussball-ffm.de\/wp-content\/uploads\/2022\/11\/kalbachvsseckbach-40-768x512.jpg 768w, https:\/\/insideamateurfussball-ffm.de\/wp-content\/uploads\/2022\/11\/kalbachvsseckbach-40-1536x1024.jpg 1536w, https:\/\/insideamateurfussball-ffm.de\/wp-content\/uploads\/2022\/11\/kalbachvsseckbach-40-2048x1366.jpg 2048w\" sizes=\"auto, (max-width: 315px) 100vw, 315px\" \/><figcaption id=\"caption-attachment-4023\" class=\"wp-caption-text\"><strong>Seckbachs Kapit\u00e4n Milad Wardak steckt mit seinem Team in der Abstiegszone. Archivfoto: Anzzo Sports.<\/strong><\/figcaption><\/figure>\n<h6><span style=\"font-size: 20px;\">DJK Bad Homburg &#8211; FG Seckbach 3:2 (0:1)<\/span><\/h6>\n<p><img loading=\"lazy\" decoding=\"async\" class=\"alignnone size-full wp-image-423\" src=\"http:\/\/insideamateurfussball-ffm.de\/wp-content\/uploads\/2022\/05\/DJK-Bad-Homburg.jpg\" alt=\"\" width=\"68\" height=\"80\" \/><img loading=\"lazy\" decoding=\"async\" class=\"alignnone size-full wp-image-544\" src=\"http:\/\/insideamateurfussball-ffm.de\/wp-content\/uploads\/2022\/06\/Seckbach.jpg\" alt=\"\" width=\"80\" height=\"80\" \/><\/p>\n<p><span style=\"color: #993300;\"><span style=\"font-size: 20px;\">Nachdem<\/span> <span style=\"font-size: 20px;\">die Begegnung zw\u00f6lf Tage zuvor wegen starken Nebels abgesagt worden war, wurde diesmal am Kunstrasenplatz am Wiesenborn angepfiffen. Diesmal ganz ohne Nebel, daf\u00fcr aber zeitweise mit str\u00f6mendem Regen, der sich dann doch legte. Seckbach f\u00fchrte zur Pause durch ein kurioses Eigentor der Gastgeber, der namentlich nicht bekannte Schiedsrichter schrieb den Treffer aber G\u00e4steakteur Ali Reza Chasebi Mamoori zu (18.). <\/span><\/span><\/p>\n<p><span style=\"color: #993300; font-size: 20px;\">Doch die ebenfalls stark abstiegsgef\u00e4hrdeten Bad Homburger drehten im zweiten Abschnitt auf, kamen mit Imran Barkok zum Ausgleich (57.) und gingen mit Abdelrahman El-Saba (64.) sogar in F\u00fchrung. Routinier Jonas Scheitza glich umgehend aus (65.), doch in der Schlussphase sicherte sich die DJK mit sehr viel Einsatz dank des Siegtreffers von Julian Marc Paul (78.) den Siegtreffer. &#8222;Unverdient war es aufgrund der individuellen Fehler nicht&#8220;, haderte Spielertrainer Manuel May.<\/span><\/p>\n<blockquote>\n<h6><span style=\"font-size: 20px;\">&#8222;Ich will gegen Beienheim eine gute k\u00e4mpferische Leistung sehen&#8220; (Seckbachs Spielertrainer Manuel May)<\/span><\/h6>\n<\/blockquote>\n<p><span style=\"color: #993300; font-size: 20px;\">Vor dem Heimspiel am Sonntag gegen den Tabellenelften SKV Beienheim gelte es, &#8222;alle Kr\u00e4fte zu mobilisieren. Allerdings wird unsere Liste der kranken und verletzten Spieler immer l\u00e4nger.&#8220; Deswegen gelte es, jetzt &#8222;irgendwie Punkte zu holen, sei es \u00fcber den Kampf oder den Willen. Wir d\u00fcrfen den Abstand zum rettenden Ufer nicht noch gr\u00f6\u00dfer werden lassen&#8220;, unterstreicht May. Die G\u00e4ste aus dem Reichelsheimer Ortsteil sch\u00e4tzt der Seckbacher Spielertrainer trotz der durchwachsenen Hinrunde als stark ein, &#8222;denn Beienheim war Dritter in der Vorsaison und der Kader hat sich nicht stark ver\u00e4ndert.&#8220; <\/span><\/p>\n<p><span style=\"color: #993300; font-size: 20px;\">Von einem Sieg im Vorfeld zu reden, sei in der jetzigen Situation schwierig: &#8222;Ich will eine gute k\u00e4mpferische Leistung sehen, denn in Bad Homburg war das in dieser Hinsicht zu wenig&#8220;, meint May, der die Trainingseinheit am Freitagabend absagen musste.<\/span><\/p>\n<h6><span style=\"font-size: 20px;\">Schiedsrichter: K.A. Zuschauer: 32. <\/span><\/h6>\n<h6><span style=\"font-size: 20px;\">Tore: 0:1 Ali Reza Chasebi Mamoori (18.), 1:1 Imran Barkok (57.), 2:1 Abdelrahman El-Saba (64.), 2:2 Jonas Scheitza (65.), 3:2 Julian Marc Paul (78.).\u00a0<\/span><\/h6>\n","protected":false},"excerpt":{"rendered":"<p>Die Situation der FG Seckbach in der Gruppenliga Frankfurt West hat sich nach der 2:3-Niederlage im Nachholspiel bei der DJK Bad Homburg verschlechtert. Die FGS musste den direkten Konkurrenten an sich vorbei ziehen lassen und fiel auf den drittletzten Rang zur\u00fcck. Im elften Gruppenliga-Jahr in Folge droht der Abstieg in die Kreisoberliga Frankfurt.\u00a0 DJK Bad [&hellip;]<\/p>\n","protected":false},"author":1,"featured_media":4023,"comment_status":"open","ping_status":"open","sticky":false,"template":"","format":"standard","meta":{"footnotes":""},"categories":[13],"tags":[],"class_list":["post-4022","post","type-post","status-publish","format-standard","has-post-thumbnail","hentry","category-gruppenliga-frankfurt-west"],"_links":{"self":[{"href":"https:\/\/insideamateurfussball-ffm.de\/index.php?rest_route=\/wp\/v2\/posts\/4022","targetHints":{"allow":["GET"]}}],"collection":[{"href":"https:\/\/insideamateurfussball-ffm.de\/index.php?rest_route=\/wp\/v2\/posts"}],"about":[{"href":"https:\/\/insideamateurfussball-ffm.de\/index.php?rest_route=\/wp\/v2\/types\/post"}],"author":[{"embeddable":true,"href":"https:\/\/insideamateurfussball-ffm.de\/index.php?rest_route=\/wp\/v2\/users\/1"}],"replies":[{"embeddable":true,"href":"https:\/\/insideamateurfussball-ffm.de\/index.php?rest_route=%2Fwp%2Fv2%2Fcomments&post=4022"}],"version-history":[{"count":3,"href":"https:\/\/insideamateurfussball-ffm.de\/index.php?rest_route=\/wp\/v2\/posts\/4022\/revisions"}],"predecessor-version":[{"id":4026,"href":"https:\/\/insideamateurfussball-ffm.de\/index.php?rest_route=\/wp\/v2\/posts\/4022\/revisions\/4026"}],"wp:featuredmedia":[{"embeddable":true,"href":"https:\/\/insideamateurfussball-ffm.de\/index.php?rest_route=\/wp\/v2\/media\/4023"}],"wp:attachment":[{"href":"https:\/\/insideamateurfussball-ffm.de\/index.php?rest_route=%2Fwp%2Fv2%2Fmedia&parent=4022"}],"wp:term":[{"taxonomy":"category","embeddable":true,"href":"https:\/\/insideamateurfussball-ffm.de\/index.php?rest_route=%2Fwp%2Fv2%2Fcategories&post=4022"},{"taxonomy":"post_tag","embeddable":true,"href":"https:\/\/insideamateurfussball-ffm.de\/index.php?rest_route=%2Fwp%2Fv2%2Ftags&post=4022"}],"curies":[{"name":"wp","href":"https:\/\/api.w.org\/{rel}","templated":true}]}}