{"id":3992,"date":"2022-11-23T00:12:19","date_gmt":"2022-11-22T22:12:19","guid":{"rendered":"http:\/\/insideamateurfussball-ffm.de\/?p=3992"},"modified":"2025-01-10T14:56:00","modified_gmt":"2025-01-10T13:56:00","slug":"tempo-gewinnt-balkan-derby-und-zieht-davon","status":"publish","type":"post","link":"https:\/\/insideamateurfussball-ffm.de\/?p=3992","title":{"rendered":"Tempo gewinnt Balkan-Derby und zieht davon"},"content":{"rendered":"<h4>Der FC Tempo lie\u00df sich auch im Balkan-Derby nicht stoppen, besiegte den FC Croatia mit 4:1 (1:0) und bleibt ungeschlagen an der Tabellenspitze. Auf zehn Punkte Vorsprung baute der serbische Fu\u00dfball-Club seinen Vorsprung mittlerweile aus. Die Mannschaft von Trainer Denis Milanovic steuert weiter auf die Meisterschaft und den damit verbundenen Direktaufstieg in die Gruppenliga Frankfurt West zu.\u00a0<\/h4>\n<figure id=\"attachment_3993\" aria-describedby=\"caption-attachment-3993\" style=\"width: 309px\" class=\"wp-caption alignnone\"><img loading=\"lazy\" decoding=\"async\" class=\"wp-image-3993\" src=\"http:\/\/insideamateurfussball-ffm.de\/wp-content\/uploads\/2022\/11\/temo9-300x223.jpg\" alt=\"\" width=\"309\" height=\"230\" srcset=\"https:\/\/insideamateurfussball-ffm.de\/wp-content\/uploads\/2022\/11\/temo9-300x223.jpg 300w, https:\/\/insideamateurfussball-ffm.de\/wp-content\/uploads\/2022\/11\/temo9-768x571.jpg 768w, https:\/\/insideamateurfussball-ffm.de\/wp-content\/uploads\/2022\/11\/temo9.jpg 931w\" sizes=\"auto, (max-width: 309px) 100vw, 309px\" \/><figcaption id=\"caption-attachment-3993\" class=\"wp-caption-text\"><strong>Strafraumszene im Balkan-Derby: Auff\u00e4llig viele Tempo-Spieler liefen mit Schnurrbart auf. Hintergrund war eine Wette. Foto: Mithat G\u00fcrser. <\/strong><\/figcaption><\/figure>\n<h4>FC Tempo &#8211; FC Croatia 4:1 (1:0)<\/h4>\n<p><img loading=\"lazy\" decoding=\"async\" class=\"alignnone size-full wp-image-31\" src=\"http:\/\/insideamateurfussball-ffm.de\/wp-content\/uploads\/2021\/11\/Tempo.jpg\" alt=\"\" width=\"80\" height=\"80\" \/><img loading=\"lazy\" decoding=\"async\" class=\"alignnone size-full wp-image-29\" src=\"http:\/\/insideamateurfussball-ffm.de\/wp-content\/uploads\/2021\/11\/croatia.jpg\" alt=\"\" width=\"63\" height=\"80\" \/><\/p>\n<p><span style=\"color: #008000;\">Tempo zog das Spiel durch Erfahrung und Qualit\u00e4t schnell an sich. Boban Dokic sorgte f\u00fcr die schnelle F\u00fchrung (10.), die Dokic nach dem Pausentee ausbaute. Croatia hielt gut mit und verk\u00fcrzte durch Ronald Korac (69.), doch Danilo Markovic (75.) und Stefan Pajic (79.) untermauerten die Ausnahmestellung Tempos in der Kreisoberliga. <\/span><\/p>\n<p><span style=\"color: #008000;\">&#8222;Wir haben guten Fu\u00dfball gespielt und verdient gewonnen. Von der ersten Minute an hatten wir das Spiel im Griff. Serben und Kroaten trugen das Spiel friedlich und ohne Vorkommnisse aus&#8220;, betonte Tempos Sportlicher Leiter Zoran Marcetic und erg\u00e4nzte: &#8222;Wir haben noch drei Spiele bis zur Winterpause und dann schauen wir wo wir stehen.&#8220;<\/span><\/p>\n<blockquote>\n<h4>&#8222;Wir waren auch gut, aber Tempo hatte sehr gute Einzelspieler, die f\u00fcr die Liga zu stark sind.&#8220; (Croatias Sportlicher Leiter Stanislav Konta).<\/h4>\n<\/blockquote>\n<p><span style=\"color: #008000;\">Mit Sicherheit auf Rang eins, denn der ist bei zehn Punkten Vorsprung zur Winterpause garantiert. Mit beiden Spielen gegen die SG Westend und dem R\u00fcckspiel beim FC Croatia besteht sogar die M\u00f6glichkeit, den Vorsprung in der Tabelle weiter auszubauen. Auf Seiten der G\u00e4ste sagte der Sportliche Leiter Stanislav Konta: &#8222;Das war ein sehr gutes Derby und Tempo hat verdient 4:1 gewonnen. Wir waren auch gut, aber Tempo hatte sehr gute Einzelspieler, die f\u00fcr die Liga zu stark sind. Es war ein faires Derby.&#8220; <\/span><\/p>\n<p><span style=\"color: #008000;\">Croatia hat nun zweimal Viktoria Preu\u00dfen vor der Brust, vor Weihnachten wird im R\u00fcckspiel gegen Tempo noch ein volles Haus erwartet. Beide Vereine feierten hinterher noch stundenlang bei Essen, Trinken und Musik im neuen Tempo-Container zusammen. &#8222;Es hat sich eine gute Freundschaft entwickelt. Das ist toll f\u00fcr den Fu\u00dfball&#8220;, sagte Marcetic.\u00a0 \u00a0<\/span> \u00a0<\/p>\n<h4>Schiedsrichter: K.A. Zuschauer: 280.<\/h4>\n<h4>Tore: 1:0, 2:0 Boban Dokic (10.\/56.), 2:1 Ronald Korac (69.), 3:1 Danilo Markovic (75.), 4:1 Stefan Pajic (79.).\u00a0<\/h4>\n<p>Bildergalerie: Mithat G\u00fcrser.\u00a0<\/p>\n\n\n<figure class=\"wp-block-gallery has-nested-images columns-default is-cropped wp-block-gallery-1 is-layout-flex wp-block-gallery-is-layout-flex\">\n<figure class=\"wp-block-image size-large is-style-rounded\"><img loading=\"lazy\" decoding=\"async\" width=\"1024\" height=\"681\" data-id=\"3994\" src=\"http:\/\/insideamateurfussball-ffm.de\/wp-content\/uploads\/2022\/11\/temp5-1024x681.jpg\" alt=\"\" class=\"wp-image-3994\" srcset=\"https:\/\/insideamateurfussball-ffm.de\/wp-content\/uploads\/2022\/11\/temp5-1024x681.jpg 1024w, https:\/\/insideamateurfussball-ffm.de\/wp-content\/uploads\/2022\/11\/temp5-300x200.jpg 300w, https:\/\/insideamateurfussball-ffm.de\/wp-content\/uploads\/2022\/11\/temp5-768x511.jpg 768w, https:\/\/insideamateurfussball-ffm.de\/wp-content\/uploads\/2022\/11\/temp5.jpg 1040w\" sizes=\"auto, (max-width: 1024px) 100vw, 1024px\" \/><\/figure>\n<\/figure>\n\n\n\n<figure class=\"wp-block-gallery has-nested-images columns-default is-cropped wp-block-gallery-2 is-layout-flex wp-block-gallery-is-layout-flex\">\n<figure class=\"wp-block-image size-large is-style-rounded\"><img loading=\"lazy\" decoding=\"async\" width=\"976\" height=\"692\" data-id=\"3995\" src=\"http:\/\/insideamateurfussball-ffm.de\/wp-content\/uploads\/2022\/11\/temp9.jpg\" alt=\"\" class=\"wp-image-3995\" srcset=\"https:\/\/insideamateurfussball-ffm.de\/wp-content\/uploads\/2022\/11\/temp9.jpg 976w, https:\/\/insideamateurfussball-ffm.de\/wp-content\/uploads\/2022\/11\/temp9-300x213.jpg 300w, https:\/\/insideamateurfussball-ffm.de\/wp-content\/uploads\/2022\/11\/temp9-768x545.jpg 768w\" sizes=\"auto, (max-width: 976px) 100vw, 976px\" \/><\/figure>\n<\/figure>\n\n\n\n<figure class=\"wp-block-gallery has-nested-images columns-default is-cropped wp-block-gallery-3 is-layout-flex wp-block-gallery-is-layout-flex\">\n<figure class=\"wp-block-image size-large is-style-rounded\"><img loading=\"lazy\" decoding=\"async\" width=\"1009\" height=\"692\" data-id=\"3996\" src=\"http:\/\/insideamateurfussball-ffm.de\/wp-content\/uploads\/2022\/11\/temp13.jpg\" alt=\"\" class=\"wp-image-3996\" srcset=\"https:\/\/insideamateurfussball-ffm.de\/wp-content\/uploads\/2022\/11\/temp13.jpg 1009w, https:\/\/insideamateurfussball-ffm.de\/wp-content\/uploads\/2022\/11\/temp13-300x206.jpg 300w, https:\/\/insideamateurfussball-ffm.de\/wp-content\/uploads\/2022\/11\/temp13-768x527.jpg 768w\" sizes=\"auto, (max-width: 1009px) 100vw, 1009px\" \/><\/figure>\n<\/figure>\n\n\n\n<figure class=\"wp-block-gallery has-nested-images columns-default is-cropped wp-block-gallery-4 is-layout-flex wp-block-gallery-is-layout-flex\">\n<figure class=\"wp-block-image size-large is-style-rounded\"><img loading=\"lazy\" decoding=\"async\" width=\"997\" height=\"692\" data-id=\"3997\" src=\"http:\/\/insideamateurfussball-ffm.de\/wp-content\/uploads\/2022\/11\/tem2-1.jpg\" alt=\"\" class=\"wp-image-3997\" srcset=\"https:\/\/insideamateurfussball-ffm.de\/wp-content\/uploads\/2022\/11\/tem2-1.jpg 997w, https:\/\/insideamateurfussball-ffm.de\/wp-content\/uploads\/2022\/11\/tem2-1-300x208.jpg 300w, https:\/\/insideamateurfussball-ffm.de\/wp-content\/uploads\/2022\/11\/tem2-1-768x533.jpg 768w\" sizes=\"auto, (max-width: 997px) 100vw, 997px\" \/><\/figure>\n<\/figure>\n\n\n\n<figure class=\"wp-block-gallery has-nested-images columns-default is-cropped wp-block-gallery-5 is-layout-flex wp-block-gallery-is-layout-flex\">\n<figure class=\"wp-block-image size-large is-style-rounded\"><img loading=\"lazy\" decoding=\"async\" width=\"942\" height=\"692\" data-id=\"3998\" src=\"http:\/\/insideamateurfussball-ffm.de\/wp-content\/uploads\/2022\/11\/temp3.jpg\" alt=\"\" class=\"wp-image-3998\" srcset=\"https:\/\/insideamateurfussball-ffm.de\/wp-content\/uploads\/2022\/11\/temp3.jpg 942w, https:\/\/insideamateurfussball-ffm.de\/wp-content\/uploads\/2022\/11\/temp3-300x220.jpg 300w, https:\/\/insideamateurfussball-ffm.de\/wp-content\/uploads\/2022\/11\/temp3-768x564.jpg 768w\" sizes=\"auto, (max-width: 942px) 100vw, 942px\" \/><\/figure>\n<\/figure>\n\n\n\n<figure class=\"wp-block-gallery has-nested-images columns-default is-cropped wp-block-gallery-6 is-layout-flex wp-block-gallery-is-layout-flex\">\n<figure class=\"wp-block-image size-large is-style-rounded\"><img loading=\"lazy\" decoding=\"async\" width=\"986\" height=\"692\" data-id=\"3999\" src=\"http:\/\/insideamateurfussball-ffm.de\/wp-content\/uploads\/2022\/11\/temp7.jpg\" alt=\"\" class=\"wp-image-3999\" srcset=\"https:\/\/insideamateurfussball-ffm.de\/wp-content\/uploads\/2022\/11\/temp7.jpg 986w, https:\/\/insideamateurfussball-ffm.de\/wp-content\/uploads\/2022\/11\/temp7-300x211.jpg 300w, https:\/\/insideamateurfussball-ffm.de\/wp-content\/uploads\/2022\/11\/temp7-768x539.jpg 768w\" sizes=\"auto, (max-width: 986px) 100vw, 986px\" \/><\/figure>\n<\/figure>\n\n\n\n<figure class=\"wp-block-gallery has-nested-images columns-default is-cropped wp-block-gallery-7 is-layout-flex wp-block-gallery-is-layout-flex\">\n<figure class=\"wp-block-image size-large is-style-rounded\"><img loading=\"lazy\" decoding=\"async\" width=\"1024\" height=\"681\" data-id=\"4000\" src=\"http:\/\/insideamateurfussball-ffm.de\/wp-content\/uploads\/2022\/11\/temp11-1024x681.jpg\" alt=\"\" class=\"wp-image-4000\" srcset=\"https:\/\/insideamateurfussball-ffm.de\/wp-content\/uploads\/2022\/11\/temp11-1024x681.jpg 1024w, https:\/\/insideamateurfussball-ffm.de\/wp-content\/uploads\/2022\/11\/temp11-300x200.jpg 300w, https:\/\/insideamateurfussball-ffm.de\/wp-content\/uploads\/2022\/11\/temp11-768x511.jpg 768w, https:\/\/insideamateurfussball-ffm.de\/wp-content\/uploads\/2022\/11\/temp11.jpg 1040w\" sizes=\"auto, (max-width: 1024px) 100vw, 1024px\" \/><\/figure>\n<\/figure>\n\n\n\n<figure class=\"wp-block-gallery has-nested-images columns-default is-cropped wp-block-gallery-8 is-layout-flex wp-block-gallery-is-layout-flex\">\n<figure class=\"wp-block-image size-large is-style-rounded\"><img loading=\"lazy\" decoding=\"async\" width=\"931\" height=\"692\" data-id=\"4001\" src=\"http:\/\/insideamateurfussball-ffm.de\/wp-content\/uploads\/2022\/11\/temp15.jpg\" alt=\"\" class=\"wp-image-4001\" srcset=\"https:\/\/insideamateurfussball-ffm.de\/wp-content\/uploads\/2022\/11\/temp15.jpg 931w, https:\/\/insideamateurfussball-ffm.de\/wp-content\/uploads\/2022\/11\/temp15-300x223.jpg 300w, https:\/\/insideamateurfussball-ffm.de\/wp-content\/uploads\/2022\/11\/temp15-768x571.jpg 768w\" sizes=\"auto, (max-width: 931px) 100vw, 931px\" \/><\/figure>\n<\/figure>\n\n\n\n<figure class=\"wp-block-gallery has-nested-images columns-default is-cropped wp-block-gallery-9 is-layout-flex wp-block-gallery-is-layout-flex\">\n<figure class=\"wp-block-image size-large is-style-rounded\"><img loading=\"lazy\" decoding=\"async\" width=\"971\" height=\"692\" data-id=\"4002\" src=\"http:\/\/insideamateurfussball-ffm.de\/wp-content\/uploads\/2022\/11\/temo11.jpg\" alt=\"\" class=\"wp-image-4002\" srcset=\"https:\/\/insideamateurfussball-ffm.de\/wp-content\/uploads\/2022\/11\/temo11.jpg 971w, https:\/\/insideamateurfussball-ffm.de\/wp-content\/uploads\/2022\/11\/temo11-300x214.jpg 300w, https:\/\/insideamateurfussball-ffm.de\/wp-content\/uploads\/2022\/11\/temo11-768x547.jpg 768w\" sizes=\"auto, (max-width: 971px) 100vw, 971px\" \/><\/figure>\n<\/figure>\n\n\n\n<figure class=\"wp-block-gallery has-nested-images columns-default is-cropped wp-block-gallery-10 is-layout-flex wp-block-gallery-is-layout-flex\">\n<figure class=\"wp-block-image size-large is-style-rounded\"><img loading=\"lazy\" decoding=\"async\" width=\"940\" height=\"692\" data-id=\"4003\" src=\"http:\/\/insideamateurfussball-ffm.de\/wp-content\/uploads\/2022\/11\/temp6.jpg\" alt=\"\" class=\"wp-image-4003\" srcset=\"https:\/\/insideamateurfussball-ffm.de\/wp-content\/uploads\/2022\/11\/temp6.jpg 940w, https:\/\/insideamateurfussball-ffm.de\/wp-content\/uploads\/2022\/11\/temp6-300x221.jpg 300w, https:\/\/insideamateurfussball-ffm.de\/wp-content\/uploads\/2022\/11\/temp6-768x565.jpg 768w\" sizes=\"auto, (max-width: 940px) 100vw, 940px\" \/><\/figure>\n<\/figure>\n\n\n\n<figure class=\"wp-block-gallery has-nested-images columns-default is-cropped wp-block-gallery-11 is-layout-flex wp-block-gallery-is-layout-flex\">\n<figure class=\"wp-block-image size-large is-style-rounded\"><img loading=\"lazy\" decoding=\"async\" width=\"996\" height=\"692\" data-id=\"4004\" src=\"http:\/\/insideamateurfussball-ffm.de\/wp-content\/uploads\/2022\/11\/temp10.jpg\" alt=\"\" class=\"wp-image-4004\" srcset=\"https:\/\/insideamateurfussball-ffm.de\/wp-content\/uploads\/2022\/11\/temp10.jpg 996w, https:\/\/insideamateurfussball-ffm.de\/wp-content\/uploads\/2022\/11\/temp10-300x208.jpg 300w, https:\/\/insideamateurfussball-ffm.de\/wp-content\/uploads\/2022\/11\/temp10-768x534.jpg 768w\" sizes=\"auto, (max-width: 996px) 100vw, 996px\" \/><\/figure>\n<\/figure>\n\n\n\n<figure class=\"wp-block-gallery has-nested-images columns-default is-cropped wp-block-gallery-12 is-layout-flex wp-block-gallery-is-layout-flex\">\n<figure class=\"wp-block-image size-large is-style-rounded\"><img loading=\"lazy\" decoding=\"async\" width=\"1024\" height=\"678\" data-id=\"4005\" src=\"http:\/\/insideamateurfussball-ffm.de\/wp-content\/uploads\/2022\/11\/temp14-1024x678.jpg\" alt=\"\" class=\"wp-image-4005\" srcset=\"https:\/\/insideamateurfussball-ffm.de\/wp-content\/uploads\/2022\/11\/temp14-1024x678.jpg 1024w, https:\/\/insideamateurfussball-ffm.de\/wp-content\/uploads\/2022\/11\/temp14-300x199.jpg 300w, https:\/\/insideamateurfussball-ffm.de\/wp-content\/uploads\/2022\/11\/temp14-768x509.jpg 768w, https:\/\/insideamateurfussball-ffm.de\/wp-content\/uploads\/2022\/11\/temp14.jpg 1045w\" sizes=\"auto, (max-width: 1024px) 100vw, 1024px\" \/><\/figure>\n<\/figure>\n\n\n\n<figure class=\"wp-block-gallery has-nested-images columns-default is-cropped wp-block-gallery-13 is-layout-flex wp-block-gallery-is-layout-flex\">\n<figure class=\"wp-block-image size-large is-style-rounded\"><img loading=\"lazy\" decoding=\"async\" width=\"991\" height=\"692\" data-id=\"4006\" src=\"http:\/\/insideamateurfussball-ffm.de\/wp-content\/uploads\/2022\/11\/tem5-1.jpg\" alt=\"\" class=\"wp-image-4006\" srcset=\"https:\/\/insideamateurfussball-ffm.de\/wp-content\/uploads\/2022\/11\/tem5-1.jpg 991w, https:\/\/insideamateurfussball-ffm.de\/wp-content\/uploads\/2022\/11\/tem5-1-300x209.jpg 300w, https:\/\/insideamateurfussball-ffm.de\/wp-content\/uploads\/2022\/11\/tem5-1-768x536.jpg 768w\" sizes=\"auto, (max-width: 991px) 100vw, 991px\" \/><\/figure>\n<\/figure>\n\n\n\n<figure class=\"wp-block-gallery has-nested-images columns-default is-cropped wp-block-gallery-14 is-layout-flex wp-block-gallery-is-layout-flex\">\n<figure class=\"wp-block-image size-large is-style-rounded\"><img loading=\"lazy\" decoding=\"async\" width=\"1012\" height=\"692\" data-id=\"4007\" src=\"http:\/\/insideamateurfussball-ffm.de\/wp-content\/uploads\/2022\/11\/temp4.jpg\" alt=\"\" class=\"wp-image-4007\" srcset=\"https:\/\/insideamateurfussball-ffm.de\/wp-content\/uploads\/2022\/11\/temp4.jpg 1012w, https:\/\/insideamateurfussball-ffm.de\/wp-content\/uploads\/2022\/11\/temp4-300x205.jpg 300w, https:\/\/insideamateurfussball-ffm.de\/wp-content\/uploads\/2022\/11\/temp4-768x525.jpg 768w\" sizes=\"auto, (max-width: 1012px) 100vw, 1012px\" \/><\/figure>\n<\/figure>\n","protected":false},"excerpt":{"rendered":"<p>Der FC Tempo lie\u00df sich auch im Balkan-Derby nicht stoppen, besiegte den FC Croatia mit 4:1 (1:0) und bleibt ungeschlagen an der Tabellenspitze. Auf zehn Punkte Vorsprung baute der serbische Fu\u00dfball-Club seinen Vorsprung mittlerweile aus. Die Mannschaft von Trainer Denis Milanovic steuert weiter auf die Meisterschaft und den damit verbundenen Direktaufstieg in die Gruppenliga Frankfurt [&hellip;]<\/p>\n","protected":false},"author":1,"featured_media":3993,"comment_status":"open","ping_status":"open","sticky":false,"template":"","format":"standard","meta":{"footnotes":""},"categories":[2],"tags":[],"class_list":["post-3992","post","type-post","status-publish","format-standard","has-post-thumbnail","hentry","category-kreisoberliga-frankfurt"],"_links":{"self":[{"href":"https:\/\/insideamateurfussball-ffm.de\/index.php?rest_route=\/wp\/v2\/posts\/3992","targetHints":{"allow":["GET"]}}],"collection":[{"href":"https:\/\/insideamateurfussball-ffm.de\/index.php?rest_route=\/wp\/v2\/posts"}],"about":[{"href":"https:\/\/insideamateurfussball-ffm.de\/index.php?rest_route=\/wp\/v2\/types\/post"}],"author":[{"embeddable":true,"href":"https:\/\/insideamateurfussball-ffm.de\/index.php?rest_route=\/wp\/v2\/users\/1"}],"replies":[{"embeddable":true,"href":"https:\/\/insideamateurfussball-ffm.de\/index.php?rest_route=%2Fwp%2Fv2%2Fcomments&post=3992"}],"version-history":[{"count":3,"href":"https:\/\/insideamateurfussball-ffm.de\/index.php?rest_route=\/wp\/v2\/posts\/3992\/revisions"}],"predecessor-version":[{"id":4010,"href":"https:\/\/insideamateurfussball-ffm.de\/index.php?rest_route=\/wp\/v2\/posts\/3992\/revisions\/4010"}],"wp:featuredmedia":[{"embeddable":true,"href":"https:\/\/insideamateurfussball-ffm.de\/index.php?rest_route=\/wp\/v2\/media\/3993"}],"wp:attachment":[{"href":"https:\/\/insideamateurfussball-ffm.de\/index.php?rest_route=%2Fwp%2Fv2%2Fmedia&parent=3992"}],"wp:term":[{"taxonomy":"category","embeddable":true,"href":"https:\/\/insideamateurfussball-ffm.de\/index.php?rest_route=%2Fwp%2Fv2%2Fcategories&post=3992"},{"taxonomy":"post_tag","embeddable":true,"href":"https:\/\/insideamateurfussball-ffm.de\/index.php?rest_route=%2Fwp%2Fv2%2Ftags&post=3992"}],"curies":[{"name":"wp","href":"https:\/\/api.w.org\/{rel}","templated":true}]}}