{"id":3958,"date":"2022-11-22T21:24:32","date_gmt":"2022-11-22T19:24:32","guid":{"rendered":"http:\/\/insideamateurfussball-ffm.de\/?p=3958"},"modified":"2025-01-10T14:56:26","modified_gmt":"2025-01-10T13:56:26","slug":"tuerkguecue-ueberholt-westend-durch-derbysieg","status":"publish","type":"post","link":"https:\/\/insideamateurfussball-ffm.de\/?p=3958","title":{"rendered":"T\u00fcrkg\u00fcc\u00fc \u00fcberholt Westend durch Derbysieg"},"content":{"rendered":"<h4>Derby-Time auch an der Sondershausenstra\u00dfe im Gallus. Im Platzduell behielt der TSKV T\u00fcrkg\u00fcc\u00fc gegen Gruppenliga-Absteiger SG Westend mit 1:0 (0:0) die Oberhand und \u00fcberholte den Kontrahenten in der Tabelle. Die Mannschaft von Interimstrainer Ercan Kadimli schob sich auf Rang sieben vor, w\u00e4hrend Westend nur noch auf Rang elf notiert wird.\u00a0<\/h4>\n<figure id=\"attachment_3959\" aria-describedby=\"caption-attachment-3959\" style=\"width: 309px\" class=\"wp-caption alignnone\"><img loading=\"lazy\" decoding=\"async\" class=\"wp-image-3959\" src=\"http:\/\/insideamateurfussball-ffm.de\/wp-content\/uploads\/2022\/11\/DSC_2907-300x225.jpg\" alt=\"\" width=\"309\" height=\"232\" srcset=\"https:\/\/insideamateurfussball-ffm.de\/wp-content\/uploads\/2022\/11\/DSC_2907-300x225.jpg 300w, https:\/\/insideamateurfussball-ffm.de\/wp-content\/uploads\/2022\/11\/DSC_2907-768x576.jpg 768w, https:\/\/insideamateurfussball-ffm.de\/wp-content\/uploads\/2022\/11\/DSC_2907.jpg 923w\" sizes=\"auto, (max-width: 309px) 100vw, 309px\" \/><figcaption id=\"caption-attachment-3959\" class=\"wp-caption-text\"><strong>Westends Rejhan Poturovic im Zweikampf gegen T\u00fcrkg\u00fcc\u00fc-Kapit\u00e4n Mohammed Sier Osmani. Foto: J\u00f6rg Schulz. <\/strong><\/figcaption><\/figure>\n<h4>TSKV T\u00fcrkg\u00fcc\u00fc &#8211; SG Westend 1:0 (0:0)<\/h4>\n<p><img loading=\"lazy\" decoding=\"async\" class=\"alignnone size-full wp-image-17\" src=\"http:\/\/insideamateurfussball-ffm.de\/wp-content\/uploads\/2021\/11\/Tuerkguecue.jpg\" alt=\"\" width=\"72\" height=\"80\" \/><img loading=\"lazy\" decoding=\"async\" class=\"alignnone size-full wp-image-611\" src=\"http:\/\/insideamateurfussball-ffm.de\/wp-content\/uploads\/2022\/06\/Westend.png\" alt=\"\" width=\"69\" height=\"80\" \/><\/p>\n<p><span style=\"color: #008000;\">Von Woche zu Woche wird der Rasenplatz auf der Sportanlage an der Sondershausenstra\u00dfe schlechter, gespielt wurde trotz der ergiebigen Regenf\u00e4lle dennoch. T\u00fcrkg\u00fcc\u00fcs Vorstandsmitglied Duran G\u00fcng\u00f6r sah den knappen Sieg als verdient an, sprach davon, dass T\u00fcrkg\u00fcc\u00fc &#8222;in allen Belangen \u00fcberlegen&#8220; gewesen sei. <\/span><\/p>\n<p><span style=\"color: #008000;\">Es dauerte aber bis zur 57. Minute, bis St\u00fcrmer Ahmet Keser eine Flanke von Mert Kuzu von der linken Seite mit dem Innenrist zum einzigen Treffer des Nachmittages einnetzte.<\/span><\/p>\n<h4>R\u00fcckspiel am 11. Dezember\u00a0<\/h4>\n<p><span style=\"color: #008000;\">&#8222;Ein, zwei Tore h\u00e4tten wir noch machen k\u00f6nnen. Westend kam nur in den Schlussminuten zu zwei Eckb\u00e4llen, ansonsten kam da nicht viel&#8220;, meinte G\u00fcng\u00f6r. T\u00fcrkg\u00fcc\u00fc bekommt es nun zweimal mit dem FC Gudesding zu tun, w\u00e4hrend Westend zweimal in Folge auf den bereits enteilten Spitzenreiter FC Tempo trifft. <\/span><\/p>\n<p><span style=\"color: #008000;\">In drei Wochen kommt es am 11. Dezember zum R\u00fcckspiel im Platzduell. Dann hat die SG Westend Heimrecht, wenn denn die Platzverh\u00e4ltnisse und die Witterung es noch zulassen.\u00a0<\/span> \u00a0\u00a0<\/p>\n<h4>Schiedsrichter: Thomas Vogel (Gie\u00dfen). Zuschauer: 70.<\/h4>\n<h4>Tor: 1:0 Ahmet Keser (57.).\u00a0<\/h4>\n<p>\u00a0<\/p>\n\n\n<figure class=\"wp-block-gallery has-nested-images columns-default is-cropped wp-block-gallery-1 is-layout-flex wp-block-gallery-is-layout-flex\">\n<figure class=\"wp-block-image size-large is-style-rounded\"><img loading=\"lazy\" decoding=\"async\" width=\"923\" height=\"692\" data-id=\"3960\" src=\"http:\/\/insideamateurfussball-ffm.de\/wp-content\/uploads\/2022\/11\/DSC_2918.jpg\" alt=\"\" class=\"wp-image-3960\" srcset=\"https:\/\/insideamateurfussball-ffm.de\/wp-content\/uploads\/2022\/11\/DSC_2918.jpg 923w, https:\/\/insideamateurfussball-ffm.de\/wp-content\/uploads\/2022\/11\/DSC_2918-300x225.jpg 300w, https:\/\/insideamateurfussball-ffm.de\/wp-content\/uploads\/2022\/11\/DSC_2918-768x576.jpg 768w\" sizes=\"auto, (max-width: 923px) 100vw, 923px\" \/><figcaption class=\"wp-element-caption\">Bildergalerie: J\u00f6rg Schulz.<\/figcaption><\/figure>\n<\/figure>\n\n\n\n<figure class=\"wp-block-gallery has-nested-images columns-default is-cropped wp-block-gallery-2 is-layout-flex wp-block-gallery-is-layout-flex\">\n<figure class=\"wp-block-image size-large is-style-rounded\"><img loading=\"lazy\" decoding=\"async\" width=\"923\" height=\"692\" data-id=\"3961\" src=\"http:\/\/insideamateurfussball-ffm.de\/wp-content\/uploads\/2022\/11\/DSC_2928.jpg\" alt=\"\" class=\"wp-image-3961\" srcset=\"https:\/\/insideamateurfussball-ffm.de\/wp-content\/uploads\/2022\/11\/DSC_2928.jpg 923w, https:\/\/insideamateurfussball-ffm.de\/wp-content\/uploads\/2022\/11\/DSC_2928-300x225.jpg 300w, https:\/\/insideamateurfussball-ffm.de\/wp-content\/uploads\/2022\/11\/DSC_2928-768x576.jpg 768w\" sizes=\"auto, (max-width: 923px) 100vw, 923px\" \/><\/figure>\n<\/figure>\n\n\n\n<figure class=\"wp-block-gallery has-nested-images columns-default is-cropped wp-block-gallery-3 is-layout-flex wp-block-gallery-is-layout-flex\">\n<figure class=\"wp-block-image size-large is-style-rounded\"><img loading=\"lazy\" decoding=\"async\" width=\"923\" height=\"692\" data-id=\"3962\" src=\"http:\/\/insideamateurfussball-ffm.de\/wp-content\/uploads\/2022\/11\/DSC_2954.jpg\" alt=\"\" class=\"wp-image-3962\" srcset=\"https:\/\/insideamateurfussball-ffm.de\/wp-content\/uploads\/2022\/11\/DSC_2954.jpg 923w, https:\/\/insideamateurfussball-ffm.de\/wp-content\/uploads\/2022\/11\/DSC_2954-300x225.jpg 300w, https:\/\/insideamateurfussball-ffm.de\/wp-content\/uploads\/2022\/11\/DSC_2954-768x576.jpg 768w\" sizes=\"auto, (max-width: 923px) 100vw, 923px\" \/><\/figure>\n<\/figure>\n\n\n\n<figure class=\"wp-block-gallery has-nested-images columns-default is-cropped wp-block-gallery-4 is-layout-flex wp-block-gallery-is-layout-flex\">\n<figure class=\"wp-block-image size-large is-style-rounded\"><img loading=\"lazy\" decoding=\"async\" width=\"923\" height=\"692\" data-id=\"3963\" src=\"http:\/\/insideamateurfussball-ffm.de\/wp-content\/uploads\/2022\/11\/DSC_2962.jpg\" alt=\"\" class=\"wp-image-3963\" srcset=\"https:\/\/insideamateurfussball-ffm.de\/wp-content\/uploads\/2022\/11\/DSC_2962.jpg 923w, https:\/\/insideamateurfussball-ffm.de\/wp-content\/uploads\/2022\/11\/DSC_2962-300x225.jpg 300w, https:\/\/insideamateurfussball-ffm.de\/wp-content\/uploads\/2022\/11\/DSC_2962-768x576.jpg 768w\" sizes=\"auto, (max-width: 923px) 100vw, 923px\" \/><\/figure>\n<\/figure>\n\n\n\n<figure class=\"wp-block-gallery has-nested-images columns-default is-cropped wp-block-gallery-5 is-layout-flex wp-block-gallery-is-layout-flex\">\n<figure class=\"wp-block-image size-large is-style-rounded\"><img loading=\"lazy\" decoding=\"async\" width=\"923\" height=\"692\" data-id=\"3964\" src=\"http:\/\/insideamateurfussball-ffm.de\/wp-content\/uploads\/2022\/11\/DSC_2968.jpg\" alt=\"\" class=\"wp-image-3964\" srcset=\"https:\/\/insideamateurfussball-ffm.de\/wp-content\/uploads\/2022\/11\/DSC_2968.jpg 923w, https:\/\/insideamateurfussball-ffm.de\/wp-content\/uploads\/2022\/11\/DSC_2968-300x225.jpg 300w, https:\/\/insideamateurfussball-ffm.de\/wp-content\/uploads\/2022\/11\/DSC_2968-768x576.jpg 768w\" sizes=\"auto, (max-width: 923px) 100vw, 923px\" \/><\/figure>\n<\/figure>\n\n\n\n<figure class=\"wp-block-gallery has-nested-images columns-default is-cropped wp-block-gallery-6 is-layout-flex wp-block-gallery-is-layout-flex\">\n<figure class=\"wp-block-image size-large is-style-rounded\"><img loading=\"lazy\" decoding=\"async\" width=\"923\" height=\"692\" data-id=\"3965\" src=\"http:\/\/insideamateurfussball-ffm.de\/wp-content\/uploads\/2022\/11\/DSC_2978.jpg\" alt=\"\" class=\"wp-image-3965\" srcset=\"https:\/\/insideamateurfussball-ffm.de\/wp-content\/uploads\/2022\/11\/DSC_2978.jpg 923w, https:\/\/insideamateurfussball-ffm.de\/wp-content\/uploads\/2022\/11\/DSC_2978-300x225.jpg 300w, https:\/\/insideamateurfussball-ffm.de\/wp-content\/uploads\/2022\/11\/DSC_2978-768x576.jpg 768w\" sizes=\"auto, (max-width: 923px) 100vw, 923px\" \/><\/figure>\n<\/figure>\n\n\n\n<figure class=\"wp-block-gallery has-nested-images columns-default is-cropped wp-block-gallery-7 is-layout-flex wp-block-gallery-is-layout-flex\">\n<figure class=\"wp-block-image size-large is-style-rounded\"><img loading=\"lazy\" decoding=\"async\" width=\"923\" height=\"692\" data-id=\"3966\" src=\"http:\/\/insideamateurfussball-ffm.de\/wp-content\/uploads\/2022\/11\/DSC_2991.jpg\" alt=\"\" class=\"wp-image-3966\" srcset=\"https:\/\/insideamateurfussball-ffm.de\/wp-content\/uploads\/2022\/11\/DSC_2991.jpg 923w, https:\/\/insideamateurfussball-ffm.de\/wp-content\/uploads\/2022\/11\/DSC_2991-300x225.jpg 300w, https:\/\/insideamateurfussball-ffm.de\/wp-content\/uploads\/2022\/11\/DSC_2991-768x576.jpg 768w\" sizes=\"auto, (max-width: 923px) 100vw, 923px\" \/><\/figure>\n<\/figure>\n\n\n\n<figure class=\"wp-block-gallery has-nested-images columns-default is-cropped wp-block-gallery-8 is-layout-flex wp-block-gallery-is-layout-flex\">\n<figure class=\"wp-block-image size-large is-style-rounded\"><img loading=\"lazy\" decoding=\"async\" width=\"923\" height=\"692\" data-id=\"3967\" src=\"http:\/\/insideamateurfussball-ffm.de\/wp-content\/uploads\/2022\/11\/DSC_3005.jpg\" alt=\"\" class=\"wp-image-3967\" srcset=\"https:\/\/insideamateurfussball-ffm.de\/wp-content\/uploads\/2022\/11\/DSC_3005.jpg 923w, https:\/\/insideamateurfussball-ffm.de\/wp-content\/uploads\/2022\/11\/DSC_3005-300x225.jpg 300w, https:\/\/insideamateurfussball-ffm.de\/wp-content\/uploads\/2022\/11\/DSC_3005-768x576.jpg 768w\" sizes=\"auto, (max-width: 923px) 100vw, 923px\" \/><\/figure>\n<\/figure>\n\n\n\n<figure class=\"wp-block-gallery has-nested-images columns-default is-cropped wp-block-gallery-9 is-layout-flex wp-block-gallery-is-layout-flex\">\n<figure class=\"wp-block-image size-large is-style-rounded\"><img loading=\"lazy\" decoding=\"async\" width=\"923\" height=\"692\" data-id=\"3968\" src=\"http:\/\/insideamateurfussball-ffm.de\/wp-content\/uploads\/2022\/11\/DSC_3018.jpg\" alt=\"\" class=\"wp-image-3968\" srcset=\"https:\/\/insideamateurfussball-ffm.de\/wp-content\/uploads\/2022\/11\/DSC_3018.jpg 923w, https:\/\/insideamateurfussball-ffm.de\/wp-content\/uploads\/2022\/11\/DSC_3018-300x225.jpg 300w, https:\/\/insideamateurfussball-ffm.de\/wp-content\/uploads\/2022\/11\/DSC_3018-768x576.jpg 768w\" sizes=\"auto, (max-width: 923px) 100vw, 923px\" \/><\/figure>\n<\/figure>\n\n\n\n<figure class=\"wp-block-gallery has-nested-images columns-default is-cropped wp-block-gallery-10 is-layout-flex wp-block-gallery-is-layout-flex\">\n<figure class=\"wp-block-image size-large is-style-rounded\"><img loading=\"lazy\" decoding=\"async\" width=\"923\" height=\"692\" data-id=\"3969\" src=\"http:\/\/insideamateurfussball-ffm.de\/wp-content\/uploads\/2022\/11\/DSC_3029.jpg\" alt=\"\" class=\"wp-image-3969\" srcset=\"https:\/\/insideamateurfussball-ffm.de\/wp-content\/uploads\/2022\/11\/DSC_3029.jpg 923w, https:\/\/insideamateurfussball-ffm.de\/wp-content\/uploads\/2022\/11\/DSC_3029-300x225.jpg 300w, https:\/\/insideamateurfussball-ffm.de\/wp-content\/uploads\/2022\/11\/DSC_3029-768x576.jpg 768w\" sizes=\"auto, (max-width: 923px) 100vw, 923px\" \/><\/figure>\n<\/figure>\n\n\n\n<figure class=\"wp-block-gallery has-nested-images columns-default is-cropped wp-block-gallery-11 is-layout-flex wp-block-gallery-is-layout-flex\">\n<figure class=\"wp-block-image size-large is-style-rounded\"><img loading=\"lazy\" decoding=\"async\" width=\"923\" height=\"692\" data-id=\"3970\" src=\"http:\/\/insideamateurfussball-ffm.de\/wp-content\/uploads\/2022\/11\/DSC_3037.jpg\" alt=\"\" class=\"wp-image-3970\" srcset=\"https:\/\/insideamateurfussball-ffm.de\/wp-content\/uploads\/2022\/11\/DSC_3037.jpg 923w, https:\/\/insideamateurfussball-ffm.de\/wp-content\/uploads\/2022\/11\/DSC_3037-300x225.jpg 300w, https:\/\/insideamateurfussball-ffm.de\/wp-content\/uploads\/2022\/11\/DSC_3037-768x576.jpg 768w\" sizes=\"auto, (max-width: 923px) 100vw, 923px\" \/><\/figure>\n<\/figure>\n\n\n\n<figure class=\"wp-block-gallery has-nested-images columns-default is-cropped wp-block-gallery-12 is-layout-flex wp-block-gallery-is-layout-flex\">\n<figure class=\"wp-block-image size-large is-style-rounded\"><img loading=\"lazy\" decoding=\"async\" width=\"923\" height=\"692\" data-id=\"3971\" src=\"http:\/\/insideamateurfussball-ffm.de\/wp-content\/uploads\/2022\/11\/DSC_3052.jpg\" alt=\"\" class=\"wp-image-3971\" srcset=\"https:\/\/insideamateurfussball-ffm.de\/wp-content\/uploads\/2022\/11\/DSC_3052.jpg 923w, https:\/\/insideamateurfussball-ffm.de\/wp-content\/uploads\/2022\/11\/DSC_3052-300x225.jpg 300w, https:\/\/insideamateurfussball-ffm.de\/wp-content\/uploads\/2022\/11\/DSC_3052-768x576.jpg 768w\" sizes=\"auto, (max-width: 923px) 100vw, 923px\" \/><\/figure>\n<\/figure>\n\n\n\n<figure class=\"wp-block-gallery has-nested-images columns-default is-cropped wp-block-gallery-13 is-layout-flex wp-block-gallery-is-layout-flex\">\n<figure class=\"wp-block-image size-large is-style-rounded\"><img loading=\"lazy\" decoding=\"async\" width=\"923\" height=\"692\" data-id=\"3972\" src=\"http:\/\/insideamateurfussball-ffm.de\/wp-content\/uploads\/2022\/11\/DSC_3072.jpg\" alt=\"\" class=\"wp-image-3972\" srcset=\"https:\/\/insideamateurfussball-ffm.de\/wp-content\/uploads\/2022\/11\/DSC_3072.jpg 923w, https:\/\/insideamateurfussball-ffm.de\/wp-content\/uploads\/2022\/11\/DSC_3072-300x225.jpg 300w, https:\/\/insideamateurfussball-ffm.de\/wp-content\/uploads\/2022\/11\/DSC_3072-768x576.jpg 768w\" sizes=\"auto, (max-width: 923px) 100vw, 923px\" \/><\/figure>\n<\/figure>\n\n\n\n<figure class=\"wp-block-gallery has-nested-images columns-default is-cropped wp-block-gallery-14 is-layout-flex wp-block-gallery-is-layout-flex\">\n<figure class=\"wp-block-image size-large is-style-rounded\"><img loading=\"lazy\" decoding=\"async\" width=\"923\" height=\"692\" data-id=\"3973\" src=\"http:\/\/insideamateurfussball-ffm.de\/wp-content\/uploads\/2022\/11\/DSC_2902.jpg\" alt=\"\" class=\"wp-image-3973\" srcset=\"https:\/\/insideamateurfussball-ffm.de\/wp-content\/uploads\/2022\/11\/DSC_2902.jpg 923w, https:\/\/insideamateurfussball-ffm.de\/wp-content\/uploads\/2022\/11\/DSC_2902-300x225.jpg 300w, https:\/\/insideamateurfussball-ffm.de\/wp-content\/uploads\/2022\/11\/DSC_2902-768x576.jpg 768w\" sizes=\"auto, (max-width: 923px) 100vw, 923px\" \/><\/figure>\n<\/figure>\n","protected":false},"excerpt":{"rendered":"<p>Derby-Time auch an der Sondershausenstra\u00dfe im Gallus. Im Platzduell behielt der TSKV T\u00fcrkg\u00fcc\u00fc gegen Gruppenliga-Absteiger SG Westend mit 1:0 (0:0) die Oberhand und \u00fcberholte den Kontrahenten in der Tabelle. Die Mannschaft von Interimstrainer Ercan Kadimli schob sich auf Rang sieben vor, w\u00e4hrend Westend nur noch auf Rang elf notiert wird.\u00a0 TSKV T\u00fcrkg\u00fcc\u00fc &#8211; SG Westend [&hellip;]<\/p>\n","protected":false},"author":1,"featured_media":3959,"comment_status":"open","ping_status":"open","sticky":false,"template":"","format":"standard","meta":{"footnotes":""},"categories":[2],"tags":[],"class_list":["post-3958","post","type-post","status-publish","format-standard","has-post-thumbnail","hentry","category-kreisoberliga-frankfurt"],"_links":{"self":[{"href":"https:\/\/insideamateurfussball-ffm.de\/index.php?rest_route=\/wp\/v2\/posts\/3958","targetHints":{"allow":["GET"]}}],"collection":[{"href":"https:\/\/insideamateurfussball-ffm.de\/index.php?rest_route=\/wp\/v2\/posts"}],"about":[{"href":"https:\/\/insideamateurfussball-ffm.de\/index.php?rest_route=\/wp\/v2\/types\/post"}],"author":[{"embeddable":true,"href":"https:\/\/insideamateurfussball-ffm.de\/index.php?rest_route=\/wp\/v2\/users\/1"}],"replies":[{"embeddable":true,"href":"https:\/\/insideamateurfussball-ffm.de\/index.php?rest_route=%2Fwp%2Fv2%2Fcomments&post=3958"}],"version-history":[{"count":1,"href":"https:\/\/insideamateurfussball-ffm.de\/index.php?rest_route=\/wp\/v2\/posts\/3958\/revisions"}],"predecessor-version":[{"id":3974,"href":"https:\/\/insideamateurfussball-ffm.de\/index.php?rest_route=\/wp\/v2\/posts\/3958\/revisions\/3974"}],"wp:featuredmedia":[{"embeddable":true,"href":"https:\/\/insideamateurfussball-ffm.de\/index.php?rest_route=\/wp\/v2\/media\/3959"}],"wp:attachment":[{"href":"https:\/\/insideamateurfussball-ffm.de\/index.php?rest_route=%2Fwp%2Fv2%2Fmedia&parent=3958"}],"wp:term":[{"taxonomy":"category","embeddable":true,"href":"https:\/\/insideamateurfussball-ffm.de\/index.php?rest_route=%2Fwp%2Fv2%2Fcategories&post=3958"},{"taxonomy":"post_tag","embeddable":true,"href":"https:\/\/insideamateurfussball-ffm.de\/index.php?rest_route=%2Fwp%2Fv2%2Ftags&post=3958"}],"curies":[{"name":"wp","href":"https:\/\/api.w.org\/{rel}","templated":true}]}}