{"id":3943,"date":"2022-11-22T19:23:40","date_gmt":"2022-11-22T17:23:40","guid":{"rendered":"http:\/\/insideamateurfussball-ffm.de\/?p=3943"},"modified":"2025-01-10T14:56:47","modified_gmt":"2025-01-10T13:56:47","slug":"aufsteigerduell-endet-torlos","status":"publish","type":"post","link":"https:\/\/insideamateurfussball-ffm.de\/?p=3943","title":{"rendered":"Aufsteigerduell endet torlos"},"content":{"rendered":"<h4>Wie immer bei Heimspielen er\u00f6ffnete die SG Bornheim\/Gr\u00fcn-Wei\u00df II den Spieltag in der Kreisoberliga Frankfurt um 13 Uhr. Zu Gast an der Seckbacher Landstra\u00dfe war der Mitaufsteiger SG Harheim, der sich wie die Gastgeber im oberen Drittel der Tabelle positioniert hat. In einer Begegnung auf Augenh\u00f6he trennten sich die Kontrahenten 0:0. Damit belegt die Bornheimer Reserve weiter den zweiten Tabellenrang, der in die Relegation zur Gruppenliga Frankfurt West f\u00fchrt. Harheim fiel auf Rang f\u00fcnf zur\u00fcck, steht aber weiter ausgezeichnet da.\u00a0<\/h4>\n<p>\u00a0<\/p>\n<figure id=\"attachment_3944\" aria-describedby=\"caption-attachment-3944\" style=\"width: 2048px\" class=\"wp-caption alignnone\"><img loading=\"lazy\" decoding=\"async\" class=\"wp-image-3944 size-full\" src=\"http:\/\/insideamateurfussball-ffm.de\/wp-content\/uploads\/2022\/11\/Endrias.jpg\" alt=\"\" width=\"2048\" height=\"1536\" srcset=\"https:\/\/insideamateurfussball-ffm.de\/wp-content\/uploads\/2022\/11\/Endrias.jpg 2048w, https:\/\/insideamateurfussball-ffm.de\/wp-content\/uploads\/2022\/11\/Endrias-300x225.jpg 300w, https:\/\/insideamateurfussball-ffm.de\/wp-content\/uploads\/2022\/11\/Endrias-1024x768.jpg 1024w, https:\/\/insideamateurfussball-ffm.de\/wp-content\/uploads\/2022\/11\/Endrias-768x576.jpg 768w, https:\/\/insideamateurfussball-ffm.de\/wp-content\/uploads\/2022\/11\/Endrias-1536x1152.jpg 1536w\" sizes=\"auto, (max-width: 2048px) 100vw, 2048px\" \/><figcaption id=\"caption-attachment-3944\" class=\"wp-caption-text\"><strong>Bornheims Awet Endrias (Mitte) spielte gegen die in orange angetretenen Harheimer 0:0. Foto: PA.<\/strong><\/figcaption><\/figure>\n<h4>SG Bornheim\/Gr\u00fcn-Wei\u00df II &#8211; SG Harheim 0:0<\/h4>\n<p><img loading=\"lazy\" decoding=\"async\" class=\"alignnone size-full wp-image-119\" src=\"http:\/\/insideamateurfussball-ffm.de\/wp-content\/uploads\/2022\/05\/Bornheim.jpg\" alt=\"\" width=\"80\" height=\"80\" \/><img loading=\"lazy\" decoding=\"async\" class=\"alignnone size-full wp-image-284\" src=\"http:\/\/insideamateurfussball-ffm.de\/wp-content\/uploads\/2022\/05\/Harheim.jpg\" alt=\"\" width=\"78\" height=\"80\" \/><\/p>\n<p><span style=\"color: #008000;\">Bornheims Coach Lukas Milbredt sah eine &#8222;taktisch gepr\u00e4gte Partie mit wenigen Torraumszenen.&#8220; Nemanja Petos schoss in der Anfangsphase aus spitzem Winkel Harheims Torwart Fabian Zscheich an (6.). Auf der Gegenseite vergab Lukas G\u00e4rtner f\u00fcr Harheim. Der Bornheimer Yeman Kelati traf mit einem Distanzschuss aus 25 Metern die Latte (33.). Die G\u00e4ste hatten aufgrund von Verletzungen und Sperren eine lange Ausfallsliste zu beklagen, verdienten sich den Ausw\u00e4rtspunkt aber mit einer couragierten Leistung und hatten in der Schlussphase Pech mit zwei Sch\u00fcssen an den Innenpfosten durch Julian Waschkau (77.). <\/span><\/p>\n<p><span style=\"color: #008000;\">&#8222;Das 0:0 ist gerecht. Jetzt wollen wir die Kr\u00e4fte b\u00fcndeln und in den zwei Duellen gegen den Tabellenvierten Spvgg. Griesheim und im R\u00fcckspiel in Harheim noch die maximale Punktzahl holen. Unser Etappenziel ist Rang zwei zur Winterpause&#8220;, sagte Milbredt.<\/span><\/p>\n<blockquote>\n<h4>&#8222;Mit dem Punkt bin ich aufgrund des ausged\u00fcnnten Kaders sehr zufrieden, der ist angesichts dessen noch h\u00f6her zu bewerten&#8220;. (Harheims Trainer Tomas Pelayo)<\/h4>\n<\/blockquote>\n<p><span style=\"color: #008000;\">Harheims Trainer Tomas Pelayo befand: &#8222;Bornheim II hat eine sehr junge Mannschaft, die positionsgetreu spielt. Wir mussten viel Laufarbeit leisten und viel gegen den Ball arbeiten. Es war ein Spiel auf gutem KOL-Niveau, beide Aufsteiger bereichern die ausgeglichene Klasse. Mit dem Punkt bin ich aufgrund des ausged\u00fcnnten Kaders sehr zufrieden, der ist angesichts dessen noch h\u00f6her zu bewerten.&#8220; <\/span><\/p>\n<p><span style=\"color: #008000;\">Da Harheim an den folgenden Sonntagen gleich zweimal spielfrei ist, gab Pelayo seinen Spielern trainingsfrei: &#8222;Sie sollen sich regenerieren, da wir erst wieder am 11. Dezember gegen Bornheim II zum R\u00fcckspiel antreten m\u00fcssen.&#8220;\u00a0<\/span> \u00a0\u00a0<\/p>\n<h4>Schiedsrichter: Jonas Doumaz (Eschborn). Zuschauer: 73.\u00a0<\/h4>\n<p>\u00a0<\/p>\n\n\n<figure class=\"wp-block-gallery has-nested-images columns-default is-cropped wp-block-gallery-1 is-layout-flex wp-block-gallery-is-layout-flex\">\n<figure class=\"wp-block-image size-large is-style-rounded\"><img loading=\"lazy\" decoding=\"async\" width=\"1024\" height=\"768\" data-id=\"3945\" src=\"http:\/\/insideamateurfussball-ffm.de\/wp-content\/uploads\/2022\/11\/SGB-SGH-1024x768.jpg\" alt=\"\" class=\"wp-image-3945\" srcset=\"https:\/\/insideamateurfussball-ffm.de\/wp-content\/uploads\/2022\/11\/SGB-SGH-1024x768.jpg 1024w, https:\/\/insideamateurfussball-ffm.de\/wp-content\/uploads\/2022\/11\/SGB-SGH-300x225.jpg 300w, https:\/\/insideamateurfussball-ffm.de\/wp-content\/uploads\/2022\/11\/SGB-SGH-768x576.jpg 768w, https:\/\/insideamateurfussball-ffm.de\/wp-content\/uploads\/2022\/11\/SGB-SGH-1536x1152.jpg 1536w, https:\/\/insideamateurfussball-ffm.de\/wp-content\/uploads\/2022\/11\/SGB-SGH.jpg 2048w\" sizes=\"auto, (max-width: 1024px) 100vw, 1024px\" \/><\/figure>\n<\/figure>\n\n\n\n<figure class=\"wp-block-gallery has-nested-images columns-default is-cropped wp-block-gallery-2 is-layout-flex wp-block-gallery-is-layout-flex\">\n<figure class=\"wp-block-image size-large is-style-rounded\"><img loading=\"lazy\" decoding=\"async\" width=\"1024\" height=\"768\" data-id=\"3946\" src=\"http:\/\/insideamateurfussball-ffm.de\/wp-content\/uploads\/2022\/11\/SGB-SGH-1-1024x768.jpg\" alt=\"\" class=\"wp-image-3946\" srcset=\"https:\/\/insideamateurfussball-ffm.de\/wp-content\/uploads\/2022\/11\/SGB-SGH-1-1024x768.jpg 1024w, https:\/\/insideamateurfussball-ffm.de\/wp-content\/uploads\/2022\/11\/SGB-SGH-1-300x225.jpg 300w, https:\/\/insideamateurfussball-ffm.de\/wp-content\/uploads\/2022\/11\/SGB-SGH-1-768x576.jpg 768w, https:\/\/insideamateurfussball-ffm.de\/wp-content\/uploads\/2022\/11\/SGB-SGH-1-1536x1152.jpg 1536w, https:\/\/insideamateurfussball-ffm.de\/wp-content\/uploads\/2022\/11\/SGB-SGH-1.jpg 2048w\" sizes=\"auto, (max-width: 1024px) 100vw, 1024px\" \/><\/figure>\n<\/figure>\n\n\n\n<figure class=\"wp-block-gallery has-nested-images columns-default is-cropped wp-block-gallery-3 is-layout-flex wp-block-gallery-is-layout-flex\">\n<figure class=\"wp-block-image size-large is-style-rounded\"><img loading=\"lazy\" decoding=\"async\" width=\"1024\" height=\"768\" data-id=\"3947\" src=\"http:\/\/insideamateurfussball-ffm.de\/wp-content\/uploads\/2022\/11\/SGB-SGH2-1024x768.jpg\" alt=\"\" class=\"wp-image-3947\" srcset=\"https:\/\/insideamateurfussball-ffm.de\/wp-content\/uploads\/2022\/11\/SGB-SGH2-1024x768.jpg 1024w, https:\/\/insideamateurfussball-ffm.de\/wp-content\/uploads\/2022\/11\/SGB-SGH2-300x225.jpg 300w, https:\/\/insideamateurfussball-ffm.de\/wp-content\/uploads\/2022\/11\/SGB-SGH2-768x576.jpg 768w, https:\/\/insideamateurfussball-ffm.de\/wp-content\/uploads\/2022\/11\/SGB-SGH2-1536x1152.jpg 1536w, https:\/\/insideamateurfussball-ffm.de\/wp-content\/uploads\/2022\/11\/SGB-SGH2.jpg 2048w\" sizes=\"auto, (max-width: 1024px) 100vw, 1024px\" \/><\/figure>\n<\/figure>\n\n\n\n<figure class=\"wp-block-gallery has-nested-images columns-default is-cropped wp-block-gallery-4 is-layout-flex wp-block-gallery-is-layout-flex\">\n<figure class=\"wp-block-image size-large is-style-rounded\"><img loading=\"lazy\" decoding=\"async\" width=\"1024\" height=\"768\" data-id=\"3948\" src=\"http:\/\/insideamateurfussball-ffm.de\/wp-content\/uploads\/2022\/11\/SGB-SGH-2-1024x768.jpg\" alt=\"\" class=\"wp-image-3948\" srcset=\"https:\/\/insideamateurfussball-ffm.de\/wp-content\/uploads\/2022\/11\/SGB-SGH-2-1024x768.jpg 1024w, https:\/\/insideamateurfussball-ffm.de\/wp-content\/uploads\/2022\/11\/SGB-SGH-2-300x225.jpg 300w, https:\/\/insideamateurfussball-ffm.de\/wp-content\/uploads\/2022\/11\/SGB-SGH-2-768x576.jpg 768w, https:\/\/insideamateurfussball-ffm.de\/wp-content\/uploads\/2022\/11\/SGB-SGH-2-1536x1152.jpg 1536w, https:\/\/insideamateurfussball-ffm.de\/wp-content\/uploads\/2022\/11\/SGB-SGH-2.jpg 2048w\" sizes=\"auto, (max-width: 1024px) 100vw, 1024px\" \/><\/figure>\n<\/figure>\n","protected":false},"excerpt":{"rendered":"<p>Wie immer bei Heimspielen er\u00f6ffnete die SG Bornheim\/Gr\u00fcn-Wei\u00df II den Spieltag in der Kreisoberliga Frankfurt um 13 Uhr. Zu Gast an der Seckbacher Landstra\u00dfe war der Mitaufsteiger SG Harheim, der sich wie die Gastgeber im oberen Drittel der Tabelle positioniert hat. In einer Begegnung auf Augenh\u00f6he trennten sich die Kontrahenten 0:0. Damit belegt die Bornheimer [&hellip;]<\/p>\n","protected":false},"author":1,"featured_media":3944,"comment_status":"open","ping_status":"open","sticky":false,"template":"","format":"standard","meta":{"footnotes":""},"categories":[2],"tags":[],"class_list":["post-3943","post","type-post","status-publish","format-standard","has-post-thumbnail","hentry","category-kreisoberliga-frankfurt"],"_links":{"self":[{"href":"https:\/\/insideamateurfussball-ffm.de\/index.php?rest_route=\/wp\/v2\/posts\/3943","targetHints":{"allow":["GET"]}}],"collection":[{"href":"https:\/\/insideamateurfussball-ffm.de\/index.php?rest_route=\/wp\/v2\/posts"}],"about":[{"href":"https:\/\/insideamateurfussball-ffm.de\/index.php?rest_route=\/wp\/v2\/types\/post"}],"author":[{"embeddable":true,"href":"https:\/\/insideamateurfussball-ffm.de\/index.php?rest_route=\/wp\/v2\/users\/1"}],"replies":[{"embeddable":true,"href":"https:\/\/insideamateurfussball-ffm.de\/index.php?rest_route=%2Fwp%2Fv2%2Fcomments&post=3943"}],"version-history":[{"count":2,"href":"https:\/\/insideamateurfussball-ffm.de\/index.php?rest_route=\/wp\/v2\/posts\/3943\/revisions"}],"predecessor-version":[{"id":3950,"href":"https:\/\/insideamateurfussball-ffm.de\/index.php?rest_route=\/wp\/v2\/posts\/3943\/revisions\/3950"}],"wp:featuredmedia":[{"embeddable":true,"href":"https:\/\/insideamateurfussball-ffm.de\/index.php?rest_route=\/wp\/v2\/media\/3944"}],"wp:attachment":[{"href":"https:\/\/insideamateurfussball-ffm.de\/index.php?rest_route=%2Fwp%2Fv2%2Fmedia&parent=3943"}],"wp:term":[{"taxonomy":"category","embeddable":true,"href":"https:\/\/insideamateurfussball-ffm.de\/index.php?rest_route=%2Fwp%2Fv2%2Fcategories&post=3943"},{"taxonomy":"post_tag","embeddable":true,"href":"https:\/\/insideamateurfussball-ffm.de\/index.php?rest_route=%2Fwp%2Fv2%2Ftags&post=3943"}],"curies":[{"name":"wp","href":"https:\/\/api.w.org\/{rel}","templated":true}]}}