{"id":3939,"date":"2022-11-22T00:09:40","date_gmt":"2022-11-21T22:09:40","guid":{"rendered":"http:\/\/insideamateurfussball-ffm.de\/?p=3939"},"modified":"2025-01-10T14:52:23","modified_gmt":"2025-01-10T13:52:23","slug":"kalbach-auch-im-rueckspiel-in-neu-anspach-chancenlos","status":"publish","type":"post","link":"https:\/\/insideamateurfussball-ffm.de\/?p=3939","title":{"rendered":"Kalbach auch im R\u00fcckspiel in Neu-Anspach chancenlos"},"content":{"rendered":"<h4>Wie schon im Hinspiel zum Saisonauftakt, als es eine 2:5-Heimniederlage gab, hatte der FC Kalbach auch im R\u00fcckspiel beim Tabellenf\u00fchrer der Gruppenliga Frankfurt West nichts zu bestellen. Beim FC Neu-Anspach gab es allerdings mit einer Rumpfmannschaft, bei der in der Schlussphase sogar Cheftrainer Aaz-Dine Zarioh und Co-Trainer Eloy Merens auf dem Spielfeld mitwirkten, eine 0:3-Niederlage.<\/h4>\n<figure id=\"attachment_3941\" aria-describedby=\"caption-attachment-3941\" style=\"width: 310px\" class=\"wp-caption alignnone\"><img loading=\"lazy\" decoding=\"async\" class=\"wp-image-3941\" src=\"http:\/\/insideamateurfussball-ffm.de\/wp-content\/uploads\/2022\/11\/bos1-3-300x236.jpg\" alt=\"\" width=\"310\" height=\"244\" srcset=\"https:\/\/insideamateurfussball-ffm.de\/wp-content\/uploads\/2022\/11\/bos1-3-300x236.jpg 300w, https:\/\/insideamateurfussball-ffm.de\/wp-content\/uploads\/2022\/11\/bos1-3-768x605.jpg 768w, https:\/\/insideamateurfussball-ffm.de\/wp-content\/uploads\/2022\/11\/bos1-3.jpg 878w\" sizes=\"auto, (max-width: 310px) 100vw, 310px\" \/><figcaption id=\"caption-attachment-3941\" class=\"wp-caption-text\"><strong>Kalbachs Torj\u00e4ger Achraf Gara Ali war zwischendurch verletzt und hat seit 30. Oktober nicht mehr getroffen. Foto: Mithat G\u00fcrser. <\/strong><\/figcaption><\/figure>\n<h4>FC Neu-Anspach &#8211; FC Kalbach 3:0 (1:0)<\/h4>\n<p><img loading=\"lazy\" decoding=\"async\" class=\"alignnone size-full wp-image-2292\" src=\"http:\/\/insideamateurfussball-ffm.de\/wp-content\/uploads\/2022\/08\/FCNA.jpg\" alt=\"\" width=\"80\" height=\"79\" \/><img loading=\"lazy\" decoding=\"async\" class=\"alignnone size-full wp-image-16\" src=\"http:\/\/insideamateurfussball-ffm.de\/wp-content\/uploads\/2021\/11\/kalbach-wappen.jpg\" alt=\"\" width=\"80\" height=\"80\" \/><\/p>\n<p><span style=\"color: #008000;\">Wie schon beim 2:5 im Hinspiel hatte Kalbach gegen den Spitzenreiter keine Chance, diesmal aber vor allem wegen der personellen Lage. &#8222;Uns sind zw\u00f6lf wichtige Spieler ausgefallen, sodass wir nur mit 14 Spielern anreisen konnten&#8220;, erkl\u00e4rte Kalbachs Sportlicher Leiter Manfred Meyer. Nach einer Ecke k\u00f6pfte der Kalbacher Samuel Adu ins eigene Tor (7.). Nach dem Seitenwechsel erh\u00f6hte Nico K\u00fcbler mit einem Distanzschuss (57.). Den Schlusspunkt setzte Maziar Namavizadeh mit einem Foulelfmeter (87.). In der Schlussphase kam es noch zu den Einwechslungen von Kalbachs Trainer Aaz-Dine Zarioh und dessen Assistent Eloy Merens. &#8222;Wir haben uns mit der Rumpftruppe anst\u00e4ndig aus der Aff\u00e4re gezogen&#8220;, betonte Meyer.<\/span><\/p>\n<h4>Schiedsrichter: Ehsan Amirian (Wiesbaden). Zuschauer: 65.<\/h4>\n<h4>Tore: 1:0 Samuel Adu (7.\/Eigentor), 2:0 Nico K\u00fcbler (56.), 3:0 Maziar Namavizadeh (87.\/Foulelfmeter).<\/h4>\n","protected":false},"excerpt":{"rendered":"<p>Wie schon im Hinspiel zum Saisonauftakt, als es eine 2:5-Heimniederlage gab, hatte der FC Kalbach auch im R\u00fcckspiel beim Tabellenf\u00fchrer der Gruppenliga Frankfurt West nichts zu bestellen. Beim FC Neu-Anspach gab es allerdings mit einer Rumpfmannschaft, bei der in der Schlussphase sogar Cheftrainer Aaz-Dine Zarioh und Co-Trainer Eloy Merens auf dem Spielfeld mitwirkten, eine 0:3-Niederlage. [&hellip;]<\/p>\n","protected":false},"author":1,"featured_media":3941,"comment_status":"open","ping_status":"open","sticky":false,"template":"","format":"standard","meta":{"footnotes":""},"categories":[13],"tags":[],"class_list":["post-3939","post","type-post","status-publish","format-standard","has-post-thumbnail","hentry","category-gruppenliga-frankfurt-west"],"_links":{"self":[{"href":"https:\/\/insideamateurfussball-ffm.de\/index.php?rest_route=\/wp\/v2\/posts\/3939","targetHints":{"allow":["GET"]}}],"collection":[{"href":"https:\/\/insideamateurfussball-ffm.de\/index.php?rest_route=\/wp\/v2\/posts"}],"about":[{"href":"https:\/\/insideamateurfussball-ffm.de\/index.php?rest_route=\/wp\/v2\/types\/post"}],"author":[{"embeddable":true,"href":"https:\/\/insideamateurfussball-ffm.de\/index.php?rest_route=\/wp\/v2\/users\/1"}],"replies":[{"embeddable":true,"href":"https:\/\/insideamateurfussball-ffm.de\/index.php?rest_route=%2Fwp%2Fv2%2Fcomments&post=3939"}],"version-history":[{"count":1,"href":"https:\/\/insideamateurfussball-ffm.de\/index.php?rest_route=\/wp\/v2\/posts\/3939\/revisions"}],"predecessor-version":[{"id":3942,"href":"https:\/\/insideamateurfussball-ffm.de\/index.php?rest_route=\/wp\/v2\/posts\/3939\/revisions\/3942"}],"wp:featuredmedia":[{"embeddable":true,"href":"https:\/\/insideamateurfussball-ffm.de\/index.php?rest_route=\/wp\/v2\/media\/3941"}],"wp:attachment":[{"href":"https:\/\/insideamateurfussball-ffm.de\/index.php?rest_route=%2Fwp%2Fv2%2Fmedia&parent=3939"}],"wp:term":[{"taxonomy":"category","embeddable":true,"href":"https:\/\/insideamateurfussball-ffm.de\/index.php?rest_route=%2Fwp%2Fv2%2Fcategories&post=3939"},{"taxonomy":"post_tag","embeddable":true,"href":"https:\/\/insideamateurfussball-ffm.de\/index.php?rest_route=%2Fwp%2Fv2%2Ftags&post=3939"}],"curies":[{"name":"wp","href":"https:\/\/api.w.org\/{rel}","templated":true}]}}