{"id":3936,"date":"2022-11-21T23:57:12","date_gmt":"2022-11-21T21:57:12","guid":{"rendered":"http:\/\/insideamateurfussball-ffm.de\/?p=3936"},"modified":"2025-01-10T14:52:30","modified_gmt":"2025-01-10T13:52:30","slug":"fechenheims-ouass-mit-doppel-einsatz","status":"publish","type":"post","link":"https:\/\/insideamateurfussball-ffm.de\/?p=3936","title":{"rendered":"Fechenheims Ouass mit Doppel-Einsatz"},"content":{"rendered":"<h4>F\u00fcnfter Sieg in Folge f\u00fcr die Spvgg. Fechenheim in der Gruppenliga Frankfurt West, die auch den Tabellenvorletzten und Aufsteiger SG Ober-Erlenbach mit 3:0 (1:0) besiegte. Mann des Tages war aber der Fechenheimer Spielmacher Ouassim Ouass, der sich nicht zu schade war, zuvor im Topspiel der B-Klasse (Gruppe 2) zwischen der Fechenheimer Reserve und Union Niederrad II ab der 78. Minute mitzuhelfen, den 2:0-Sieg abzusichern.<\/h4>\n<figure id=\"attachment_3937\" aria-describedby=\"caption-attachment-3937\" style=\"width: 2000px\" class=\"wp-caption alignnone\"><img loading=\"lazy\" decoding=\"async\" class=\"wp-image-3937 size-full\" src=\"http:\/\/insideamateurfussball-ffm.de\/wp-content\/uploads\/2022\/11\/Ouass-t.jpg\" alt=\"\" width=\"2000\" height=\"1375\" srcset=\"https:\/\/insideamateurfussball-ffm.de\/wp-content\/uploads\/2022\/11\/Ouass-t.jpg 2000w, https:\/\/insideamateurfussball-ffm.de\/wp-content\/uploads\/2022\/11\/Ouass-t-300x206.jpg 300w, https:\/\/insideamateurfussball-ffm.de\/wp-content\/uploads\/2022\/11\/Ouass-t-1024x704.jpg 1024w, https:\/\/insideamateurfussball-ffm.de\/wp-content\/uploads\/2022\/11\/Ouass-t-768x528.jpg 768w, https:\/\/insideamateurfussball-ffm.de\/wp-content\/uploads\/2022\/11\/Ouass-t-1536x1056.jpg 1536w\" sizes=\"auto, (max-width: 2000px) 100vw, 2000px\" \/><figcaption id=\"caption-attachment-3937\" class=\"wp-caption-text\"><strong>Fechenheims Topspieler Ouassim Ouass half in der Reserve aus. Foto: Fechenheim 03.<\/strong><\/figcaption><\/figure>\n<h4>Spvgg. 03 Fechenheim &#8211; SG Ober-Erlenbach 3:0 (1:0)<\/h4>\n<p><img loading=\"lazy\" decoding=\"async\" class=\"alignnone size-full wp-image-434\" src=\"http:\/\/insideamateurfussball-ffm.de\/wp-content\/uploads\/2022\/05\/Fech03.jpg\" alt=\"\" width=\"52\" height=\"80\" \/><img loading=\"lazy\" decoding=\"async\" class=\"alignnone size-full wp-image-2186\" src=\"http:\/\/insideamateurfussball-ffm.de\/wp-content\/uploads\/2022\/08\/Ober-erl.jpg\" alt=\"\" width=\"76\" height=\"80\" \/><\/p>\n<p><span style=\"color: #008000;\">Die Gastgeber sind derzeit defensiv kaum zu \u00fcberwinden, kassierten bei den f\u00fcnf Siegen in Folge nur einen Gegentreffer. Kevin Klein hatte die Fechenheimer fr\u00fch in F\u00fchrung gebracht (2.). &#8222;Ober-Erlenbach hat dann aber sehr gef\u00e4llig gespielt, obwohl sie nach vorne nicht viel Durchschlagskraft hatten&#8220;, berichtete Fechenheims Vereinschef Reinhold Schmidt. Und so wurde die Partie gegen den Tabellenvorletzten doch etwas schwieriger als im Vorfeld gedacht. Lange blieb es beim 1:0, bis dann Spielgestalter Ouassim Ouass, der zuvor im Topspiel der Reserve gegen Union Niederrad II (2:0) in der B-Klasse eingewechselt worden war, die Fechenheimer auf Vorlage von Ayman Azarohi erl\u00f6ste (84.). Als Kr\u00f6nung seines langen Fu\u00dfball-Nachmittages verwandelte Ouass einen Eckball direkt zum Endstand (88.).<\/span><\/p>\n<h4>Schiedsrichter: Christian Vogel (Michelstadt). Zuschauer: 50.<\/h4>\n<h4>Tore: 1:0 Kevin Klein (2.), 2:0, 3:0 Ouassim Ouass (84.\/88.).<\/h4>\n","protected":false},"excerpt":{"rendered":"<p>F\u00fcnfter Sieg in Folge f\u00fcr die Spvgg. Fechenheim in der Gruppenliga Frankfurt West, die auch den Tabellenvorletzten und Aufsteiger SG Ober-Erlenbach mit 3:0 (1:0) besiegte. Mann des Tages war aber der Fechenheimer Spielmacher Ouassim Ouass, der sich nicht zu schade war, zuvor im Topspiel der B-Klasse (Gruppe 2) zwischen der Fechenheimer Reserve und Union Niederrad [&hellip;]<\/p>\n","protected":false},"author":1,"featured_media":3937,"comment_status":"open","ping_status":"open","sticky":false,"template":"","format":"standard","meta":{"footnotes":""},"categories":[13],"tags":[],"class_list":["post-3936","post","type-post","status-publish","format-standard","has-post-thumbnail","hentry","category-gruppenliga-frankfurt-west"],"_links":{"self":[{"href":"https:\/\/insideamateurfussball-ffm.de\/index.php?rest_route=\/wp\/v2\/posts\/3936","targetHints":{"allow":["GET"]}}],"collection":[{"href":"https:\/\/insideamateurfussball-ffm.de\/index.php?rest_route=\/wp\/v2\/posts"}],"about":[{"href":"https:\/\/insideamateurfussball-ffm.de\/index.php?rest_route=\/wp\/v2\/types\/post"}],"author":[{"embeddable":true,"href":"https:\/\/insideamateurfussball-ffm.de\/index.php?rest_route=\/wp\/v2\/users\/1"}],"replies":[{"embeddable":true,"href":"https:\/\/insideamateurfussball-ffm.de\/index.php?rest_route=%2Fwp%2Fv2%2Fcomments&post=3936"}],"version-history":[{"count":1,"href":"https:\/\/insideamateurfussball-ffm.de\/index.php?rest_route=\/wp\/v2\/posts\/3936\/revisions"}],"predecessor-version":[{"id":3938,"href":"https:\/\/insideamateurfussball-ffm.de\/index.php?rest_route=\/wp\/v2\/posts\/3936\/revisions\/3938"}],"wp:featuredmedia":[{"embeddable":true,"href":"https:\/\/insideamateurfussball-ffm.de\/index.php?rest_route=\/wp\/v2\/media\/3937"}],"wp:attachment":[{"href":"https:\/\/insideamateurfussball-ffm.de\/index.php?rest_route=%2Fwp%2Fv2%2Fmedia&parent=3936"}],"wp:term":[{"taxonomy":"category","embeddable":true,"href":"https:\/\/insideamateurfussball-ffm.de\/index.php?rest_route=%2Fwp%2Fv2%2Fcategories&post=3936"},{"taxonomy":"post_tag","embeddable":true,"href":"https:\/\/insideamateurfussball-ffm.de\/index.php?rest_route=%2Fwp%2Fv2%2Ftags&post=3936"}],"curies":[{"name":"wp","href":"https:\/\/api.w.org\/{rel}","templated":true}]}}