{"id":3930,"date":"2022-11-21T23:23:29","date_gmt":"2022-11-21T21:23:29","guid":{"rendered":"http:\/\/insideamateurfussball-ffm.de\/?p=3930"},"modified":"2025-01-10T14:52:50","modified_gmt":"2025-01-10T13:52:50","slug":"oberrad-hat-seckbach-sicher-im-griff","status":"publish","type":"post","link":"https:\/\/insideamateurfussball-ffm.de\/?p=3930","title":{"rendered":"Oberrad hat Seckbach sicher im Griff"},"content":{"rendered":"<h4>Der Spvgg. 05 Oberrad gelang zum Auftakt der R\u00fcckrunde in der Gruppenliga Frankfurt West ein deutlicher 4:0 (2:0)-Sieg gegen die abstiegsgef\u00e4hrdete FG Seckbach. Damit gelang dem Team von Trainer Sascha Amst\u00e4tter die Revanche f\u00fcr die Hinspielniederlage im August (1:2).<\/h4>\n<figure id=\"attachment_3931\" aria-describedby=\"caption-attachment-3931\" style=\"width: 2048px\" class=\"wp-caption alignnone\"><img loading=\"lazy\" decoding=\"async\" class=\"wp-image-3931 size-full\" src=\"http:\/\/insideamateurfussball-ffm.de\/wp-content\/uploads\/2022\/11\/Gluha.jpg\" alt=\"\" width=\"2048\" height=\"1536\" srcset=\"https:\/\/insideamateurfussball-ffm.de\/wp-content\/uploads\/2022\/11\/Gluha.jpg 2048w, https:\/\/insideamateurfussball-ffm.de\/wp-content\/uploads\/2022\/11\/Gluha-300x225.jpg 300w, https:\/\/insideamateurfussball-ffm.de\/wp-content\/uploads\/2022\/11\/Gluha-1024x768.jpg 1024w, https:\/\/insideamateurfussball-ffm.de\/wp-content\/uploads\/2022\/11\/Gluha-768x576.jpg 768w, https:\/\/insideamateurfussball-ffm.de\/wp-content\/uploads\/2022\/11\/Gluha-1536x1152.jpg 1536w\" sizes=\"auto, (max-width: 2048px) 100vw, 2048px\" \/><figcaption id=\"caption-attachment-3931\" class=\"wp-caption-text\"><strong>Drazen Gluhakovic erzielte zwei Tore f\u00fcr Oberrad. Foto: Christian Zimmermann. <\/strong><\/figcaption><\/figure>\n<h4>Spvgg. 05 Oberrad &#8211; FG Seckbach 4:0 (2:0)<\/h4>\n<p><img loading=\"lazy\" decoding=\"async\" class=\"alignnone size-full wp-image-137\" src=\"http:\/\/insideamateurfussball-ffm.de\/wp-content\/uploads\/2022\/05\/Oberrad05.jpg\" alt=\"\" width=\"79\" height=\"80\" \/><img loading=\"lazy\" decoding=\"async\" class=\"alignnone size-full wp-image-544\" src=\"http:\/\/insideamateurfussball-ffm.de\/wp-content\/uploads\/2022\/06\/Seckbach.jpg\" alt=\"\" width=\"80\" height=\"80\" \/><\/p>\n<p><span style=\"color: #008000;\">Spielmacher Josef Sultani lieferte zu drei der vier Oberr\u00e4der Tore die Vorarbeit. Hatem Fekih \u00fcberwand Seckbachs Torh\u00fcter Christoph Lange zur F\u00fchrung (23.). Masse Bell Bell konnte erh\u00f6hen (28.). Im zweiten Abschnitt war noch zweimal Drazen Gluhakovic erfolgreich (75.\/80.). &#8222;Das war ein ungef\u00e4hrdeter Sieg. Sultani und Gluhakovic ragten aus einer geschlossenen Mannschaftsleistung heraus&#8220;, sagte Oberrads Trainer Sascha Amst\u00e4tter. Auf der Ersatzbank nahmen ausschlie\u00dflich Spieler aus der U19 Platz, vier davon erhielten durch Einwechslungen Spielpraxis. W\u00e4hrend Oberrad Richtung oberes Drittel tendiert, ist die Tabellenlage in Seckbach vor dem wichtigen Nachholspiel am Mittwoch bei der ebenfalls abstiegsgef\u00e4hrdeten DJK Bad Homburg (20 Uhr) weiter angespannt.<\/span><\/p>\n<h4>Schiedsrichter: Simon He\u00df (Heppenheim). Zuschauer: 48.<\/h4>\n<h4>Tore: 1:0 Hatem Fekih (23.), 2:0 Masse Bell Bell (28.), 3:0, 4:0 Drazen Gluhakovic (75.\/80.).<\/h4>\n","protected":false},"excerpt":{"rendered":"<p>Der Spvgg. 05 Oberrad gelang zum Auftakt der R\u00fcckrunde in der Gruppenliga Frankfurt West ein deutlicher 4:0 (2:0)-Sieg gegen die abstiegsgef\u00e4hrdete FG Seckbach. Damit gelang dem Team von Trainer Sascha Amst\u00e4tter die Revanche f\u00fcr die Hinspielniederlage im August (1:2). Spvgg. 05 Oberrad &#8211; FG Seckbach 4:0 (2:0) Spielmacher Josef Sultani lieferte zu drei der vier [&hellip;]<\/p>\n","protected":false},"author":1,"featured_media":3931,"comment_status":"open","ping_status":"open","sticky":false,"template":"","format":"standard","meta":{"footnotes":""},"categories":[13],"tags":[],"class_list":["post-3930","post","type-post","status-publish","format-standard","has-post-thumbnail","hentry","category-gruppenliga-frankfurt-west"],"_links":{"self":[{"href":"https:\/\/insideamateurfussball-ffm.de\/index.php?rest_route=\/wp\/v2\/posts\/3930","targetHints":{"allow":["GET"]}}],"collection":[{"href":"https:\/\/insideamateurfussball-ffm.de\/index.php?rest_route=\/wp\/v2\/posts"}],"about":[{"href":"https:\/\/insideamateurfussball-ffm.de\/index.php?rest_route=\/wp\/v2\/types\/post"}],"author":[{"embeddable":true,"href":"https:\/\/insideamateurfussball-ffm.de\/index.php?rest_route=\/wp\/v2\/users\/1"}],"replies":[{"embeddable":true,"href":"https:\/\/insideamateurfussball-ffm.de\/index.php?rest_route=%2Fwp%2Fv2%2Fcomments&post=3930"}],"version-history":[{"count":1,"href":"https:\/\/insideamateurfussball-ffm.de\/index.php?rest_route=\/wp\/v2\/posts\/3930\/revisions"}],"predecessor-version":[{"id":3932,"href":"https:\/\/insideamateurfussball-ffm.de\/index.php?rest_route=\/wp\/v2\/posts\/3930\/revisions\/3932"}],"wp:featuredmedia":[{"embeddable":true,"href":"https:\/\/insideamateurfussball-ffm.de\/index.php?rest_route=\/wp\/v2\/media\/3931"}],"wp:attachment":[{"href":"https:\/\/insideamateurfussball-ffm.de\/index.php?rest_route=%2Fwp%2Fv2%2Fmedia&parent=3930"}],"wp:term":[{"taxonomy":"category","embeddable":true,"href":"https:\/\/insideamateurfussball-ffm.de\/index.php?rest_route=%2Fwp%2Fv2%2Fcategories&post=3930"},{"taxonomy":"post_tag","embeddable":true,"href":"https:\/\/insideamateurfussball-ffm.de\/index.php?rest_route=%2Fwp%2Fv2%2Ftags&post=3930"}],"curies":[{"name":"wp","href":"https:\/\/api.w.org\/{rel}","templated":true}]}}