{"id":3927,"date":"2022-11-21T23:11:28","date_gmt":"2022-11-21T21:11:28","guid":{"rendered":"http:\/\/insideamateurfussball-ffm.de\/?p=3927"},"modified":"2025-01-10T14:52:56","modified_gmt":"2025-01-10T13:52:56","slug":"bornheim-trotzt-ausfaellen-mit-20-ueber-rw-darmstadt","status":"publish","type":"post","link":"https:\/\/insideamateurfussball-ffm.de\/?p=3927","title":{"rendered":"Bornheim trotzt Ausf\u00e4llen mit 2:0 \u00fcber RW Darmstadt"},"content":{"rendered":"<h4>Zum R\u00fcckrundenauftakt in der Verbandsliga S\u00fcd gelang es der SG Bornheim\/Gr\u00fcn-Wei\u00df, bis auf vier Punkte an das Spitzenduo Hanauer SC und Rot-Wei\u00df Darmstadt heranzur\u00fccken und sich auf Rang drei vorzuschieben. Dabei profitierten die Bornheimer zum einen vom Spielausfall der Hanauer bei Germania Ober-Roden, zum anderen gelang dem Team von Trainer Sascha Volk vor eigenem Publikum ein 2:0 gegen den Tabellenzweiten aus Darmstadt.<\/h4>\n<figure id=\"attachment_3928\" aria-describedby=\"caption-attachment-3928\" style=\"width: 309px\" class=\"wp-caption alignnone\"><img loading=\"lazy\" decoding=\"async\" class=\"wp-image-3928\" src=\"http:\/\/insideamateurfussball-ffm.de\/wp-content\/uploads\/2022\/11\/bor16-1-300x234.jpg\" alt=\"\" width=\"309\" height=\"241\" srcset=\"https:\/\/insideamateurfussball-ffm.de\/wp-content\/uploads\/2022\/11\/bor16-1-300x234.jpg 300w, https:\/\/insideamateurfussball-ffm.de\/wp-content\/uploads\/2022\/11\/bor16-1-768x599.jpg 768w, https:\/\/insideamateurfussball-ffm.de\/wp-content\/uploads\/2022\/11\/bor16-1.jpg 887w\" sizes=\"auto, (max-width: 309px) 100vw, 309px\" \/><figcaption id=\"caption-attachment-3928\" class=\"wp-caption-text\"><strong>Die SG Bornheim\/Gr\u00fcn-Wei\u00df gewann trotz Personalausf\u00e4llen mit 2:0 gegen RW Darmstadt. Foto: Mithat G\u00fcrser. <\/strong><\/figcaption><\/figure>\n<h4>SG Bornheim Gr\u00fcn-Wei\u00df &#8211; SKV Rot-Wei\u00df Darmstadt 2:0 (1:0)<\/h4>\n<p><img loading=\"lazy\" decoding=\"async\" class=\"alignnone size-full wp-image-119\" src=\"http:\/\/insideamateurfussball-ffm.de\/wp-content\/uploads\/2022\/05\/Bornheim.jpg\" alt=\"\" width=\"80\" height=\"80\" \/><img loading=\"lazy\" decoding=\"async\" class=\"alignnone size-full wp-image-328\" src=\"http:\/\/insideamateurfussball-ffm.de\/wp-content\/uploads\/2022\/05\/RWDA.png\" alt=\"\" width=\"76\" height=\"80\" \/><\/p>\n<p><span style=\"color: #008000;\">Obwohl zahlreiche Leistungstr\u00e4ger nicht zur Verf\u00fcgung standen, lieferten die Bornheimer eine konzentrierte Vorstellung ab. Die G\u00e4ste kamen durch eine gute Kombination \u00fcber Abdulrahman Sancak zum ersten Abschluss (10.), der dann sp\u00e4ter noch eine weitere gute M\u00f6glichkeit vergab. Auf der Gegenseite traf Joel Tewelde den Innenpfosten (24.). In F\u00fchrung ging Bornheim nach einem Eckball, den Pau Babot eink\u00f6pfte (37.). In der Schlussphase schloss Valerio Lettieri einen guten Gegenangriff zum 2:0 erfolgreich ab (83.). &#8222;Wir standen tiefer und wollten Darmstadt nicht viel Raum bieten. Mit dem Sieg k\u00f6nnen wir sehr zufrieden sein, es h\u00e4tte aber auch anders laufen k\u00f6nnen&#8220;, meinte Bornheims Trainer Sascha Volk.<\/span><\/p>\n<h4>Schiedsrichter: Dennis Jantz (Wiesbaden). Tore: 1:0 Pau Babot (37.), 2:0 Valerio Lettieri (83.).<\/h4>\n","protected":false},"excerpt":{"rendered":"<p>Zum R\u00fcckrundenauftakt in der Verbandsliga S\u00fcd gelang es der SG Bornheim\/Gr\u00fcn-Wei\u00df, bis auf vier Punkte an das Spitzenduo Hanauer SC und Rot-Wei\u00df Darmstadt heranzur\u00fccken und sich auf Rang drei vorzuschieben. Dabei profitierten die Bornheimer zum einen vom Spielausfall der Hanauer bei Germania Ober-Roden, zum anderen gelang dem Team von Trainer Sascha Volk vor eigenem Publikum [&hellip;]<\/p>\n","protected":false},"author":1,"featured_media":3928,"comment_status":"open","ping_status":"open","sticky":false,"template":"","format":"standard","meta":{"footnotes":""},"categories":[10],"tags":[],"class_list":["post-3927","post","type-post","status-publish","format-standard","has-post-thumbnail","hentry","category-verbandsliga-sued"],"_links":{"self":[{"href":"https:\/\/insideamateurfussball-ffm.de\/index.php?rest_route=\/wp\/v2\/posts\/3927","targetHints":{"allow":["GET"]}}],"collection":[{"href":"https:\/\/insideamateurfussball-ffm.de\/index.php?rest_route=\/wp\/v2\/posts"}],"about":[{"href":"https:\/\/insideamateurfussball-ffm.de\/index.php?rest_route=\/wp\/v2\/types\/post"}],"author":[{"embeddable":true,"href":"https:\/\/insideamateurfussball-ffm.de\/index.php?rest_route=\/wp\/v2\/users\/1"}],"replies":[{"embeddable":true,"href":"https:\/\/insideamateurfussball-ffm.de\/index.php?rest_route=%2Fwp%2Fv2%2Fcomments&post=3927"}],"version-history":[{"count":1,"href":"https:\/\/insideamateurfussball-ffm.de\/index.php?rest_route=\/wp\/v2\/posts\/3927\/revisions"}],"predecessor-version":[{"id":3929,"href":"https:\/\/insideamateurfussball-ffm.de\/index.php?rest_route=\/wp\/v2\/posts\/3927\/revisions\/3929"}],"wp:featuredmedia":[{"embeddable":true,"href":"https:\/\/insideamateurfussball-ffm.de\/index.php?rest_route=\/wp\/v2\/media\/3928"}],"wp:attachment":[{"href":"https:\/\/insideamateurfussball-ffm.de\/index.php?rest_route=%2Fwp%2Fv2%2Fmedia&parent=3927"}],"wp:term":[{"taxonomy":"category","embeddable":true,"href":"https:\/\/insideamateurfussball-ffm.de\/index.php?rest_route=%2Fwp%2Fv2%2Fcategories&post=3927"},{"taxonomy":"post_tag","embeddable":true,"href":"https:\/\/insideamateurfussball-ffm.de\/index.php?rest_route=%2Fwp%2Fv2%2Ftags&post=3927"}],"curies":[{"name":"wp","href":"https:\/\/api.w.org\/{rel}","templated":true}]}}