{"id":392,"date":"2022-05-26T00:56:00","date_gmt":"2022-05-26T00:56:00","guid":{"rendered":"http:\/\/insideamateurfussball-ffm.de\/?p=392"},"modified":"2024-12-17T12:47:52","modified_gmt":"2024-12-17T10:47:52","slug":"hammann-entreisst-oberrad-zwei-punkte","status":"publish","type":"post","link":"https:\/\/insideamateurfussball-ffm.de\/?p=392","title":{"rendered":"Hammann entrei\u00dft Oberrad zwei Punkte"},"content":{"rendered":"<h5>Spvgg. 05 Oberrad &#8211; SV Unter-Flockenbach 1:1 (1:0)<\/h5>\n<p><img loading=\"lazy\" decoding=\"async\" class=\"alignnone size-full wp-image-137\" src=\"http:\/\/insideamateurfussball-ffm.de\/wp-content\/uploads\/2022\/05\/Oberrad05.jpg\" alt=\"\" width=\"79\" height=\"80\" \/><img loading=\"lazy\" decoding=\"async\" class=\"alignnone size-full wp-image-240\" src=\"http:\/\/insideamateurfussball-ffm.de\/wp-content\/uploads\/2022\/05\/Unter-Flockenbach.png\" alt=\"\" width=\"80\" height=\"80\" \/><\/p>\n<h5>Bis in die Nachspielzeit hinein stand die Spvgg. 05 Oberrad am Mittwochabend im Nachholspiel der Verbandsliga S\u00fcd vor dem ersten Sieg seit einem halben Jahr. Gegen den feststehenden Hessenliga-Aufsteiger SV Unter-Flockenbach reichte es dennoch nur zu einem 1:1 (1:0), weil die G\u00e4ste aus der Rhein-Neckar-Region durch ihren Spielmacher Nico Hammann noch zum Ausgleich kamen.<\/h5>\n<figure id=\"attachment_393\" aria-describedby=\"caption-attachment-393\" style=\"width: 300px\" class=\"wp-caption alignnone\"><img loading=\"lazy\" decoding=\"async\" class=\"size-medium wp-image-393\" src=\"http:\/\/insideamateurfussball-ffm.de\/wp-content\/uploads\/2022\/05\/Ob-SVU-300x225.jpg\" alt=\"\" width=\"300\" height=\"225\" \/><figcaption id=\"caption-attachment-393\" class=\"wp-caption-text\">Oberrads Kapit\u00e4n Kaan K\u00f6ksal ging gegen Meister Unter-Flockenbach voran.<\/figcaption><\/figure>\n<p>War das Deb\u00fct des neuen Oberr\u00e4der Trainers Sascha Amst\u00e4tter am Sonntag gegen Eintracht Wald-Michelbach noch erfolglos geblieben (0:3), so erkannte man gegen den Verbandsliga-Meister schon die Handschrift des Ex-Profis. Von Beginn an marschierten seine Spieler, gingen dabei weite Wege und warfen k\u00e4mpferisch gegen den st\u00e4rkeren Gegner alles in die Waagschale. &#8222;Man hat gesehen, dass Unter-Flockenbach nicht nur Hammann hat, sondern auch andere starke Spieler. Deswegen sind sie ja zurecht fr\u00fchzeitig Meister geworden. Wir hatten sie hier trotzdem am Rande einer Niederlage&#8220;, erkl\u00e4rte Amst\u00e4tter.<\/p>\n<p>Die erste Chance hatten die G\u00e4ste durch Lotfi Graidia, auf der Gegenseite setzte Henrik Nedwied einen Kopfball am Tor vorbei. Oberrad kam immer wieder zu Torabschl\u00fcssen wie durch Ilias Mouktader. Auf der anderen Seite war Oberrads Torh\u00fcter Nikola Bazina immer wieder damit besch\u00e4ftigt, Distanzsch\u00fcsse wie von Niclas Bl\u00fcm abzuwehren, den Nachschuss setzte Graidia neben den Kasten.<\/p>\n<blockquote><p>Der Fu\u00dfball hat uns in einer brutalen Form getroffen (Oberrads Trainer Sascha Amst\u00e4tter)<\/p><\/blockquote>\n<p>Kurz vor dem Seitenwechsel belohnte sich Oberrad mit dem F\u00fchrungstor von Ilias Mouktader (41.) und verteidigte den Vorsprung im zweiten Abschnitt leidenschaftlich. &#8222;Mit einer sehr guten Einstellung und Teamgeist gepaart mit einer sehr aufopferungsvollen Spielweise ist uns viel gelungen. Wenn wir etwas l\u00e4nger zusammen w\u00e4ren, h\u00e4tten wir diese Tugenden in das zweite Tor umm\u00fcnzen k\u00f6nnen. Nichtsdestotrotz k\u00f6nnen wir sehr stolz auf die Leistung sein, obwohl uns der Fu\u00dfball am Ende in einer brutalen Form getroffen hat&#8220;. analysierte Amst\u00e4tter.<\/p>\n<p>Filip Mitrovic hatte das zweite Tor auf dem Fu\u00df, setzte den Ball aber am Tor vorbei. Am Ende wurde der Druck der &#8222;Flockies&#8220; immer gr\u00f6\u00dfer. Was Graidia mit seinem Kopfball nicht schaffte (88.), gelang Spielgestalter Hammann in der ersten Minute der Nachspielzeit. Aus 30 Metern setzte er zum Fernschuss an und \u00fcberwand Bazina zum 1:1.<\/p>\n<figure id=\"attachment_394\" aria-describedby=\"caption-attachment-394\" style=\"width: 215px\" class=\"wp-caption alignnone\"><img loading=\"lazy\" decoding=\"async\" class=\"wp-image-394 size-medium\" src=\"http:\/\/insideamateurfussball-ffm.de\/wp-content\/uploads\/2022\/05\/Hammann-215x300.jpg\" alt=\"\" width=\"215\" height=\"300\" srcset=\"https:\/\/insideamateurfussball-ffm.de\/wp-content\/uploads\/2022\/05\/Hammann-215x300.jpg 215w, https:\/\/insideamateurfussball-ffm.de\/wp-content\/uploads\/2022\/05\/Hammann.jpg 496w\" sizes=\"auto, (max-width: 215px) 100vw, 215px\" \/><figcaption id=\"caption-attachment-394\" class=\"wp-caption-text\">\u00dcberragender Spielgestalter beim k\u00fcnftigen Hessenligisten: Nico Hammann. Foto: Mithat G\u00fcrser.<\/figcaption><\/figure>\n<h5>Neue Sportliche Leitung<\/h5>\n<p>Im Vorfeld der Partie gab der Verein in einer Pressemitteilung Ver\u00e4nderungen in der Sportlichen Leitung bekannt. <span style=\"color: initial;\">Das neue Amt des Sportlichen Leiters wird der ehemalige Spieler George Worcester \u00fcbernehmen. Worcester war lange Jahre ein Ger\u00fcst der Mannschaft und hat die zwei Jahre in der Hessenliga mitgemacht. Aus seiner Zeit als Spieler bringt er Erfahrungen aus hochklassigen Ligen durch Engagements beim SV Darmstadt 98 und dem SV Wehen Wiesbaden mit. Schon in seiner aktiven Zeit hat er sich sehr stark f\u00fcr organisatorische und strukturelle Themen im Verein interessiert und sehr stark eingebracht.\u00a0 <\/span><span style=\"color: initial;\">Auch im Vorstandsbereich tut sich etwas im sportlichen Bereich. Marcus Klandt, der in Oberrad einst in der ersten Mannschaft gespielt und auch schon als Jugendtrainer aktiv war, wird diesen Bereich federf\u00fchrend im Vorstandsbereich \u00fcbernehmen. Dabei profitiert Klandt auch von seinen Erfahrungen als Profispieler und als Sportlicher Leiter des FC Eschborn in Regional- und Oberliga.<\/span><\/p>\n<p><span style=\"color: initial;\"> Ausdr\u00fccklich bedankt sich der Verein bei Amst\u00e4tters Vorg\u00e4nger mit diesem Wortlaut: &#8222;Wir m\u00f6chten uns an dieser Stelle ausdr\u00fccklich bei Roland Stipp bedanken, der in den letzten Wochen mit unglaublichen Herzblut und Einsatz f\u00fcr die 1. Mannschaft gearbeitet hat. Leider haben wir die sportliche Wende gemeinsam nicht geschafft, so dass wir mit vollem Fokus auf den Klassenerhalt nun noch einmal einen Wechsel vorgenommen haben.&#8220;<\/span><\/p>\n<figure id=\"attachment_395\" aria-describedby=\"caption-attachment-395\" style=\"width: 300px\" class=\"wp-caption alignnone\"><img loading=\"lazy\" decoding=\"async\" class=\"wp-image-395 size-medium\" src=\"http:\/\/insideamateurfussball-ffm.de\/wp-content\/uploads\/2022\/05\/WorcesterKlandt-300x225.jpg\" alt=\"\" width=\"300\" height=\"225\" \/><figcaption id=\"caption-attachment-395\" class=\"wp-caption-text\">George Worcester und Marcus Klandt (von links) sollen Oberrad in ruhiges Fahrwasser f\u00fchren.<\/figcaption><\/figure>\n<h5>Schiedsrichter: Mirko Radl (Biebesheim). Zuschauer: 144. Tore: 1:0 Ilias Mouktader (41.), 1:1 Nico Hammann (90.\/+1).<\/h5>\n<h5><\/h5>\n","protected":false},"excerpt":{"rendered":"<p>Spvgg. 05 Oberrad &#8211; SV Unter-Flockenbach 1:1 (1:0) Bis in die Nachspielzeit hinein stand die Spvgg. 05 Oberrad am Mittwochabend im Nachholspiel der Verbandsliga S\u00fcd vor dem ersten Sieg seit einem halben Jahr. Gegen den feststehenden Hessenliga-Aufsteiger SV Unter-Flockenbach reichte es dennoch nur zu einem 1:1 (1:0), weil die G\u00e4ste aus der Rhein-Neckar-Region durch ihren [&hellip;]<\/p>\n","protected":false},"author":1,"featured_media":0,"comment_status":"open","ping_status":"open","sticky":false,"template":"","format":"standard","meta":{"footnotes":""},"categories":[10],"tags":[],"class_list":["post-392","post","type-post","status-publish","format-standard","hentry","category-verbandsliga-sued"],"_links":{"self":[{"href":"https:\/\/insideamateurfussball-ffm.de\/index.php?rest_route=\/wp\/v2\/posts\/392","targetHints":{"allow":["GET"]}}],"collection":[{"href":"https:\/\/insideamateurfussball-ffm.de\/index.php?rest_route=\/wp\/v2\/posts"}],"about":[{"href":"https:\/\/insideamateurfussball-ffm.de\/index.php?rest_route=\/wp\/v2\/types\/post"}],"author":[{"embeddable":true,"href":"https:\/\/insideamateurfussball-ffm.de\/index.php?rest_route=\/wp\/v2\/users\/1"}],"replies":[{"embeddable":true,"href":"https:\/\/insideamateurfussball-ffm.de\/index.php?rest_route=%2Fwp%2Fv2%2Fcomments&post=392"}],"version-history":[{"count":3,"href":"https:\/\/insideamateurfussball-ffm.de\/index.php?rest_route=\/wp\/v2\/posts\/392\/revisions"}],"predecessor-version":[{"id":398,"href":"https:\/\/insideamateurfussball-ffm.de\/index.php?rest_route=\/wp\/v2\/posts\/392\/revisions\/398"}],"wp:attachment":[{"href":"https:\/\/insideamateurfussball-ffm.de\/index.php?rest_route=%2Fwp%2Fv2%2Fmedia&parent=392"}],"wp:term":[{"taxonomy":"category","embeddable":true,"href":"https:\/\/insideamateurfussball-ffm.de\/index.php?rest_route=%2Fwp%2Fv2%2Fcategories&post=392"},{"taxonomy":"post_tag","embeddable":true,"href":"https:\/\/insideamateurfussball-ffm.de\/index.php?rest_route=%2Fwp%2Fv2%2Ftags&post=392"}],"curies":[{"name":"wp","href":"https:\/\/api.w.org\/{rel}","templated":true}]}}