{"id":3884,"date":"2022-11-21T21:23:21","date_gmt":"2022-11-21T19:23:21","guid":{"rendered":"http:\/\/insideamateurfussball-ffm.de\/?p=3884"},"modified":"2025-01-10T14:53:18","modified_gmt":"2025-01-10T13:53:18","slug":"zeilsheim-mit-kleinem-kader-erfolgreich","status":"publish","type":"post","link":"https:\/\/insideamateurfussball-ffm.de\/?p=3884","title":{"rendered":"Zeilsheim mit kleinem Kader erfolgreich"},"content":{"rendered":"<h4>Mit nur zw\u00f6lf Spielern fuhr der SV Zeilsheim zum Ausw\u00e4rtsspiel der Verbandsliga Mitte beim RSV Weyer und setzte sich trotzdem mit 2:1 (2:1) durch. Damit festigte das Team von Trainer Max Martin trotz der Personalmisere Rang vier.<\/h4>\n<figure id=\"attachment_3885\" aria-describedby=\"caption-attachment-3885\" style=\"width: 218px\" class=\"wp-caption alignnone\"><img loading=\"lazy\" decoding=\"async\" class=\"wp-image-3885\" src=\"http:\/\/insideamateurfussball-ffm.de\/wp-content\/uploads\/2022\/11\/18-Niklas-Dillitz-erzielte-den-Siegtreffer-211x300.jpg\" alt=\"\" width=\"218\" height=\"310\" srcset=\"https:\/\/insideamateurfussball-ffm.de\/wp-content\/uploads\/2022\/11\/18-Niklas-Dillitz-erzielte-den-Siegtreffer-211x300.jpg 211w, https:\/\/insideamateurfussball-ffm.de\/wp-content\/uploads\/2022\/11\/18-Niklas-Dillitz-erzielte-den-Siegtreffer.jpg 487w\" sizes=\"auto, (max-width: 218px) 100vw, 218px\" \/><figcaption id=\"caption-attachment-3885\" class=\"wp-caption-text\"><strong>Niklas Dillitz (rechts) traf in Weyer fr\u00fch zum Siegtreffer. Foto: Peter Strauch. <\/strong><\/figcaption><\/figure>\n<h4>RSV Weyer &#8211; SV Zeilsheim 1:2 (1:2)<\/h4>\n<p><img loading=\"lazy\" decoding=\"async\" class=\"alignnone size-full wp-image-3886\" src=\"http:\/\/insideamateurfussball-ffm.de\/wp-content\/uploads\/2022\/11\/Weyer.jpg\" alt=\"\" width=\"65\" height=\"80\" \/><img loading=\"lazy\" decoding=\"async\" class=\"alignnone size-full wp-image-1153\" src=\"http:\/\/insideamateurfussball-ffm.de\/wp-content\/uploads\/2022\/07\/SVZe.jpg\" alt=\"\" width=\"68\" height=\"80\" \/><\/p>\n<div data-canvas-width=\"573.5986666666664\"><span style=\"color: #008000;\">Ein einziger Auswechselspieler war den Zeilsheimern noch geblieben. Krankheits- und Verletzungsbedingt fehlten dem SV 13 Spieler. \u201eLediglich\u201c Ersatzkeeper Josip Galic konnte sich auf die Ersatzbank setzen. Nach drei Minuten musste der SV den ersten Nackenschlag hinnehmen. Die Gastgeber gingen durch Dennis Dietrich in F\u00fchrung. <\/span><\/div>\n<div data-canvas-width=\"573.5986666666664\"><\/div>\n<div data-canvas-width=\"573.5986666666664\"><span style=\"color: #008000;\">Doch der SV Zeilsheim lie\u00df sich durch die F\u00fchrung nicht beeindrucken. Spielerisch<\/span><\/div>\n<div data-canvas-width=\"598.1360000000001\"><span style=\"color: #008000;\">ihrem Gegner klar \u00fcberlegen, verlegte sich das Spiel in die H\u00e4lfte Weyers. Dann tankte sich Andre Schneider auf der linken Seite durch und flankte auf Leon Wronski, der am zweiten Pfosten wenig M\u00fche hatte den Ausgleich (21.) zu erzielen.<\/span><\/div>\n<h4 data-canvas-width=\"598.1360000000001\">Reihenweise Chancen vergeben<\/h4>\n<div data-canvas-width=\"598.1360000000001\"><span style=\"color: #008000;\">Das gab der Mannschaft von Trainer Max Martin Auftrieb und nur wenig sp\u00e4ter brachte Niklas Dillitz seinen SV mit einem Schuss aus 18 Metern verdient mit 2:1 F\u00fchrung. Weyer hatte au\u00dfer Kampf nicht viel entgegen zu setzen. Der SVZ diktierte auch in der Folgezeit das Spielgeschehen und h\u00e4tte in der 2. Halbzeit des\u00f6fteren nachlegen k\u00f6nnen. <\/span><\/div>\n<div data-canvas-width=\"598.1360000000001\"><\/div>\n<div data-canvas-width=\"598.1360000000001\"><span style=\"color: #008000;\">Reihenweise wurden gute Chancen durch Samed G\u00fcrsoy (65.), Ilias Mouktader (69.) und Marijan Petrovic (72.) vergeben. So blieb die Partie bis zum Schluss spannend. Wirklich gef\u00e4hrlich wurde Weyer allerdings nicht mehr. Als Tabellenvierter empf\u00e4ngt der SV am kommenden Sonntag, 27.11.2022 um 15:30 Uhr die SG Walluf an der heimischen Lenzenbergstra\u00dfe.<\/span><\/div>\n<div data-canvas-width=\"598.1360000000001\"><\/div>\n<div data-canvas-width=\"598.1360000000001\">Bericht: Peter Strauch.<\/div>\n<h4>Schiedsrichter: Boris Reisert (R\u00f6dermark). Tore: 1:0 Dennis Dietrich (3.), 1:1 Leon Wronski (21.), 1:2 Niklas Dillitz (28.).<\/h4>\n","protected":false},"excerpt":{"rendered":"<p>Mit nur zw\u00f6lf Spielern fuhr der SV Zeilsheim zum Ausw\u00e4rtsspiel der Verbandsliga Mitte beim RSV Weyer und setzte sich trotzdem mit 2:1 (2:1) durch. Damit festigte das Team von Trainer Max Martin trotz der Personalmisere Rang vier. RSV Weyer &#8211; SV Zeilsheim 1:2 (1:2) Ein einziger Auswechselspieler war den Zeilsheimern noch geblieben. Krankheits- und Verletzungsbedingt [&hellip;]<\/p>\n","protected":false},"author":1,"featured_media":3885,"comment_status":"open","ping_status":"open","sticky":false,"template":"","format":"standard","meta":{"footnotes":""},"categories":[32],"tags":[],"class_list":["post-3884","post","type-post","status-publish","format-standard","has-post-thumbnail","hentry","category-verbandsliga-mitte"],"_links":{"self":[{"href":"https:\/\/insideamateurfussball-ffm.de\/index.php?rest_route=\/wp\/v2\/posts\/3884","targetHints":{"allow":["GET"]}}],"collection":[{"href":"https:\/\/insideamateurfussball-ffm.de\/index.php?rest_route=\/wp\/v2\/posts"}],"about":[{"href":"https:\/\/insideamateurfussball-ffm.de\/index.php?rest_route=\/wp\/v2\/types\/post"}],"author":[{"embeddable":true,"href":"https:\/\/insideamateurfussball-ffm.de\/index.php?rest_route=\/wp\/v2\/users\/1"}],"replies":[{"embeddable":true,"href":"https:\/\/insideamateurfussball-ffm.de\/index.php?rest_route=%2Fwp%2Fv2%2Fcomments&post=3884"}],"version-history":[{"count":1,"href":"https:\/\/insideamateurfussball-ffm.de\/index.php?rest_route=\/wp\/v2\/posts\/3884\/revisions"}],"predecessor-version":[{"id":3887,"href":"https:\/\/insideamateurfussball-ffm.de\/index.php?rest_route=\/wp\/v2\/posts\/3884\/revisions\/3887"}],"wp:featuredmedia":[{"embeddable":true,"href":"https:\/\/insideamateurfussball-ffm.de\/index.php?rest_route=\/wp\/v2\/media\/3885"}],"wp:attachment":[{"href":"https:\/\/insideamateurfussball-ffm.de\/index.php?rest_route=%2Fwp%2Fv2%2Fmedia&parent=3884"}],"wp:term":[{"taxonomy":"category","embeddable":true,"href":"https:\/\/insideamateurfussball-ffm.de\/index.php?rest_route=%2Fwp%2Fv2%2Fcategories&post=3884"},{"taxonomy":"post_tag","embeddable":true,"href":"https:\/\/insideamateurfussball-ffm.de\/index.php?rest_route=%2Fwp%2Fv2%2Ftags&post=3884"}],"curies":[{"name":"wp","href":"https:\/\/api.w.org\/{rel}","templated":true}]}}