{"id":3861,"date":"2022-11-16T00:22:33","date_gmt":"2022-11-15T22:22:33","guid":{"rendered":"http:\/\/insideamateurfussball-ffm.de\/?p=3861"},"modified":"2025-01-10T14:53:45","modified_gmt":"2025-01-10T13:53:45","slug":"siebtes-svh-remis-gegen-posavina","status":"publish","type":"post","link":"https:\/\/insideamateurfussball-ffm.de\/?p=3861","title":{"rendered":"Siebtes SVH-Remis gegen Posavina"},"content":{"rendered":"<h6><span style=\"font-size: 20px;\">Im Kellerduell der Kreisoberliga Frankfurt trennten sich der SV 07 Heddernheim und der FC Posavina am Sonntag mit einem 2:2 (2:1). Damit wurden die Gr\u00fcn-Wei\u00dfen ihrem Ruf als Remisk\u00f6nig der Liga gerecht. Es war bereits das siebte Unentschieden im 14. Spiel. Jedoch schaffte es Heddernheim trotz einer zweimaligen F\u00fchrung nicht, mal ein Spiel zu gewinnen und belegt weiter hinter Posavina den ersten Abstiegsplatz.\u00a0<\/span><\/h6>\n<figure id=\"attachment_3862\" aria-describedby=\"caption-attachment-3862\" style=\"width: 300px\" class=\"wp-caption aligncenter\"><img loading=\"lazy\" decoding=\"async\" class=\"wp-image-3862 size-medium\" src=\"http:\/\/insideamateurfussball-ffm.de\/wp-content\/uploads\/2022\/11\/Czuki-300x207.jpg\" alt=\"\" width=\"300\" height=\"207\" srcset=\"https:\/\/insideamateurfussball-ffm.de\/wp-content\/uploads\/2022\/11\/Czuki-300x207.jpg 300w, https:\/\/insideamateurfussball-ffm.de\/wp-content\/uploads\/2022\/11\/Czuki-768x529.jpg 768w, https:\/\/insideamateurfussball-ffm.de\/wp-content\/uploads\/2022\/11\/Czuki.jpg 1024w\" sizes=\"auto, (max-width: 300px) 100vw, 300px\" \/><figcaption id=\"caption-attachment-3862\" class=\"wp-caption-text\"><strong>Heddernheims Tormann Marcin Czukiewicz f\u00e4ngt einen Ball ab. Foto: Anna Strehmel. <\/strong><\/figcaption><\/figure>\n<h6><span style=\"font-size: 20px;\">SV 07 Heddernheim &#8211; FC Posavina 2:2 (2:1)<\/span><\/h6>\n<p><img loading=\"lazy\" decoding=\"async\" class=\"alignnone size-full wp-image-24\" src=\"http:\/\/insideamateurfussball-ffm.de\/wp-content\/uploads\/2021\/11\/1sv07_news2_4511.jpg\" alt=\"\" width=\"80\" height=\"80\" \/><img loading=\"lazy\" decoding=\"async\" class=\"alignnone size-full wp-image-22\" src=\"http:\/\/insideamateurfussball-ffm.de\/wp-content\/uploads\/2021\/11\/posavina.jpg\" alt=\"\" width=\"63\" height=\"80\" \/><\/p>\n<p><span style=\"font-size: 20px; color: #999999;\">Der Heddernheimer Spielausschusschef Klaus Schleicher verliert so langsam den Glauben an den &#8222;Fu\u00dfball-Gott&#8220;. Wieder hatten die Gr\u00fcn-Wei\u00dfen ein ansehnliches Spiel gezeigt und waren sogar zweimal in F\u00fchrung gegangen, aber die Mannschaft blieb auch in Spiel Nummer 13 in Folge ohne Sieg. Dabei hatte es gut begonnen auf dem gut besuchten Kunstrasenplatz an der Br\u00fchlwiese. Tino Matijevic erwischte einen guten Tag und traf gegen seine Landsleute nach einer Hereingabe ins rechte Eck (9.). Nach 20 Minuten musste Heddernheims St\u00fcrmer Christos Papadopoulos verletzt raus, ihn ersetzte Mittelfeldmann Rojhat \u00dcg\u00fct. SVH-Torwart Marcin Czukiewicz, seit elf Jahren Stammkeeper, spielte dann beim 1:1 eine Hauptrolle. V\u00f6llig unn\u00f6tig sein Foul am Strafraumrand gegen Anto Petrasevic. Den f\u00e4lligen Fouelelfmeter verwandelte Mato Djukic zum 1:1 (37.). <\/span><\/p>\n<p><span style=\"font-size: 20px; color: #999999;\">Fast postwendend Freisto\u00df auf der Gegenseite und Spezialist Matijevic traf aus 22 Metern satt unter die Latte &#8211; 2:1 (39.). Im zweiten Abschnitt kam Posavina durch Jounis Mharzi, eine der Neuerwerbungen von Germania Enkheim, nach einer Hereingabe mit Hilfe des Innenpfostens zum 2:2 (49.). Ab diesem Zeitpunkt war es dann unter Flutlicht ein spannendes Abstiegsduell auf Augenh\u00f6he. Dogan Nazim Erbulan durfte sich erstmal von Minute 57 bis 67 mit der Zeitstrafe abk\u00fchlen. Hundertprozentige Chancen vergaben die Platzherren durch Oliver Solarz, der nach einer Flanke von Deniz Yatci an FCP-Tormann Matej Markovic scheiterte (73.). Auch Erbulans Kopfball nach einer Ecke h\u00e4tte das dritte Tor sein k\u00f6nnen (75.). Die Kroaten vom Riederwald hatten in der Schlussphase noch Abschlusspech mit Petrasevic (Latte\/80.) und Djukic (90.\/+4, Pfosten).<\/span><\/p>\n<blockquote>\n<h6><span style=\"font-size: 20px;\">&#8222;Die engen Spiele, die wir letzte Saison gewonnen haben, gewinnen wir dieses Jahr nicht&#8220; (Heddernheims Trainer Andreas Berggold).<\/span><\/h6>\n<\/blockquote>\n<p><span style=\"font-size: 20px; color: #999999;\">SVH-Trainer Andreas Berggold, der in seiner fast sechsj\u00e4hrigen Amtszeit eine solch lange sieglose Zeit nicht vorher erlebt hat, war mal wieder entt\u00e4uscht: &#8222;Es war ein sehr zerfahrenes Spiel. Beide Mannschaften wollten mit einfachen Mitteln zum Erfolg kommen. Wir haben in der zweiten Halbzeit es verpasst, aus den klaren M\u00f6glichkeiten noch ein Tor zu machen, hatten aber auch Gl\u00fcck, dass der Gegner mit dem letzten Schuss den Pfosten trifft. Sehr \u00e4rgerlich war der 2:2-Ausgleich vier Minuten nach der Pause. Das 2:2 ist am Ende gerecht. Die engen Spiele, die wir letzte Saison gewonnen haben, gewinnen wir dieses Jahr nicht. Wir brauchen mal einen Sieg in einem 50:50-Spiel, am besten gegen Gudesding n\u00e4chsten Sonntag.&#8220; Posavina-Pressewart Danijel Pavic sah ebenfalls ein &#8222;sehr enges Spiel mit vielen Chancen auf beiden Seiten. Nach der Pause waren wir besser und h\u00e4tten das Spiel drehen m\u00fcssen, aber die Chancenverwertung war bitter. Wir nehmen den Punkt mit und hoffen n\u00e4chsten Sonntag in Hausen auf mehr.&#8220; <\/span><\/p>\n<p><span style=\"font-size: 20px; color: #999999;\">Die G\u00e4ste hatten am Samstagabend ihre Klubfeier in Heusenstamm mit rund 1000 G\u00e4sten veranstaltet, wo viele Spieler bis sp\u00e4t in die Nacht da waren und auch beim Aufbau geholfen hatten. Posavina hatte in Heddernheim wegen einer Vorverlegung angefragt, was aber nicht angenommen wurde. &#8222;Ich finde es schade, dass man das Spiel nicht vorverlegen konnte, denn so h\u00e4tten wir auch fitte Spieler gehabt. Nach mehrmaligen Anfragen wegen einer Spielverlegung bin ich abgeblitzt. Das ist uns aber auch schon bei anderen Clubs passiert. Das finde ich schade, da Posavina grunds\u00e4tzlich jeder Verlegung zustimmt&#8220;, \u00e4u\u00dferte sich Pavic.\u00a0<\/span><\/p>\n<h6><span style=\"font-size: 20px;\">Schiedsrichter: Michael Tonecker (Mittelgr\u00fcndau). Zuschauer: 120. <\/span><\/h6>\n<h6><span style=\"font-size: 20px;\">Tore: 1:0 Tino Matijevic (9.), 1:1 Mato Djukic (37.\/Foulelfmeter), 2:1 Tino Matijevic (39.), 2:2 Jounis Mharzi (49.).\u00a0<\/span><\/h6>\n\n\n<figure class=\"wp-block-gallery has-nested-images columns-default is-cropped wp-block-gallery-1 is-layout-flex wp-block-gallery-is-layout-flex\">\n<figure class=\"wp-block-image size-large is-style-rounded\"><img loading=\"lazy\" decoding=\"async\" width=\"1024\" height=\"461\" data-id=\"3863\" src=\"http:\/\/insideamateurfussball-ffm.de\/wp-content\/uploads\/2022\/11\/SVH-Pos-1024x461.jpg\" alt=\"\" class=\"wp-image-3863\" srcset=\"https:\/\/insideamateurfussball-ffm.de\/wp-content\/uploads\/2022\/11\/SVH-Pos-1024x461.jpg 1024w, https:\/\/insideamateurfussball-ffm.de\/wp-content\/uploads\/2022\/11\/SVH-Pos-300x135.jpg 300w, https:\/\/insideamateurfussball-ffm.de\/wp-content\/uploads\/2022\/11\/SVH-Pos-768x346.jpg 768w, https:\/\/insideamateurfussball-ffm.de\/wp-content\/uploads\/2022\/11\/SVH-Pos-1536x692.jpg 1536w, https:\/\/insideamateurfussball-ffm.de\/wp-content\/uploads\/2022\/11\/SVH-Pos.jpg 2048w\" sizes=\"auto, (max-width: 1024px) 100vw, 1024px\" \/><\/figure>\n<\/figure>\n\n\n\n<figure class=\"wp-block-gallery has-nested-images columns-default is-cropped wp-block-gallery-2 is-layout-flex wp-block-gallery-is-layout-flex\">\n<figure class=\"wp-block-image size-large is-style-rounded\"><img loading=\"lazy\" decoding=\"async\" width=\"1024\" height=\"461\" data-id=\"3864\" src=\"http:\/\/insideamateurfussball-ffm.de\/wp-content\/uploads\/2022\/11\/SVH-Pos2-1024x461.jpg\" alt=\"\" class=\"wp-image-3864\" srcset=\"https:\/\/insideamateurfussball-ffm.de\/wp-content\/uploads\/2022\/11\/SVH-Pos2-1024x461.jpg 1024w, https:\/\/insideamateurfussball-ffm.de\/wp-content\/uploads\/2022\/11\/SVH-Pos2-300x135.jpg 300w, https:\/\/insideamateurfussball-ffm.de\/wp-content\/uploads\/2022\/11\/SVH-Pos2-768x346.jpg 768w, https:\/\/insideamateurfussball-ffm.de\/wp-content\/uploads\/2022\/11\/SVH-Pos2-1536x692.jpg 1536w, https:\/\/insideamateurfussball-ffm.de\/wp-content\/uploads\/2022\/11\/SVH-Pos2.jpg 2048w\" sizes=\"auto, (max-width: 1024px) 100vw, 1024px\" \/><\/figure>\n<\/figure>\n\n\n\n<figure class=\"wp-block-gallery has-nested-images columns-default is-cropped wp-block-gallery-3 is-layout-flex wp-block-gallery-is-layout-flex\">\n<figure class=\"wp-block-image size-large is-style-rounded\"><img loading=\"lazy\" decoding=\"async\" width=\"1024\" height=\"769\" data-id=\"3865\" src=\"http:\/\/insideamateurfussball-ffm.de\/wp-content\/uploads\/2022\/11\/SVH-Pos3.jpg\" alt=\"\" class=\"wp-image-3865\" srcset=\"https:\/\/insideamateurfussball-ffm.de\/wp-content\/uploads\/2022\/11\/SVH-Pos3.jpg 1024w, https:\/\/insideamateurfussball-ffm.de\/wp-content\/uploads\/2022\/11\/SVH-Pos3-300x225.jpg 300w, https:\/\/insideamateurfussball-ffm.de\/wp-content\/uploads\/2022\/11\/SVH-Pos3-768x577.jpg 768w\" sizes=\"auto, (max-width: 1024px) 100vw, 1024px\" \/><\/figure>\n<\/figure>\n\n\n\n<figure class=\"wp-block-image size-full is-style-rounded\"><img loading=\"lazy\" decoding=\"async\" width=\"1024\" height=\"683\" src=\"http:\/\/insideamateurfussball-ffm.de\/wp-content\/uploads\/2022\/11\/Frip.jpg\" alt=\"\" class=\"wp-image-3866\" srcset=\"https:\/\/insideamateurfussball-ffm.de\/wp-content\/uploads\/2022\/11\/Frip.jpg 1024w, https:\/\/insideamateurfussball-ffm.de\/wp-content\/uploads\/2022\/11\/Frip-300x200.jpg 300w, https:\/\/insideamateurfussball-ffm.de\/wp-content\/uploads\/2022\/11\/Frip-768x512.jpg 768w\" sizes=\"auto, (max-width: 1024px) 100vw, 1024px\" \/><\/figure>\n\n\n\n<figure class=\"wp-block-image size-full is-style-rounded\"><img loading=\"lazy\" decoding=\"async\" width=\"1024\" height=\"576\" src=\"http:\/\/insideamateurfussball-ffm.de\/wp-content\/uploads\/2022\/11\/tinot.jpg\" alt=\"\" class=\"wp-image-3867\" srcset=\"https:\/\/insideamateurfussball-ffm.de\/wp-content\/uploads\/2022\/11\/tinot.jpg 1024w, https:\/\/insideamateurfussball-ffm.de\/wp-content\/uploads\/2022\/11\/tinot-300x169.jpg 300w, https:\/\/insideamateurfussball-ffm.de\/wp-content\/uploads\/2022\/11\/tinot-768x432.jpg 768w\" sizes=\"auto, (max-width: 1024px) 100vw, 1024px\" \/><\/figure>\n\n\n\n<figure class=\"wp-block-image size-full is-style-rounded\"><img loading=\"lazy\" decoding=\"async\" width=\"1024\" height=\"685\" src=\"http:\/\/insideamateurfussball-ffm.de\/wp-content\/uploads\/2022\/11\/GTo.jpg\" alt=\"\" class=\"wp-image-3868\" srcset=\"https:\/\/insideamateurfussball-ffm.de\/wp-content\/uploads\/2022\/11\/GTo.jpg 1024w, https:\/\/insideamateurfussball-ffm.de\/wp-content\/uploads\/2022\/11\/GTo-300x201.jpg 300w, https:\/\/insideamateurfussball-ffm.de\/wp-content\/uploads\/2022\/11\/GTo-768x514.jpg 768w\" sizes=\"auto, (max-width: 1024px) 100vw, 1024px\" \/><\/figure>\n","protected":false},"excerpt":{"rendered":"<p>Im Kellerduell der Kreisoberliga Frankfurt trennten sich der SV 07 Heddernheim und der FC Posavina am Sonntag mit einem 2:2 (2:1). Damit wurden die Gr\u00fcn-Wei\u00dfen ihrem Ruf als Remisk\u00f6nig der Liga gerecht. Es war bereits das siebte Unentschieden im 14. Spiel. Jedoch schaffte es Heddernheim trotz einer zweimaligen F\u00fchrung nicht, mal ein Spiel zu gewinnen [&hellip;]<\/p>\n","protected":false},"author":1,"featured_media":3862,"comment_status":"open","ping_status":"open","sticky":false,"template":"","format":"standard","meta":{"footnotes":""},"categories":[2],"tags":[],"class_list":["post-3861","post","type-post","status-publish","format-standard","has-post-thumbnail","hentry","category-kreisoberliga-frankfurt"],"_links":{"self":[{"href":"https:\/\/insideamateurfussball-ffm.de\/index.php?rest_route=\/wp\/v2\/posts\/3861","targetHints":{"allow":["GET"]}}],"collection":[{"href":"https:\/\/insideamateurfussball-ffm.de\/index.php?rest_route=\/wp\/v2\/posts"}],"about":[{"href":"https:\/\/insideamateurfussball-ffm.de\/index.php?rest_route=\/wp\/v2\/types\/post"}],"author":[{"embeddable":true,"href":"https:\/\/insideamateurfussball-ffm.de\/index.php?rest_route=\/wp\/v2\/users\/1"}],"replies":[{"embeddable":true,"href":"https:\/\/insideamateurfussball-ffm.de\/index.php?rest_route=%2Fwp%2Fv2%2Fcomments&post=3861"}],"version-history":[{"count":1,"href":"https:\/\/insideamateurfussball-ffm.de\/index.php?rest_route=\/wp\/v2\/posts\/3861\/revisions"}],"predecessor-version":[{"id":3869,"href":"https:\/\/insideamateurfussball-ffm.de\/index.php?rest_route=\/wp\/v2\/posts\/3861\/revisions\/3869"}],"wp:featuredmedia":[{"embeddable":true,"href":"https:\/\/insideamateurfussball-ffm.de\/index.php?rest_route=\/wp\/v2\/media\/3862"}],"wp:attachment":[{"href":"https:\/\/insideamateurfussball-ffm.de\/index.php?rest_route=%2Fwp%2Fv2%2Fmedia&parent=3861"}],"wp:term":[{"taxonomy":"category","embeddable":true,"href":"https:\/\/insideamateurfussball-ffm.de\/index.php?rest_route=%2Fwp%2Fv2%2Fcategories&post=3861"},{"taxonomy":"post_tag","embeddable":true,"href":"https:\/\/insideamateurfussball-ffm.de\/index.php?rest_route=%2Fwp%2Fv2%2Ftags&post=3861"}],"curies":[{"name":"wp","href":"https:\/\/api.w.org\/{rel}","templated":true}]}}