{"id":3845,"date":"2022-11-15T20:39:37","date_gmt":"2022-11-15T18:39:37","guid":{"rendered":"http:\/\/insideamateurfussball-ffm.de\/?p=3845"},"modified":"2025-01-10T14:54:19","modified_gmt":"2025-01-10T13:54:19","slug":"petos-matchwinner-von-bornheim-ii-32","status":"publish","type":"post","link":"https:\/\/insideamateurfussball-ffm.de\/?p=3845","title":{"rendered":"Petos Matchwinner von Bornheim II &#8211; 3:2!"},"content":{"rendered":"<h6><span style=\"font-size: 20px;\">Aufsteiger SG Bornheim\/Gr\u00fcn-Weiss II gewann am Sonntag in der Kreisoberliga Frnkfurt mit 3:2 (1:1) gegen den FC Croatia und festigte den zweiten Tabellenrang, der ja zur Teilnahme an der Relegation zur Gruppenliga Frankfurt West berechtigt. 30 Punkte hat die Bornheimer Reserve in 14 Spielen bereits gesammelt. Croatia kassierte die zweite Niederlage in Folge und steht trotzdem weiter solide im Tabellenmittelfeld.\u00a0<\/span><\/h6>\n<figure id=\"attachment_3789\" aria-describedby=\"caption-attachment-3789\" style=\"width: 315px\" class=\"wp-caption aligncenter\"><img loading=\"lazy\" decoding=\"async\" class=\"wp-image-3789\" src=\"http:\/\/insideamateurfussball-ffm.de\/wp-content\/uploads\/2022\/11\/IMG_0004-300x200.jpg\" alt=\"\" width=\"315\" height=\"210\" srcset=\"https:\/\/insideamateurfussball-ffm.de\/wp-content\/uploads\/2022\/11\/IMG_0004-300x200.jpg 300w, https:\/\/insideamateurfussball-ffm.de\/wp-content\/uploads\/2022\/11\/IMG_0004-1024x683.jpg 1024w, https:\/\/insideamateurfussball-ffm.de\/wp-content\/uploads\/2022\/11\/IMG_0004-768x512.jpg 768w, https:\/\/insideamateurfussball-ffm.de\/wp-content\/uploads\/2022\/11\/IMG_0004-1536x1024.jpg 1536w, https:\/\/insideamateurfussball-ffm.de\/wp-content\/uploads\/2022\/11\/IMG_0004-2048x1365.jpg 2048w\" sizes=\"auto, (max-width: 315px) 100vw, 315px\" \/><figcaption id=\"caption-attachment-3789\" class=\"wp-caption-text\"><\/strong> <strong>Weiter Tabellenzweiter in der Kreisoberliga Frankfurt ist Aufsteiger SG Bornheim\/Gr\u00fcn-Weiss II. Foto: Jan Werner.<\/strong><\/figcaption><\/figure>\n<h6><span style=\"font-size: 20px;\">SG Bornheim\/Gr\u00fcn-Weiss &#8211; FC Croatia 3:2 (1:1)<\/span><\/h6>\n<p><img loading=\"lazy\" decoding=\"async\" class=\"alignnone size-full wp-image-119\" src=\"http:\/\/insideamateurfussball-ffm.de\/wp-content\/uploads\/2022\/05\/Bornheim.jpg\" alt=\"\" width=\"80\" height=\"80\" \/><img loading=\"lazy\" decoding=\"async\" class=\"alignnone size-full wp-image-29\" src=\"http:\/\/insideamateurfussball-ffm.de\/wp-content\/uploads\/2021\/11\/croatia.jpg\" alt=\"\" width=\"63\" height=\"80\" \/><\/p>\n<p><span style=\"font-size: 20px; color: #999999;\">Matchwinner bei den Gastgebern war der vor der Saison vom FC Tempo gekommene St\u00fcrmer Nemanja Petos. Er markierte alle drei Treffer f\u00fcr die Bornheimer &#8222;Zweite&#8220;, erzielte dabei die F\u00fchrung per Seitfallzieher (12.). Als ehemaliger Bornheimer Jugendspieler hatte er sich im Sommer den Bornheimern angeschlossen. Mit dem Pausenpfiff glich Croatia durch Antonio Milicevic aus (45.). Nach dem Seitenwechsel lupfte Domagoj Molnar \u00fcber Bornheims Tormann Jonathan H\u00f6ser hinweg zur Croatia-F\u00fchrung ein (57.). <\/span><\/p>\n<p><span style=\"font-size: 20px; color: #999999;\">Doch Bornheim hatte Petos in petto, der nach dem Ausgleich (81.) das Spiel mit einem Distanzschuss entschied (83.). &#8222;Aufgrund der sp\u00e4ten Treffer ist der Sieg gl\u00fccklich, das war ein hartes St\u00fcck Arbeit. Gegen Croatia war es schwierig, das Passspiel aufzuziehen. Wir waren gezwungen, lange B\u00e4lle zu spielen, was gar nicht unser Stil ist. Wir hatten aber mehr Torchancen, obwohl Croatia gef\u00e4hrlich bei Standards war&#8220;, analysierte Bornheims Trainer Lucas Milbredt.<\/span><\/p>\n<blockquote>\n<h6><span style=\"font-size: 20px;\">&#8222;30 Punkte sind ein Knaller&#8220; (Bornheims Trainer Lucas Milbredt).<\/span><\/h6>\n<\/blockquote>\n<p><span style=\"font-size: 20px; color: #999999;\">Croatias Sportlicher Leiter Stanislav Konta befand: &#8222;Das war eine unn\u00f6tige Niederlage. Bornheim hatte drei Sch\u00fcsse auf das Tor. Der dreifache Torsch\u00fctze Petos h\u00e4tte in der ersten Halbzeit die Rote Karte sehen m\u00fcssen, aber der Schiedsrichter gab nur Gelb.&#8220; Damit war Milbredt nicht einverstanden: &#8222;Petos lag nach einem Zweikampf mit einem Gegenspieler am Boden, es gab keinen Schlag. Gelb war angemessen.&#8220; <\/span><\/p>\n<p><span style=\"font-size: 20px; color: #999999;\">Zur Tabellenlage sagte Milbredt: &#8222;30 Punkte sind ein Knaller, wir wollen bis zur Winterpause noch so viele Z\u00e4hler wie m\u00f6glich holen.&#8220; Kontas Schlusswort: &#8222;Die Jungs haben alles gegeben. Jetzt m\u00fcssen wir auf n\u00e4chste Woche warten, da ist das Balkan-Derby gegen Tempo.&#8220;\u00a0<\/span><\/p>\n<h6><span style=\"font-size: 20px;\">Schiedsrichter: Michael He\u00df (Hanau). Zuschauer: 110. <\/span><\/h6>\n<h6><span style=\"font-size: 20px;\">Tore: 1:0 Nemanja Petos (12.), 1:1 Antonio Milicevic (45.), 1:2 Domagoj Molnar (57.), 2:2, 3:2 Nemanja Petos (81.\/83.).<\/span><\/h6>\n","protected":false},"excerpt":{"rendered":"<p>Aufsteiger SG Bornheim\/Gr\u00fcn-Weiss II gewann am Sonntag in der Kreisoberliga Frnkfurt mit 3:2 (1:1) gegen den FC Croatia und festigte den zweiten Tabellenrang, der ja zur Teilnahme an der Relegation zur Gruppenliga Frankfurt West berechtigt. 30 Punkte hat die Bornheimer Reserve in 14 Spielen bereits gesammelt. Croatia kassierte die zweite Niederlage in Folge und steht [&hellip;]<\/p>\n","protected":false},"author":1,"featured_media":3789,"comment_status":"open","ping_status":"open","sticky":false,"template":"","format":"standard","meta":{"footnotes":""},"categories":[2],"tags":[],"class_list":["post-3845","post","type-post","status-publish","format-standard","has-post-thumbnail","hentry","category-kreisoberliga-frankfurt"],"_links":{"self":[{"href":"https:\/\/insideamateurfussball-ffm.de\/index.php?rest_route=\/wp\/v2\/posts\/3845","targetHints":{"allow":["GET"]}}],"collection":[{"href":"https:\/\/insideamateurfussball-ffm.de\/index.php?rest_route=\/wp\/v2\/posts"}],"about":[{"href":"https:\/\/insideamateurfussball-ffm.de\/index.php?rest_route=\/wp\/v2\/types\/post"}],"author":[{"embeddable":true,"href":"https:\/\/insideamateurfussball-ffm.de\/index.php?rest_route=\/wp\/v2\/users\/1"}],"replies":[{"embeddable":true,"href":"https:\/\/insideamateurfussball-ffm.de\/index.php?rest_route=%2Fwp%2Fv2%2Fcomments&post=3845"}],"version-history":[{"count":1,"href":"https:\/\/insideamateurfussball-ffm.de\/index.php?rest_route=\/wp\/v2\/posts\/3845\/revisions"}],"predecessor-version":[{"id":3846,"href":"https:\/\/insideamateurfussball-ffm.de\/index.php?rest_route=\/wp\/v2\/posts\/3845\/revisions\/3846"}],"wp:featuredmedia":[{"embeddable":true,"href":"https:\/\/insideamateurfussball-ffm.de\/index.php?rest_route=\/wp\/v2\/media\/3789"}],"wp:attachment":[{"href":"https:\/\/insideamateurfussball-ffm.de\/index.php?rest_route=%2Fwp%2Fv2%2Fmedia&parent=3845"}],"wp:term":[{"taxonomy":"category","embeddable":true,"href":"https:\/\/insideamateurfussball-ffm.de\/index.php?rest_route=%2Fwp%2Fv2%2Fcategories&post=3845"},{"taxonomy":"post_tag","embeddable":true,"href":"https:\/\/insideamateurfussball-ffm.de\/index.php?rest_route=%2Fwp%2Fv2%2Ftags&post=3845"}],"curies":[{"name":"wp","href":"https:\/\/api.w.org\/{rel}","templated":true}]}}