{"id":3838,"date":"2022-11-15T00:09:33","date_gmt":"2022-11-14T22:09:33","guid":{"rendered":"http:\/\/insideamateurfussball-ffm.de\/?p=3838"},"modified":"2025-01-10T14:54:24","modified_gmt":"2025-01-10T13:54:24","slug":"radulaski-kroent-phaenomenale-kalbacher-hinrunde","status":"publish","type":"post","link":"https:\/\/insideamateurfussball-ffm.de\/?p=3838","title":{"rendered":"Radulaski kr\u00f6nt ph\u00e4nomenale Kalbacher Hinrunde"},"content":{"rendered":"<h6><span style=\"font-size: 20px;\">36 Punkte aus 16 Spielen, 50:26 Tore, Platz drei mit Tuchf\u00fchlung zur Spitze. Aufsteiger FC Kalbach blickt auf eine ph\u00e4nomenale Hinrunde zur\u00fcck. Auch ohne den verletzten Torj\u00e4ger Achraf Gara Ali reichte es zu einem hauchd\u00fcnnen 1:0 (1:0)-Sieg \u00fcber den FSV Friedrichsdorf. <\/span><\/h6>\n<figure id=\"attachment_3839\" aria-describedby=\"caption-attachment-3839\" style=\"width: 300px\" class=\"wp-caption aligncenter\"><img loading=\"lazy\" decoding=\"async\" class=\"wp-image-3839 size-medium\" src=\"http:\/\/insideamateurfussball-ffm.de\/wp-content\/uploads\/2022\/11\/bos22-300x219.jpg\" alt=\"\" width=\"300\" height=\"219\" srcset=\"https:\/\/insideamateurfussball-ffm.de\/wp-content\/uploads\/2022\/11\/bos22-300x219.jpg 300w, https:\/\/insideamateurfussball-ffm.de\/wp-content\/uploads\/2022\/11\/bos22-768x559.jpg 768w, https:\/\/insideamateurfussball-ffm.de\/wp-content\/uploads\/2022\/11\/bos22.jpg 950w\" sizes=\"auto, (max-width: 300px) 100vw, 300px\" \/><figcaption id=\"caption-attachment-3839\" class=\"wp-caption-text\"><strong>Die Abwehr des FC Kalbach hielt gegen den FSV Friedrichsdorf dicht. Foto: Mithat G\u00fcrser.<\/strong><\/figcaption><\/figure>\n<h6><span style=\"font-size: 20px;\">FC Kalbach &#8211; FSV Friedrichsdorf 1:0 (1:0)<\/span><\/h6>\n<p><img loading=\"lazy\" decoding=\"async\" class=\"alignnone size-full wp-image-16\" src=\"http:\/\/insideamateurfussball-ffm.de\/wp-content\/uploads\/2021\/11\/kalbach-wappen.jpg\" alt=\"\" width=\"80\" height=\"80\" \/><img loading=\"lazy\" decoding=\"async\" class=\"alignnone size-full wp-image-607\" src=\"http:\/\/insideamateurfussball-ffm.de\/wp-content\/uploads\/2022\/06\/FSV-F.png\" alt=\"\" width=\"80\" height=\"76\" \/><\/p>\n<p><span style=\"font-size: 20px; color: #999999;\">Aufsteiger Kalbach hat eine laut dem Sportlichen Leiter Manfred Meyer &#8222;ph\u00e4nomenale Hinrunde&#8220; mit 36 Punkten auf Rang drei beendet. Auch ohne den verletzten Torj\u00e4ger Achraf Gara Ali reichte es durch den Siegtreffer von Aleksej Radulaski (33.) auf Vorarbeit von Maximilian Motsch und Ricardo Harrabi zu einem laut Meyer &#8222;gl\u00fccklichen Sieg. Der FSV Friedrichsdorf hat alles in die Waagschale geworfen und uns unter Druck gesetzt. Wir haben den Vorsprung aber vehement verteidigt und die Zeit erfolgreich runter gespielt.&#8220;<\/span><\/p>\n<h6><span style=\"font-size: 20px;\">Schiedsrichter: Lukas Koser (Ro\u00dfdorf). Zuschauer: 60. <\/span><\/h6>\n<h6><span style=\"font-size: 20px;\">Tor: 1:0 Aleksej Radulaski (33.).\u00a0<\/span><\/h6>\n<h6><\/h6>\n","protected":false},"excerpt":{"rendered":"<p>36 Punkte aus 16 Spielen, 50:26 Tore, Platz drei mit Tuchf\u00fchlung zur Spitze. Aufsteiger FC Kalbach blickt auf eine ph\u00e4nomenale Hinrunde zur\u00fcck. Auch ohne den verletzten Torj\u00e4ger Achraf Gara Ali reichte es zu einem hauchd\u00fcnnen 1:0 (1:0)-Sieg \u00fcber den FSV Friedrichsdorf. FC Kalbach &#8211; FSV Friedrichsdorf 1:0 (1:0) Aufsteiger Kalbach hat eine laut dem Sportlichen [&hellip;]<\/p>\n","protected":false},"author":1,"featured_media":3839,"comment_status":"open","ping_status":"open","sticky":false,"template":"","format":"standard","meta":{"footnotes":""},"categories":[13],"tags":[],"class_list":["post-3838","post","type-post","status-publish","format-standard","has-post-thumbnail","hentry","category-gruppenliga-frankfurt-west"],"_links":{"self":[{"href":"https:\/\/insideamateurfussball-ffm.de\/index.php?rest_route=\/wp\/v2\/posts\/3838","targetHints":{"allow":["GET"]}}],"collection":[{"href":"https:\/\/insideamateurfussball-ffm.de\/index.php?rest_route=\/wp\/v2\/posts"}],"about":[{"href":"https:\/\/insideamateurfussball-ffm.de\/index.php?rest_route=\/wp\/v2\/types\/post"}],"author":[{"embeddable":true,"href":"https:\/\/insideamateurfussball-ffm.de\/index.php?rest_route=\/wp\/v2\/users\/1"}],"replies":[{"embeddable":true,"href":"https:\/\/insideamateurfussball-ffm.de\/index.php?rest_route=%2Fwp%2Fv2%2Fcomments&post=3838"}],"version-history":[{"count":2,"href":"https:\/\/insideamateurfussball-ffm.de\/index.php?rest_route=\/wp\/v2\/posts\/3838\/revisions"}],"predecessor-version":[{"id":3841,"href":"https:\/\/insideamateurfussball-ffm.de\/index.php?rest_route=\/wp\/v2\/posts\/3838\/revisions\/3841"}],"wp:featuredmedia":[{"embeddable":true,"href":"https:\/\/insideamateurfussball-ffm.de\/index.php?rest_route=\/wp\/v2\/media\/3839"}],"wp:attachment":[{"href":"https:\/\/insideamateurfussball-ffm.de\/index.php?rest_route=%2Fwp%2Fv2%2Fmedia&parent=3838"}],"wp:term":[{"taxonomy":"category","embeddable":true,"href":"https:\/\/insideamateurfussball-ffm.de\/index.php?rest_route=%2Fwp%2Fv2%2Fcategories&post=3838"},{"taxonomy":"post_tag","embeddable":true,"href":"https:\/\/insideamateurfussball-ffm.de\/index.php?rest_route=%2Fwp%2Fv2%2Ftags&post=3838"}],"curies":[{"name":"wp","href":"https:\/\/api.w.org\/{rel}","templated":true}]}}