{"id":3835,"date":"2022-11-14T23:55:01","date_gmt":"2022-11-14T21:55:01","guid":{"rendered":"http:\/\/insideamateurfussball-ffm.de\/?p=3835"},"modified":"2025-01-10T14:54:31","modified_gmt":"2025-01-10T13:54:31","slug":"bosnier-geschockt-abbruch-in-karben","status":"publish","type":"post","link":"https:\/\/insideamateurfussball-ffm.de\/?p=3835","title":{"rendered":"Bosnier geschockt: Abbruch in Karben"},"content":{"rendered":"<h6><span style=\"font-size: 20px;\">Die Partie der Gruppenliga Frankfurt West zwischen dem FC Karben und dem SV BKC Bosnien wurde beim Stande von 4:2 f\u00fcr die Gastgeber von Schiedsrichter Luca Kloft (Elz) abgebrochen, ohne das jemand davon etwas mitbekam. Anlass daf\u00fcr soll das Fehlverhalten einiger G\u00e4stefans gewesen sein. Die Verantwortlichen der Bosnier reagierten geschockt und gaben an, dass der Heimclub keine Ordner auf dem Sportplatz gestellt habe.\u00a0<\/span><\/h6>\n<figure id=\"attachment_3836\" aria-describedby=\"caption-attachment-3836\" style=\"width: 300px\" class=\"wp-caption aligncenter\"><img loading=\"lazy\" decoding=\"async\" class=\"wp-image-3836 size-medium\" src=\"http:\/\/insideamateurfussball-ffm.de\/wp-content\/uploads\/2022\/11\/bos17-1-300x207.jpg\" alt=\"\" width=\"300\" height=\"207\" srcset=\"https:\/\/insideamateurfussball-ffm.de\/wp-content\/uploads\/2022\/11\/bos17-1-300x207.jpg 300w, https:\/\/insideamateurfussball-ffm.de\/wp-content\/uploads\/2022\/11\/bos17-1-768x529.jpg 768w, https:\/\/insideamateurfussball-ffm.de\/wp-content\/uploads\/2022\/11\/bos17-1.jpg 1004w\" sizes=\"auto, (max-width: 300px) 100vw, 300px\" \/><figcaption id=\"caption-attachment-3836\" class=\"wp-caption-text\"><strong>Dem SV BKC Bosnien droht nun \u00c4rger vor dem Verbandssportgericht. Foto: Mithat G\u00fcrser.<\/strong><\/figcaption><\/figure>\n<h6><span style=\"font-size: 20px;\">FC Karben &#8211; SV BKC Bosnien 4:2 (2:1) abgebroche<\/span><span style=\"font-size: 20px;\">n<\/span><\/h6>\n<p><img loading=\"lazy\" decoding=\"async\" class=\"alignnone size-full wp-image-2525\" src=\"http:\/\/insideamateurfussball-ffm.de\/wp-content\/uploads\/2022\/09\/karben.jpg\" alt=\"\" width=\"65\" height=\"80\" \/><img loading=\"lazy\" decoding=\"async\" class=\"alignnone size-full wp-image-139\" src=\"http:\/\/insideamateurfussball-ffm.de\/wp-content\/uploads\/2022\/05\/Bosnien.jpg\" alt=\"\" width=\"79\" height=\"80\" \/><\/p>\n<p><span style=\"font-size: 20px; color: #999999;\">Beide Vereine waren davon ausgegangen, dass der Schiedsrichter die Begegnung regul\u00e4r abgepfiffen hatte. Doch dem war nicht so, denn hinterher trug der Referee zwar die Torsch\u00fctzen ein, nicht aber das Ergebnis. Grund f\u00fcr den Abbruch soll eine Gruppe von Zuschauern gewesen sein, die den Bosniern zuzuordnen sei und sich daneben benommen haben soll. <\/span><\/p>\n<p><span style=\"font-size: 20px; color: #999999;\">Der Linienrichter sei laut Aussagen von Karbens Sportlichem Leiter Thomas Dechant demnach kurz vor Schluss erst beleidigt und dann von einem Anh\u00e4nger der G\u00e4ste sogar bespuckt worden. Daraufhin habe der Schiedsrichter die Partie abgebrochen, was zun\u00e4chst f\u00fcr niemanden ersichtlich war. Hinterher habe der Unparteiische dies auf Nachfrage als Grund f\u00fcr den Abbruch genannt.<\/span><\/p>\n<blockquote>\n<h6><span style=\"font-size: 20px;\">&#8222;Wir haben einen schlechten Tag erwischt und waren nicht auf der H\u00f6he&#8220; (Bosniens Pressesprecher Admir Malohodzic).<\/span><\/h6>\n<\/blockquote>\n<p><span style=\"font-size: 20px; color: #999999;\">Bosniens Pressesprecher Admir Malohodzic war geschockt, als er zu Hause angekommen vom Abbruch erfuhr: &#8222;Wir sind von einem regul\u00e4ren Abpfiff ausgegangen. Der Schiedsrichter hat uns nichts von einem Abbruch mitgeteilt und auch der Gegner hat davon nichts mitbekommen.&#8220; <\/span><\/p>\n<p><span style=\"font-size: 20px; color: #999999;\">Wie dem auch sei, die Sache d\u00fcrfte ein Nachspiel vor dem Verbandssportgericht nach sich ziehen. Angesichts des kuriosen Abbruchs geriet der Spielverlauf etwas in den Hintergrund. Die Gastgeber nutzten einen schwachen Tag der G\u00e4ste aus und f\u00fchrten verdient mit 4:2. &#8222;Wir haben einen schlechten Tag erwischt und waren nicht auf der H\u00f6he&#8220;, sagte Malohodzic.<\/span><\/p>\n<h6><span style=\"font-size: 20px;\">Schiedsrichter: Luca Kloft (Elz). Zuschauer: 100. <\/span><\/h6>\n<h6><span style=\"font-size: 20px;\">Tore: 1:0 Kevin M\u00fcller (13.), 1:1 Adis Hasecic (22.), 2:1 Emanuel Essome (39.), 3:1 Luca Hannig (62.), 4:1 Axel Furkert (76.), 4:2 Ozan Nakipoglu (89.).<\/span><\/h6>\n","protected":false},"excerpt":{"rendered":"<p>Die Partie der Gruppenliga Frankfurt West zwischen dem FC Karben und dem SV BKC Bosnien wurde beim Stande von 4:2 f\u00fcr die Gastgeber von Schiedsrichter Luca Kloft (Elz) abgebrochen, ohne das jemand davon etwas mitbekam. Anlass daf\u00fcr soll das Fehlverhalten einiger G\u00e4stefans gewesen sein. Die Verantwortlichen der Bosnier reagierten geschockt und gaben an, dass der [&hellip;]<\/p>\n","protected":false},"author":1,"featured_media":3836,"comment_status":"open","ping_status":"open","sticky":false,"template":"","format":"standard","meta":{"footnotes":""},"categories":[13],"tags":[],"class_list":["post-3835","post","type-post","status-publish","format-standard","has-post-thumbnail","hentry","category-gruppenliga-frankfurt-west"],"_links":{"self":[{"href":"https:\/\/insideamateurfussball-ffm.de\/index.php?rest_route=\/wp\/v2\/posts\/3835","targetHints":{"allow":["GET"]}}],"collection":[{"href":"https:\/\/insideamateurfussball-ffm.de\/index.php?rest_route=\/wp\/v2\/posts"}],"about":[{"href":"https:\/\/insideamateurfussball-ffm.de\/index.php?rest_route=\/wp\/v2\/types\/post"}],"author":[{"embeddable":true,"href":"https:\/\/insideamateurfussball-ffm.de\/index.php?rest_route=\/wp\/v2\/users\/1"}],"replies":[{"embeddable":true,"href":"https:\/\/insideamateurfussball-ffm.de\/index.php?rest_route=%2Fwp%2Fv2%2Fcomments&post=3835"}],"version-history":[{"count":3,"href":"https:\/\/insideamateurfussball-ffm.de\/index.php?rest_route=\/wp\/v2\/posts\/3835\/revisions"}],"predecessor-version":[{"id":3843,"href":"https:\/\/insideamateurfussball-ffm.de\/index.php?rest_route=\/wp\/v2\/posts\/3835\/revisions\/3843"}],"wp:featuredmedia":[{"embeddable":true,"href":"https:\/\/insideamateurfussball-ffm.de\/index.php?rest_route=\/wp\/v2\/media\/3836"}],"wp:attachment":[{"href":"https:\/\/insideamateurfussball-ffm.de\/index.php?rest_route=%2Fwp%2Fv2%2Fmedia&parent=3835"}],"wp:term":[{"taxonomy":"category","embeddable":true,"href":"https:\/\/insideamateurfussball-ffm.de\/index.php?rest_route=%2Fwp%2Fv2%2Fcategories&post=3835"},{"taxonomy":"post_tag","embeddable":true,"href":"https:\/\/insideamateurfussball-ffm.de\/index.php?rest_route=%2Fwp%2Fv2%2Ftags&post=3835"}],"curies":[{"name":"wp","href":"https:\/\/api.w.org\/{rel}","templated":true}]}}