{"id":3832,"date":"2022-11-14T23:40:40","date_gmt":"2022-11-14T21:40:40","guid":{"rendered":"http:\/\/insideamateurfussball-ffm.de\/?p=3832"},"modified":"2025-01-10T14:44:25","modified_gmt":"2025-01-10T13:44:25","slug":"pedaces-tor-reicht-fechenheim-zum-sieg","status":"publish","type":"post","link":"https:\/\/insideamateurfussball-ffm.de\/?p=3832","title":{"rendered":"Pedaces Tor reicht Fechenheim zum Sieg"},"content":{"rendered":"<h6><span style=\"font-size: 20px;\">Vierter Sieg in Folge f\u00fcr die Spvgg. 03 Fechenheim, die ihren tollen Lauf in der Gruppenliga Frankfurt West fortsetzt und in der Tabelle Rang f\u00fcnf festigt. Gegen den SKV Beienheim reichte es zu einem 1:0 (0:0)-Sieg.\u00a0<\/span><\/h6>\n<figure id=\"attachment_3833\" aria-describedby=\"caption-attachment-3833\" style=\"width: 300px\" class=\"wp-caption aligncenter\"><img loading=\"lazy\" decoding=\"async\" class=\"wp-image-3833 size-medium\" src=\"http:\/\/insideamateurfussball-ffm.de\/wp-content\/uploads\/2022\/11\/fe18-1-300x205.jpg\" alt=\"\" width=\"300\" height=\"205\" srcset=\"https:\/\/insideamateurfussball-ffm.de\/wp-content\/uploads\/2022\/11\/fe18-1-300x205.jpg 300w, https:\/\/insideamateurfussball-ffm.de\/wp-content\/uploads\/2022\/11\/fe18-1-768x525.jpg 768w, https:\/\/insideamateurfussball-ffm.de\/wp-content\/uploads\/2022\/11\/fe18-1.jpg 951w\" sizes=\"auto, (max-width: 300px) 100vw, 300px\" \/><figcaption id=\"caption-attachment-3833\" class=\"wp-caption-text\"><strong>Die Fassade des Sportgel\u00e4ndes an der Fechenheimer Pfortenstra\u00dfe. Archivfoto: Mithat G\u00fcrser. <\/strong><\/figcaption><\/figure>\n<h6><span style=\"font-size: 20px;\">Spvgg. 03 Fechenheim &#8211; SKV Beienheim 1:0 (1:0)<\/span><\/h6>\n<h6><span style=\"font-size: 20px;\"><img loading=\"lazy\" decoding=\"async\" class=\"alignnone size-full wp-image-434\" src=\"http:\/\/insideamateurfussball-ffm.de\/wp-content\/uploads\/2022\/05\/Fech03.jpg\" alt=\"\" width=\"52\" height=\"80\" \/><img loading=\"lazy\" decoding=\"async\" class=\"alignnone size-full wp-image-545\" src=\"http:\/\/insideamateurfussball-ffm.de\/wp-content\/uploads\/2022\/06\/SKV-Beienh.jpg\" alt=\"\" width=\"79\" height=\"80\" \/><\/span><\/h6>\n<p><span style=\"font-size: 20px; color: #999999;\">Das Tor des Tages an der Pfortenstra\u00dfe fiel in der 62. Minute. Ouassim Ouass setzte sich nach einer R\u00fcckgabe der G\u00e4ste auf der linken Seite durch und passte nach innen zu Giovanbattista Pedace, der den Ball \u00fcber die Linie dr\u00fcckte. Beienheim hatte vor dem Seitenwechsel durch Denis Ehrlicher die F\u00fchrungschance vergeben (26.).<\/span><\/p>\n<blockquote>\n<h6><span style=\"font-size: 20px;\">&#8222;Der Sieg in dieser hochklassigen Partie ist verdient, da wir die besseren M\u00f6glichkeiten hatten&#8220; (Fechenheims Vereinschef Reinhold Schmidt).<\/span><\/h6>\n<\/blockquote>\n<p><span style=\"font-size: 20px; color: #999999;\">Nach dem Seitenwechsel verzog Fechenheims Thomas Schmidt Isermann freistehend vorbei (54.) und Ouass schoss \u00fcber das Tor (55.). In der Schlussphase brachten die Gastgeber den vierten Sieg in Folge \u00fcber die Zeit. &#8222;Der Sieg in dieser hochklassigen Partie ist verdient, da wir die besseren M\u00f6glichkeiten hatten&#8220;, konstatierte Fechenheims Vereinschef Reinhold Schmidt.<\/span><\/p>\n<h6><span style=\"font-size: 20px;\">Schiedsrichter: Christian Grieninger (Waldems). Zuschauer: 80. <\/span><\/h6>\n<h6><span style=\"font-size: 20px;\">Tor: 1:0 Giovanbattista Pedace (62.).\u00a0<\/span><\/h6>\n","protected":false},"excerpt":{"rendered":"<p>Vierter Sieg in Folge f\u00fcr die Spvgg. 03 Fechenheim, die ihren tollen Lauf in der Gruppenliga Frankfurt West fortsetzt und in der Tabelle Rang f\u00fcnf festigt. Gegen den SKV Beienheim reichte es zu einem 1:0 (0:0)-Sieg.\u00a0 Spvgg. 03 Fechenheim &#8211; SKV Beienheim 1:0 (1:0) Das Tor des Tages an der Pfortenstra\u00dfe fiel in der 62. [&hellip;]<\/p>\n","protected":false},"author":1,"featured_media":3833,"comment_status":"open","ping_status":"open","sticky":false,"template":"","format":"standard","meta":{"footnotes":""},"categories":[13],"tags":[],"class_list":["post-3832","post","type-post","status-publish","format-standard","has-post-thumbnail","hentry","category-gruppenliga-frankfurt-west"],"_links":{"self":[{"href":"https:\/\/insideamateurfussball-ffm.de\/index.php?rest_route=\/wp\/v2\/posts\/3832","targetHints":{"allow":["GET"]}}],"collection":[{"href":"https:\/\/insideamateurfussball-ffm.de\/index.php?rest_route=\/wp\/v2\/posts"}],"about":[{"href":"https:\/\/insideamateurfussball-ffm.de\/index.php?rest_route=\/wp\/v2\/types\/post"}],"author":[{"embeddable":true,"href":"https:\/\/insideamateurfussball-ffm.de\/index.php?rest_route=\/wp\/v2\/users\/1"}],"replies":[{"embeddable":true,"href":"https:\/\/insideamateurfussball-ffm.de\/index.php?rest_route=%2Fwp%2Fv2%2Fcomments&post=3832"}],"version-history":[{"count":1,"href":"https:\/\/insideamateurfussball-ffm.de\/index.php?rest_route=\/wp\/v2\/posts\/3832\/revisions"}],"predecessor-version":[{"id":3834,"href":"https:\/\/insideamateurfussball-ffm.de\/index.php?rest_route=\/wp\/v2\/posts\/3832\/revisions\/3834"}],"wp:featuredmedia":[{"embeddable":true,"href":"https:\/\/insideamateurfussball-ffm.de\/index.php?rest_route=\/wp\/v2\/media\/3833"}],"wp:attachment":[{"href":"https:\/\/insideamateurfussball-ffm.de\/index.php?rest_route=%2Fwp%2Fv2%2Fmedia&parent=3832"}],"wp:term":[{"taxonomy":"category","embeddable":true,"href":"https:\/\/insideamateurfussball-ffm.de\/index.php?rest_route=%2Fwp%2Fv2%2Fcategories&post=3832"},{"taxonomy":"post_tag","embeddable":true,"href":"https:\/\/insideamateurfussball-ffm.de\/index.php?rest_route=%2Fwp%2Fv2%2Ftags&post=3832"}],"curies":[{"name":"wp","href":"https:\/\/api.w.org\/{rel}","templated":true}]}}