{"id":3827,"date":"2022-11-14T23:06:31","date_gmt":"2022-11-14T21:06:31","guid":{"rendered":"http:\/\/insideamateurfussball-ffm.de\/?p=3827"},"modified":"2025-01-10T14:44:40","modified_gmt":"2025-01-10T13:44:40","slug":"bad-vilbel-nimmt-punkt-aus-bornheim-mit","status":"publish","type":"post","link":"https:\/\/insideamateurfussball-ffm.de\/?p=3827","title":{"rendered":"Bad Vilbel nimmt Punkt aus Bornheim mit"},"content":{"rendered":"<h6><span style=\"font-size: 20px;\">Die SG Bornheim\/Gr\u00fcn-Weiss kam beim erstmaligen Pflichtspiel-Aufeinandertreffen mit dem FV Bad Vilbel in einer hochklassigen Begegnung der Verbandsliga S\u00fcd nicht \u00fcber ein 1:1 (0:1) hinaus und liegt jetzt sieben Punkte hinter dem Spitzenduo SC 1960 Hanau und Rot-Wei\u00df Darmstadt.\u00a0<\/span><\/h6>\n<figure id=\"attachment_3787\" aria-describedby=\"caption-attachment-3787\" style=\"width: 315px\" class=\"wp-caption aligncenter\"><img loading=\"lazy\" decoding=\"async\" class=\"wp-image-3787\" src=\"http:\/\/insideamateurfussball-ffm.de\/wp-content\/uploads\/2022\/11\/IMG_0059-300x200.jpg\" alt=\"\" width=\"315\" height=\"210\" srcset=\"https:\/\/insideamateurfussball-ffm.de\/wp-content\/uploads\/2022\/11\/IMG_0059-300x200.jpg 300w, https:\/\/insideamateurfussball-ffm.de\/wp-content\/uploads\/2022\/11\/IMG_0059-1024x683.jpg 1024w, https:\/\/insideamateurfussball-ffm.de\/wp-content\/uploads\/2022\/11\/IMG_0059-768x512.jpg 768w, https:\/\/insideamateurfussball-ffm.de\/wp-content\/uploads\/2022\/11\/IMG_0059-1536x1024.jpg 1536w, https:\/\/insideamateurfussball-ffm.de\/wp-content\/uploads\/2022\/11\/IMG_0059-2048x1365.jpg 2048w\" sizes=\"auto, (max-width: 315px) 100vw, 315px\" \/><figcaption id=\"caption-attachment-3787\" class=\"wp-caption-text\"><strong>Jubel beim FV Bad Vilbel nach dem Ausgleich durch Denis Hadzimusic. Foto: Jan Werner.<\/strong><\/figcaption><\/figure>\n<h6><span style=\"font-size: 20px;\">SG Bornheim\/Gr\u00fcn-Wei\u00df &#8211; FV Bad Vilbel 1:1 (1:0)<\/span><\/h6>\n<p><img loading=\"lazy\" decoding=\"async\" class=\"alignnone size-full wp-image-119\" src=\"http:\/\/insideamateurfussball-ffm.de\/wp-content\/uploads\/2022\/05\/Bornheim.jpg\" alt=\"\" width=\"80\" height=\"80\" \/><img loading=\"lazy\" decoding=\"async\" class=\"alignnone size-full wp-image-146\" src=\"http:\/\/insideamateurfussball-ffm.de\/wp-content\/uploads\/2022\/05\/FV-Bad-Vilbel.jpg\" alt=\"\" width=\"80\" height=\"80\" \/><\/p>\n<p><span style=\"font-size: 20px; color: #999999;\">Beide Trainer waren sich einig, dass das Unentschieden leistungsgerecht gewesen sei. Bad Vilbels Trainer Amir Mustafic sagte: &#8222;Das Spiel war sehr von der Taktik gepr\u00e4gt und von der Intensit\u00e4t her eines der besseren Spiele in der Verbandsliga.&#8220; Bornheims Trainer Sascha Volk sah ein Spiel, &#8222;was sich eher im Mittelfeld abgespielt hat. Wir hatten eine ganz gute Kontrolle, haben es aber nicht geschafft, Torchancen raus zu spielen. Mit dem 1:1 m\u00fcssen wir heute mal leben.&#8220; <\/span><\/p>\n<p><span style=\"font-size: 20px; color: #999999;\">Valerio Lettieri hatte die Bornheimer mit einer guten Einzelleistung und einem Abschluss aus 20 Metern in F\u00fchrung gebracht (38.).<\/span><\/p>\n<h6><span style=\"font-size: 20px;\">Thaci hat Vilbels Siegtreffer auf dem Fu\u00df<\/span><\/h6>\n<p><span style=\"font-size: 20px; color: #999999;\">Vor 156 Zuschauern tankte sich nach dem Seitenwechsel Bad Vilbels Mittelst\u00fcrmer Flakron Thaci auf der linken Seite durch. Seine Flanke landete bei Denis Hadzimusic, der per Kopfball egalisierte (55.). Zwei Minuten sp\u00e4ter ergab sich f\u00fcr die G\u00e4ste die Chance, sogar in F\u00fchrung zu gehen. <\/span><\/p>\n<p><span style=\"font-size: 20px; color: #999999;\">Bornheims Torh\u00fcter Gianluca Colombo verhinderte gegen Hadzimusic und Masahito Morishima den R\u00fcckstand. Die beste Bornheimer Chance vergab Niklas Rasch Hegelund freistehend vor dem Tor von Robin Orband (64.). Auf der Gegenseite hatte Thaci noch den Siegtreffer f\u00fcr Bad Vilbel auf dem Fu\u00df (81.).<\/span><\/p>\n<h6><span style=\"font-size: 20px;\">Schiedsrichter: Paul Wenzek (Darmstadt). Zuschauer: 156. <\/span><\/h6>\n<h6><span style=\"font-size: 20px;\">Tore: 1:0 Valerio Lettieri (38.), 1:1 Denis Hadzimusic (55.).<\/span><\/h6>\n\n\n<figure class=\"wp-block-gallery has-nested-images columns-default is-cropped wp-block-gallery-1 is-layout-flex wp-block-gallery-is-layout-flex\">\n<figure class=\"wp-block-image size-large is-style-rounded\"><img loading=\"lazy\" decoding=\"async\" width=\"1024\" height=\"683\" data-id=\"3785\" src=\"http:\/\/insideamateurfussball-ffm.de\/wp-content\/uploads\/2022\/11\/IMG_0006-1024x683.jpg\" alt=\"\" class=\"wp-image-3785\" srcset=\"https:\/\/insideamateurfussball-ffm.de\/wp-content\/uploads\/2022\/11\/IMG_0006-1024x683.jpg 1024w, https:\/\/insideamateurfussball-ffm.de\/wp-content\/uploads\/2022\/11\/IMG_0006-300x200.jpg 300w, https:\/\/insideamateurfussball-ffm.de\/wp-content\/uploads\/2022\/11\/IMG_0006-768x512.jpg 768w, https:\/\/insideamateurfussball-ffm.de\/wp-content\/uploads\/2022\/11\/IMG_0006-1536x1024.jpg 1536w, https:\/\/insideamateurfussball-ffm.de\/wp-content\/uploads\/2022\/11\/IMG_0006-2048x1365.jpg 2048w\" sizes=\"auto, (max-width: 1024px) 100vw, 1024px\" \/><\/figure>\n<\/figure>\n\n\n\n<figure class=\"wp-block-gallery has-nested-images columns-default is-cropped wp-block-gallery-2 is-layout-flex wp-block-gallery-is-layout-flex\">\n<figure class=\"wp-block-image size-large is-style-rounded\"><img loading=\"lazy\" decoding=\"async\" width=\"1024\" height=\"683\" data-id=\"3786\" src=\"http:\/\/insideamateurfussball-ffm.de\/wp-content\/uploads\/2022\/11\/IMG_0008-1024x683.jpg\" alt=\"\" class=\"wp-image-3786\" srcset=\"https:\/\/insideamateurfussball-ffm.de\/wp-content\/uploads\/2022\/11\/IMG_0008-1024x683.jpg 1024w, https:\/\/insideamateurfussball-ffm.de\/wp-content\/uploads\/2022\/11\/IMG_0008-300x200.jpg 300w, https:\/\/insideamateurfussball-ffm.de\/wp-content\/uploads\/2022\/11\/IMG_0008-768x512.jpg 768w, https:\/\/insideamateurfussball-ffm.de\/wp-content\/uploads\/2022\/11\/IMG_0008-1536x1024.jpg 1536w, https:\/\/insideamateurfussball-ffm.de\/wp-content\/uploads\/2022\/11\/IMG_0008-2048x1365.jpg 2048w\" sizes=\"auto, (max-width: 1024px) 100vw, 1024px\" \/><figcaption class=\"wp-element-caption\">Fotos: Jan Werner. <\/figcaption><\/figure>\n<\/figure>\n","protected":false},"excerpt":{"rendered":"<p>Die SG Bornheim\/Gr\u00fcn-Weiss kam beim erstmaligen Pflichtspiel-Aufeinandertreffen mit dem FV Bad Vilbel in einer hochklassigen Begegnung der Verbandsliga S\u00fcd nicht \u00fcber ein 1:1 (0:1) hinaus und liegt jetzt sieben Punkte hinter dem Spitzenduo SC 1960 Hanau und Rot-Wei\u00df Darmstadt.\u00a0 SG Bornheim\/Gr\u00fcn-Wei\u00df &#8211; FV Bad Vilbel 1:1 (1:0) Beide Trainer waren sich einig, dass das Unentschieden [&hellip;]<\/p>\n","protected":false},"author":1,"featured_media":3787,"comment_status":"open","ping_status":"open","sticky":false,"template":"","format":"standard","meta":{"footnotes":""},"categories":[10],"tags":[],"class_list":["post-3827","post","type-post","status-publish","format-standard","has-post-thumbnail","hentry","category-verbandsliga-sued"],"_links":{"self":[{"href":"https:\/\/insideamateurfussball-ffm.de\/index.php?rest_route=\/wp\/v2\/posts\/3827","targetHints":{"allow":["GET"]}}],"collection":[{"href":"https:\/\/insideamateurfussball-ffm.de\/index.php?rest_route=\/wp\/v2\/posts"}],"about":[{"href":"https:\/\/insideamateurfussball-ffm.de\/index.php?rest_route=\/wp\/v2\/types\/post"}],"author":[{"embeddable":true,"href":"https:\/\/insideamateurfussball-ffm.de\/index.php?rest_route=\/wp\/v2\/users\/1"}],"replies":[{"embeddable":true,"href":"https:\/\/insideamateurfussball-ffm.de\/index.php?rest_route=%2Fwp%2Fv2%2Fcomments&post=3827"}],"version-history":[{"count":1,"href":"https:\/\/insideamateurfussball-ffm.de\/index.php?rest_route=\/wp\/v2\/posts\/3827\/revisions"}],"predecessor-version":[{"id":3828,"href":"https:\/\/insideamateurfussball-ffm.de\/index.php?rest_route=\/wp\/v2\/posts\/3827\/revisions\/3828"}],"wp:featuredmedia":[{"embeddable":true,"href":"https:\/\/insideamateurfussball-ffm.de\/index.php?rest_route=\/wp\/v2\/media\/3787"}],"wp:attachment":[{"href":"https:\/\/insideamateurfussball-ffm.de\/index.php?rest_route=%2Fwp%2Fv2%2Fmedia&parent=3827"}],"wp:term":[{"taxonomy":"category","embeddable":true,"href":"https:\/\/insideamateurfussball-ffm.de\/index.php?rest_route=%2Fwp%2Fv2%2Fcategories&post=3827"},{"taxonomy":"post_tag","embeddable":true,"href":"https:\/\/insideamateurfussball-ffm.de\/index.php?rest_route=%2Fwp%2Fv2%2Ftags&post=3827"}],"curies":[{"name":"wp","href":"https:\/\/api.w.org\/{rel}","templated":true}]}}