{"id":3798,"date":"2022-11-14T21:36:34","date_gmt":"2022-11-14T19:36:34","guid":{"rendered":"http:\/\/insideamateurfussball-ffm.de\/?p=3798"},"modified":"2025-01-10T14:45:05","modified_gmt":"2025-01-10T13:45:05","slug":"zeilsheim-trotz-unterzahl-22-in-pohlheim","status":"publish","type":"post","link":"https:\/\/insideamateurfussball-ffm.de\/?p=3798","title":{"rendered":"Zeilsheim trotz Unterzahl 2:2 in Pohlheim"},"content":{"rendered":"<h6><span style=\"font-size: 20px;\">Trotz einer langen Unterzahl nahm der SV Zeilsheim in der Verbandsliga Mitte beim 2:2 (2:0) beim FC TuBa Pohlheim ein Unentschieden mit. Die vom Frankfurter Trainer Ibrahim Cigdem trainierten Mittelhessen hatten zur Halbzeit gegen den Hessenliga-Absteiger mit 2:0 gef\u00fchrt und mussten kurz vor Schluss den Ausgleich hinnehmen.<\/span><\/h6>\n<figure id=\"attachment_3799\" aria-describedby=\"caption-attachment-3799\" style=\"width: 277px\" class=\"wp-caption aligncenter\"><img loading=\"lazy\" decoding=\"async\" class=\"wp-image-3799 size-medium\" src=\"http:\/\/insideamateurfussball-ffm.de\/wp-content\/uploads\/2022\/11\/17-Ilias-Mouktader-gelang-kurz-vor-Spielende-der-vielumjubelte-Ausgleichtreffer-277x300.jpg\" alt=\"\" width=\"277\" height=\"300\" srcset=\"https:\/\/insideamateurfussball-ffm.de\/wp-content\/uploads\/2022\/11\/17-Ilias-Mouktader-gelang-kurz-vor-Spielende-der-vielumjubelte-Ausgleichtreffer-277x300.jpg 277w, https:\/\/insideamateurfussball-ffm.de\/wp-content\/uploads\/2022\/11\/17-Ilias-Mouktader-gelang-kurz-vor-Spielende-der-vielumjubelte-Ausgleichtreffer.jpg 640w\" sizes=\"auto, (max-width: 277px) 100vw, 277px\" \/><figcaption id=\"caption-attachment-3799\" class=\"wp-caption-text\"><strong>Der Pohlheimer Routinier Gino Parson f\u00fchrt den Ball gegen Zeilsheims Ausgleichssch\u00fctzen Ilias Mouktader. Foto: Peter Strauch.<\/strong><\/figcaption><\/figure>\n<h6><span style=\"font-size: 20px;\">FC TuBa Pohlheim &#8211; SV Zeilsheim 2:2 (2:0)<\/span><\/h6>\n<p><img loading=\"lazy\" decoding=\"async\" class=\"alignnone size-full wp-image-1226\" src=\"http:\/\/insideamateurfussball-ffm.de\/wp-content\/uploads\/2022\/07\/TUBA.jpg\" alt=\"\" width=\"80\" height=\"80\" \/><img loading=\"lazy\" decoding=\"async\" class=\"alignnone size-full wp-image-1153\" src=\"http:\/\/insideamateurfussball-ffm.de\/wp-content\/uploads\/2022\/07\/SVZe.jpg\" alt=\"\" width=\"68\" height=\"80\" \/><\/p>\n<p><span style=\"color: #999999;\"><span style=\"font-size: 20px;\">Bereits in der 8. Spielminute zeigte Schiedsrichter Paul-Ioan Barbu Zeilsheims Spitze Pierre Massfeller die Rote Karte. Nachdem er zun\u00e4chst das Foul an Antonyos Celik als Gelbw\u00fcrdig beurteilte, erh\u00f6hte er die Strafe, nach dessen Behandlung auf Rot. Celik konnte ohne Beeintr\u00e4chtigung weiterspielen und Zeilsheim musste fortan in Unterzahl weiterspielen. Albano Sidon brachte den FC TuBa in der 34. Minute nach einem Eckball, per Kopf, in F\u00fchrung. <\/span><\/span><\/p>\n<p><span style=\"color: #999999;\"><span style=\"font-size: 20px;\">Als Kevin Rennert, ebenfalls per Kopfball, zum 2:0 (45.) nachlegte, schien das Spiel gelaufen. In Unterzahl, kurz vor dem Pausenpfiff, das 2:0 zu kassieren, da musste Trainer Max Martin in der Kabine viel \u00dcberzeugungsarbeit leisten. Direkt nach dem Wiederanpfiff bot sich die Chance zum Anschlusstreffer.<\/span><\/span><\/p>\n<h6><span style=\"font-size: 20px;\">Mouktader erzielt vielumjubelten Ausgleich<\/span><\/h6>\n<p><span style=\"color: #999999;\"><span style=\"font-size: 20px;\">Patryk Kuras (47.) lief alleine auf Torwart Ricardo Alpsoy zu, scheiterte jedoch im 1:1 Duell. Doch SV lie\u00df nicht locker und wurde belohnt. Ein Foul an SV Torj\u00e4ger Abdussamed G\u00fcrsoy f\u00fchrte zum f\u00e4lligen Strafsto\u00df, den der Zeilsheimer selbst verwertete (65.). Jetzt kam die zweite Luft der \u201eGr\u00fcnhemden\u201c und Pohlheim ging, auf dem tiefen Rasenplatz, zusehends die Luft aus. Mit der Hereinnahme von Marijan Petrovic kam neuer Schwung in die Angriffsbem\u00fchungen des SV und f\u00fchrte kurz vor Spielende zum verdienten Ausgleichtreffer. <\/span><\/span><\/p>\n<p><span style=\"color: #999999;\"><span style=\"font-size: 20px;\">Petrovic legte auf Ilias Mouktader auf, der aus 10 m, gegen die Luftrichtung des Torwarts, das vielumjubelnde 2:2 (89.) erzielte. Die Mannschaft zeigte eine gro\u00dfartige <\/span><span style=\"font-size: 20px;\">Moral, die am kommenden Sonntag beim RSV Weyer auf ein erfolgreiches Spiel hoffen l\u00e4sst.<\/span><\/span><\/p>\n<h6><span style=\"font-size: 20px;\">Schiedsrichter: Paul-Ioan Barbu (Offenbach). Zuschauer: 140.<\/span><\/h6>\n<h6><span style=\"font-size: 20px;\">Tore: 1:0 Philipp Basmaci (34.), 2:0 Kevin Rennert (45.), 2:1 Abdussamed G\u00fcrsoy (65.\/Foulelfmeter), 2:2 Ilias Mouktader (89.).<\/span><\/h6>\n","protected":false},"excerpt":{"rendered":"<p>Trotz einer langen Unterzahl nahm der SV Zeilsheim in der Verbandsliga Mitte beim 2:2 (2:0) beim FC TuBa Pohlheim ein Unentschieden mit. Die vom Frankfurter Trainer Ibrahim Cigdem trainierten Mittelhessen hatten zur Halbzeit gegen den Hessenliga-Absteiger mit 2:0 gef\u00fchrt und mussten kurz vor Schluss den Ausgleich hinnehmen. FC TuBa Pohlheim &#8211; SV Zeilsheim 2:2 (2:0) [&hellip;]<\/p>\n","protected":false},"author":1,"featured_media":3799,"comment_status":"open","ping_status":"open","sticky":false,"template":"","format":"standard","meta":{"footnotes":""},"categories":[32],"tags":[],"class_list":["post-3798","post","type-post","status-publish","format-standard","has-post-thumbnail","hentry","category-verbandsliga-mitte"],"_links":{"self":[{"href":"https:\/\/insideamateurfussball-ffm.de\/index.php?rest_route=\/wp\/v2\/posts\/3798","targetHints":{"allow":["GET"]}}],"collection":[{"href":"https:\/\/insideamateurfussball-ffm.de\/index.php?rest_route=\/wp\/v2\/posts"}],"about":[{"href":"https:\/\/insideamateurfussball-ffm.de\/index.php?rest_route=\/wp\/v2\/types\/post"}],"author":[{"embeddable":true,"href":"https:\/\/insideamateurfussball-ffm.de\/index.php?rest_route=\/wp\/v2\/users\/1"}],"replies":[{"embeddable":true,"href":"https:\/\/insideamateurfussball-ffm.de\/index.php?rest_route=%2Fwp%2Fv2%2Fcomments&post=3798"}],"version-history":[{"count":3,"href":"https:\/\/insideamateurfussball-ffm.de\/index.php?rest_route=\/wp\/v2\/posts\/3798\/revisions"}],"predecessor-version":[{"id":3844,"href":"https:\/\/insideamateurfussball-ffm.de\/index.php?rest_route=\/wp\/v2\/posts\/3798\/revisions\/3844"}],"wp:featuredmedia":[{"embeddable":true,"href":"https:\/\/insideamateurfussball-ffm.de\/index.php?rest_route=\/wp\/v2\/media\/3799"}],"wp:attachment":[{"href":"https:\/\/insideamateurfussball-ffm.de\/index.php?rest_route=%2Fwp%2Fv2%2Fmedia&parent=3798"}],"wp:term":[{"taxonomy":"category","embeddable":true,"href":"https:\/\/insideamateurfussball-ffm.de\/index.php?rest_route=%2Fwp%2Fv2%2Fcategories&post=3798"},{"taxonomy":"post_tag","embeddable":true,"href":"https:\/\/insideamateurfussball-ffm.de\/index.php?rest_route=%2Fwp%2Fv2%2Ftags&post=3798"}],"curies":[{"name":"wp","href":"https:\/\/api.w.org\/{rel}","templated":true}]}}