{"id":3780,"date":"2022-11-11T23:38:01","date_gmt":"2022-11-11T21:38:01","guid":{"rendered":"http:\/\/insideamateurfussball-ffm.de\/?p=3780"},"modified":"2025-01-10T14:45:18","modified_gmt":"2025-01-10T13:45:18","slug":"nebel-am-wiesenborn-verhindert-bruder-duell","status":"publish","type":"post","link":"https:\/\/insideamateurfussball-ffm.de\/?p=3780","title":{"rendered":"Nebel am Wiesenborn verhindert Bruder-Duell"},"content":{"rendered":"<h6><span style=\"font-size: 20px;\">Die f\u00fcr den Freitagabend um 20 Uhr angesetzte Begegnung der Gruppenliga Frankfurt West zwischen der DJK Bad Homburg und der FG Seckbach wurde aufgrund dichter Nebelschwaden nicht angepfiffen. Ein Nachholtermin steht noch nicht fest.\u00a0<\/span><\/h6>\n<figure id=\"attachment_3781\" aria-describedby=\"caption-attachment-3781\" style=\"width: 320px\" class=\"wp-caption alignnone\"><img loading=\"lazy\" decoding=\"async\" class=\"wp-image-3781\" src=\"http:\/\/insideamateurfussball-ffm.de\/wp-content\/uploads\/2022\/11\/Nebel-300x135.jpg\" alt=\"\" width=\"320\" height=\"144\" srcset=\"https:\/\/insideamateurfussball-ffm.de\/wp-content\/uploads\/2022\/11\/Nebel-300x135.jpg 300w, https:\/\/insideamateurfussball-ffm.de\/wp-content\/uploads\/2022\/11\/Nebel-1024x461.jpg 1024w, https:\/\/insideamateurfussball-ffm.de\/wp-content\/uploads\/2022\/11\/Nebel-768x346.jpg 768w, https:\/\/insideamateurfussball-ffm.de\/wp-content\/uploads\/2022\/11\/Nebel-1536x692.jpg 1536w, https:\/\/insideamateurfussball-ffm.de\/wp-content\/uploads\/2022\/11\/Nebel.jpg 2048w\" sizes=\"auto, (max-width: 320px) 100vw, 320px\" \/><figcaption id=\"caption-attachment-3781\" class=\"wp-caption-text\"><strong>Die Seckbacher Spieler standen beim Aufw\u00e4rmen im Nebel. Foto: PA. <\/strong><\/figcaption><\/figure>\n<h6><span style=\"font-size: 20px;\">DJK Bad Homburg &#8211; FG Seckbach abgesagt\u00a0<\/span><\/h6>\n<p><img loading=\"lazy\" decoding=\"async\" class=\"alignnone size-full wp-image-423\" src=\"http:\/\/insideamateurfussball-ffm.de\/wp-content\/uploads\/2022\/05\/DJK-Bad-Homburg.jpg\" alt=\"\" width=\"68\" height=\"80\" \/><img loading=\"lazy\" decoding=\"async\" class=\"alignnone size-full wp-image-544\" src=\"http:\/\/insideamateurfussball-ffm.de\/wp-content\/uploads\/2022\/06\/Seckbach.jpg\" alt=\"\" width=\"80\" height=\"80\" \/><\/p>\n<p><span style=\"font-size: 20px; color: #999999;\">Es w\u00e4re ein wichtiges Kellerduell gewesen zwischen zwei Teams, die in der Abstiegszone stecken. Seckbach reiste mit drei Punkten Vorsprung an den Wiesenborn, doch Schiedsrichter Adil Challioui pfiff die Partie aufgrund der Nebelschwaden nicht an. Er bewertete die Bedingungen als irregul\u00e4r, weil die Sichtweite nicht von Tor zu Tor gegeben war. Damit wurde es nichts aus dem mit Spannung erwarteten Bruderduell zwischen Ali Wardak und Milad Wardak. Der langj\u00e4hrige Seckbacher wechselte erst im vergangenen Sommer zum Hochtaunus-Club. Die beiden Br\u00fcder h\u00e4tten erstmals gegeinander gespielt, aber aufgeschoben ist ja bekanntlich nicht aufgehoben.\u00a0<\/span><\/p>\n","protected":false},"excerpt":{"rendered":"<p>Die f\u00fcr den Freitagabend um 20 Uhr angesetzte Begegnung der Gruppenliga Frankfurt West zwischen der DJK Bad Homburg und der FG Seckbach wurde aufgrund dichter Nebelschwaden nicht angepfiffen. Ein Nachholtermin steht noch nicht fest.\u00a0 DJK Bad Homburg &#8211; FG Seckbach abgesagt\u00a0 Es w\u00e4re ein wichtiges Kellerduell gewesen zwischen zwei Teams, die in der Abstiegszone stecken. [&hellip;]<\/p>\n","protected":false},"author":1,"featured_media":3781,"comment_status":"open","ping_status":"open","sticky":false,"template":"","format":"standard","meta":{"footnotes":""},"categories":[13],"tags":[],"class_list":["post-3780","post","type-post","status-publish","format-standard","has-post-thumbnail","hentry","category-gruppenliga-frankfurt-west"],"_links":{"self":[{"href":"https:\/\/insideamateurfussball-ffm.de\/index.php?rest_route=\/wp\/v2\/posts\/3780","targetHints":{"allow":["GET"]}}],"collection":[{"href":"https:\/\/insideamateurfussball-ffm.de\/index.php?rest_route=\/wp\/v2\/posts"}],"about":[{"href":"https:\/\/insideamateurfussball-ffm.de\/index.php?rest_route=\/wp\/v2\/types\/post"}],"author":[{"embeddable":true,"href":"https:\/\/insideamateurfussball-ffm.de\/index.php?rest_route=\/wp\/v2\/users\/1"}],"replies":[{"embeddable":true,"href":"https:\/\/insideamateurfussball-ffm.de\/index.php?rest_route=%2Fwp%2Fv2%2Fcomments&post=3780"}],"version-history":[{"count":2,"href":"https:\/\/insideamateurfussball-ffm.de\/index.php?rest_route=\/wp\/v2\/posts\/3780\/revisions"}],"predecessor-version":[{"id":3783,"href":"https:\/\/insideamateurfussball-ffm.de\/index.php?rest_route=\/wp\/v2\/posts\/3780\/revisions\/3783"}],"wp:featuredmedia":[{"embeddable":true,"href":"https:\/\/insideamateurfussball-ffm.de\/index.php?rest_route=\/wp\/v2\/media\/3781"}],"wp:attachment":[{"href":"https:\/\/insideamateurfussball-ffm.de\/index.php?rest_route=%2Fwp%2Fv2%2Fmedia&parent=3780"}],"wp:term":[{"taxonomy":"category","embeddable":true,"href":"https:\/\/insideamateurfussball-ffm.de\/index.php?rest_route=%2Fwp%2Fv2%2Fcategories&post=3780"},{"taxonomy":"post_tag","embeddable":true,"href":"https:\/\/insideamateurfussball-ffm.de\/index.php?rest_route=%2Fwp%2Fv2%2Ftags&post=3780"}],"curies":[{"name":"wp","href":"https:\/\/api.w.org\/{rel}","templated":true}]}}