{"id":3756,"date":"2022-11-08T21:37:40","date_gmt":"2022-11-08T19:37:40","guid":{"rendered":"http:\/\/insideamateurfussball-ffm.de\/?p=3756"},"modified":"2025-01-10T14:45:42","modified_gmt":"2025-01-10T13:45:42","slug":"gudesding-ueberholt-die-preussen-42","status":"publish","type":"post","link":"https:\/\/insideamateurfussball-ffm.de\/?p=3756","title":{"rendered":"Gudesding \u00fcberholt die &#8222;Preu\u00dfen&#8220; &#8211; 4:2!"},"content":{"rendered":"<h5><span style=\"font-size: 16px;\">Der FC Gudesding konnte am Sonntag in der Kreisoberliga Frankfurt durch den 4:2-Heimsieg die G\u00e4ste des SV Viktoria Preu\u00dfen in der Tabelle \u00fcberholen. Nach vier Spielen ohne Sieg war der Erfolg f\u00fcr die Gastgeber ganz wichtig. Die G\u00e4ste versinken wie schon in den Vorjahren immer mehr im grauen Mittelfeld der Tabelle und verloren zum zweiten Mal in Folge.\u00a0<\/span><\/h5>\n<figure id=\"attachment_3757\" aria-describedby=\"caption-attachment-3757\" style=\"width: 314px\" class=\"wp-caption alignnone\"><img loading=\"lazy\" decoding=\"async\" class=\"wp-image-3757\" src=\"http:\/\/insideamateurfussball-ffm.de\/wp-content\/uploads\/2022\/11\/gudez-300x165.jpg\" alt=\"\" width=\"314\" height=\"173\" srcset=\"https:\/\/insideamateurfussball-ffm.de\/wp-content\/uploads\/2022\/11\/gudez-300x165.jpg 300w, https:\/\/insideamateurfussball-ffm.de\/wp-content\/uploads\/2022\/11\/gudez-1024x565.jpg 1024w, https:\/\/insideamateurfussball-ffm.de\/wp-content\/uploads\/2022\/11\/gudez-768x423.jpg 768w, https:\/\/insideamateurfussball-ffm.de\/wp-content\/uploads\/2022\/11\/gudez.jpg 1072w\" sizes=\"auto, (max-width: 314px) 100vw, 314px\" \/><figcaption id=\"caption-attachment-3757\" class=\"wp-caption-text\"><strong>Der FC Gudesding 2022\/23. Foto: FCG.<\/strong><\/figcaption><\/figure>\n<h5><span style=\"font-size: 16px;\">FC Gudesding &#8211; SV Viktoria Preu\u00dfen 4:2 (1:1)<\/span><\/h5>\n<p><img loading=\"lazy\" decoding=\"async\" class=\"alignnone size-full wp-image-10\" src=\"http:\/\/insideamateurfussball-ffm.de\/wp-content\/uploads\/2021\/11\/Gudesding.jpg\" alt=\"\" width=\"64\" height=\"80\" \/><img loading=\"lazy\" decoding=\"async\" class=\"alignnone size-full wp-image-12\" src=\"http:\/\/insideamateurfussball-ffm.de\/wp-content\/uploads\/2021\/11\/preussen.jpg\" alt=\"\" width=\"72\" height=\"80\" \/><\/p>\n<p><span style=\"font-size: 16px; color: #ff9900;\">Im Ostpark sahen die Zuschauer ein unterhaltsames, aber vom Niveau her eher durchschnittliches Spiel. Gudesding begann unkonzentriert und nerv\u00f6s, sodass die Preu\u00dfen in den ersten f\u00fcnf Minuten zu zwei Chancen kamen, die sie aber nicht nutzen konnten. Dann \u00fcbernahmen die &#8222;Guden&#8220; das Kommando und machten durch einen satten Schuss von Christian Arnold das 1:0 (25.). Eine Unaufmerksamkeit in der Deckung des FCG erm\u00f6glichte Cherano Willef\u00fchr per Kopfball im Nachsetzen kurz vor der Halbzeitpause das 1:1 (41.). Dem 2:1 durch einen Kopfball von Spielertrainer Alexander Root (48.) folgte das 3:1 durch Daniel Peter nach schnellem Direktspiel (58.). <\/span><\/p>\n<p><span style=\"font-size: 16px; color: #ff9900;\">Nachdem zwei Gro\u00dfchancen der &#8222;Guden&#8220; vergeben wurden, kamen die Preu\u00dfen nach einem haarstr\u00e4ubenden Fehler der FCG-Defensive zum 3:2 durch Adrijan Aslimoski (75.) und dr\u00e4ngten dann auf das Unentschieden. Kurz vor Schluss erl\u00f6ste Torj\u00e4ger Florian Schuberth die Heimelf mit einem Schuss aus 20 Metern, dessen Flugkurve den an sich sicheren Preu\u00dfen-Torh\u00fcter Oliver Copik \u00fcberraschte (89.). &#8222;Der Sieg war verdient. Preu\u00dfen war in der Offensive nicht durchschlagskr\u00e4ftig genug, aber unser Team hat es sich durch Unkonzentriertheiten unn\u00f6tig schwer gemacht, die wir uns gegen Tempo nicht erlauben d\u00fcrfen&#8220;, sagte FCG-Vorsitzender Rainer Weiss.<\/span><\/p>\n<blockquote>\n<h5><span style=\"font-size: 16px;\">&#8222;Auf dem gro\u00dfen Platz haben wir etwas die Kontrolle verloren&#8220; (Preu\u00dfen-Abteilungsleiter Thomas Mahlau).<\/span><\/h5>\n<\/blockquote>\n<p><span style=\"font-size: 16px; color: #ff9900;\">Thomas Mahlau, der Fu\u00dfball-Abteilungsleiter der Preu\u00dfen, coachte die Mannschaft im Ostpark, da Trainer Artur Rissling krankheitsbedingt fehlte. &#8222;Wir standen nach zwei Minuten zweimal blank vor dem Torwart, da m\u00fcssen wir mindestens einen rein machen&#8220;, haderte Mahlau mit der Anfangsphase. &#8222;Auf dem gro\u00dfen Platz haben wir etwas die Kontrolle verloren, da die vielen R\u00e4ume zugelaufen werden mussten. Torh\u00fcter Sven Lissek hatte einen au\u00dferordentlich guten Tag und hat den Sieg von Gudesding festgehalten&#8220;, merkte Mahlau an. Das 1:1 zur Halbzeit sei schmeichelhaft f\u00fcr den Gegner gewesen. Nach dem Seitenwechsel sei die Partie nach dem 2:1 der Gastgeber hin und her gepl\u00e4tschert. Durch die Einwechslung von Daniel Wolf im Sturm und Gideon Nsemi auf der Au\u00dfenbahn setzte Mahlau auf die Offensive und stellte auf Dreierkette um. <\/span><\/p>\n<p><span style=\"font-size: 16px; color: #ff9900;\">Ein Tor von Daniel Wolf wurde noch wegen Handspiels aberkannt, obwohl der St\u00fcrmer sagte, es sei die Schulter gewesen. &#8222;Wir haben Torchancen kreiert aber die falschen Entscheidungen getroffen, von daher haben wir es nicht geschafft, zum Ausgleich zu kommen&#8220;, sagte Mahlau. &#8222;Wir haben genug M\u00f6glichkeiten, uns fehlt aber das Spielgl\u00fcck. So laufen wir dem ganzen hinterher. Das war wieder ein Spiel, wo wir punkten m\u00fcssen. Gudesding war nicht besser, die haben aus ihren paar M\u00f6glichkeiten die Dinger rein gemacht&#8220;, \u00e4rgerte sich der Abteilungsleiter.\u00a0<\/span><\/p>\n<h5><span style=\"font-size: 16px;\">Schiedsrichter: Ugur Yigit (Bad Orb). Zuschauer: 70. <\/span><\/h5>\n<h5><span style=\"font-size: 16px;\">Tore: 1:0 Christian Arnold (25.), 1:1 Cherano Willef\u00fchr (41.), 2:1 Alexander Root (48.), 3:1 Daniel Peter (58.), 3:2 Adrijan Aslimoski (75.), 4:2 Florian Schuberth (89.).<\/span><\/h5>\n","protected":false},"excerpt":{"rendered":"<p>Der FC Gudesding konnte am Sonntag in der Kreisoberliga Frankfurt durch den 4:2-Heimsieg die G\u00e4ste des SV Viktoria Preu\u00dfen in der Tabelle \u00fcberholen. Nach vier Spielen ohne Sieg war der Erfolg f\u00fcr die Gastgeber ganz wichtig. Die G\u00e4ste versinken wie schon in den Vorjahren immer mehr im grauen Mittelfeld der Tabelle und verloren zum zweiten [&hellip;]<\/p>\n","protected":false},"author":1,"featured_media":3758,"comment_status":"open","ping_status":"open","sticky":false,"template":"","format":"standard","meta":{"footnotes":""},"categories":[2],"tags":[],"class_list":["post-3756","post","type-post","status-publish","format-standard","has-post-thumbnail","hentry","category-kreisoberliga-frankfurt"],"_links":{"self":[{"href":"https:\/\/insideamateurfussball-ffm.de\/index.php?rest_route=\/wp\/v2\/posts\/3756","targetHints":{"allow":["GET"]}}],"collection":[{"href":"https:\/\/insideamateurfussball-ffm.de\/index.php?rest_route=\/wp\/v2\/posts"}],"about":[{"href":"https:\/\/insideamateurfussball-ffm.de\/index.php?rest_route=\/wp\/v2\/types\/post"}],"author":[{"embeddable":true,"href":"https:\/\/insideamateurfussball-ffm.de\/index.php?rest_route=\/wp\/v2\/users\/1"}],"replies":[{"embeddable":true,"href":"https:\/\/insideamateurfussball-ffm.de\/index.php?rest_route=%2Fwp%2Fv2%2Fcomments&post=3756"}],"version-history":[{"count":1,"href":"https:\/\/insideamateurfussball-ffm.de\/index.php?rest_route=\/wp\/v2\/posts\/3756\/revisions"}],"predecessor-version":[{"id":3759,"href":"https:\/\/insideamateurfussball-ffm.de\/index.php?rest_route=\/wp\/v2\/posts\/3756\/revisions\/3759"}],"wp:featuredmedia":[{"embeddable":true,"href":"https:\/\/insideamateurfussball-ffm.de\/index.php?rest_route=\/wp\/v2\/media\/3758"}],"wp:attachment":[{"href":"https:\/\/insideamateurfussball-ffm.de\/index.php?rest_route=%2Fwp%2Fv2%2Fmedia&parent=3756"}],"wp:term":[{"taxonomy":"category","embeddable":true,"href":"https:\/\/insideamateurfussball-ffm.de\/index.php?rest_route=%2Fwp%2Fv2%2Fcategories&post=3756"},{"taxonomy":"post_tag","embeddable":true,"href":"https:\/\/insideamateurfussball-ffm.de\/index.php?rest_route=%2Fwp%2Fv2%2Ftags&post=3756"}],"curies":[{"name":"wp","href":"https:\/\/api.w.org\/{rel}","templated":true}]}}