{"id":3742,"date":"2022-11-08T20:43:37","date_gmt":"2022-11-08T18:43:37","guid":{"rendered":"http:\/\/insideamateurfussball-ffm.de\/?p=3742"},"modified":"2025-01-10T14:45:50","modified_gmt":"2025-01-10T13:45:50","slug":"harheim-gewinnt-bei-guten-griesheimern","status":"publish","type":"post","link":"https:\/\/insideamateurfussball-ffm.de\/?p=3742","title":{"rendered":"Harheim gewinnt bei guten Griesheimern"},"content":{"rendered":"<h5><span style=\"font-size: 16px;\">Die Spvgg. 02 Griesheim unterlag am Sonntag in der Kreisoberliga Frankfurt dem Aufsteiger SG Harheim mit 1:4 (0:1) und musste den starken Neuling an sich vorbei ziehen lassen. Dennoch waren sich beide Trainer hinterher einig, dass die Gastgeber ein gutes Spiel gemacht hatten. Aber auch die G\u00e4ste aus Harheim spielten gut auf und zeigten sich in der Summe effektiver.\u00a0<\/span><\/h5>\n<figure id=\"attachment_3743\" aria-describedby=\"caption-attachment-3743\" style=\"width: 311px\" class=\"wp-caption alignnone\"><img loading=\"lazy\" decoding=\"async\" class=\"wp-image-3743\" src=\"http:\/\/insideamateurfussball-ffm.de\/wp-content\/uploads\/2022\/11\/gries5-1-300x226.jpg\" alt=\"\" width=\"311\" height=\"234\" srcset=\"https:\/\/insideamateurfussball-ffm.de\/wp-content\/uploads\/2022\/11\/gries5-1-300x226.jpg 300w, https:\/\/insideamateurfussball-ffm.de\/wp-content\/uploads\/2022\/11\/gries5-1-768x578.jpg 768w, https:\/\/insideamateurfussball-ffm.de\/wp-content\/uploads\/2022\/11\/gries5-1.jpg 920w\" sizes=\"auto, (max-width: 311px) 100vw, 311px\" \/><figcaption id=\"caption-attachment-3743\" class=\"wp-caption-text\"><strong>Harheims Abwehrchef Lukas Krimmel (links) bewacht den Griesheimer Angelo Castrovillari. Foto: Mithat G\u00fcrser. <\/strong><\/figcaption><\/figure>\n<h5><span style=\"font-size: 16px;\">Spvgg. 02 Griesheim &#8211; SG Harheim 1:4 (0:1)<\/span><\/h5>\n<p><img loading=\"lazy\" decoding=\"async\" class=\"alignnone size-full wp-image-287\" src=\"http:\/\/insideamateurfussball-ffm.de\/wp-content\/uploads\/2022\/05\/SpVgg._02_Griesheim_02.jpg\" alt=\"\" width=\"100\" height=\"100\" \/><img loading=\"lazy\" decoding=\"async\" class=\"alignnone size-full wp-image-284\" src=\"http:\/\/insideamateurfussball-ffm.de\/wp-content\/uploads\/2022\/05\/Harheim.jpg\" alt=\"\" width=\"78\" height=\"80\" \/><\/p>\n<p><span style=\"font-size: 16px; color: #ff9900;\">&#8222;Wir spielen ansehnlichen guten Fu\u00dfball, aber verteidigen zu naiv und halten den Ball zu lange. Bei Ballverlusten sind wir anf\u00e4llig f\u00fcr Konter&#8220;, fasste Griesheims Trainer Marco Santonastaso das Geschehen an der Eichenstra\u00dfe zusammen. Die G\u00e4ste f\u00fchrten durch einen berechtigten Foulelfmeter durch Ante Paradzik (23.), mussten aber danach Abwehrspieler Fabian Molter verletzt auswechseln. <\/span><\/p>\n<p><span style=\"font-size: 16px; color: #ff9900;\">Zur Halbzeit erwischte es auch noch Torsch\u00fctze Paradzik mit geschwollenem Knie. Die Rhodes-Br\u00fcder Michael und Patrick ersetzten die beiden ausgeschiedenen Spieler. Im zweiten Abschnitt probierte Griesheim weiter alles, &#8222;doch uns fehlt das Gl\u00fcck und der Spielwitz aus der letzten Saison&#8220;, wie Santonastaso anmerkte. Griesheim, das auch in Minute 17 mit Kapit\u00e4n Mirko Budimir einen wichtigen Spieler verletzungsbedingt verlor, konnte dem schnellen Umschaltspiel der G\u00e4ste wenig entgegen setzen.<\/span><\/p>\n<blockquote>\n<h5><span style=\"font-size: 16px;\">&#8222;Der Sieg ist dann auch in der H\u00f6he verdient, denn wir waren die bessere Mannschaft&#8220; (Harheims Trainer Tomas Pelayo)<\/span><\/h5>\n<\/blockquote>\n<p><span style=\"font-size: 16px; color: #ff9900;\">Yafet Tsighe (56.) und Lukas G\u00e4rtner (57.) markierten die G\u00e4stetreffer zwei und drei. Der eingewechselte Griesheimer Husein Gorudzic verk\u00fcrzte (79.), aber G\u00e4rtner markierte nach einem sehenswerten Spielzug den Endstand (88.). Harheims Trainer Tomas Pelayo, der vor dem Spiel auf seinen ersten Jugendtrainer Hans Hochstadt traf, w\u00fcnschte zun\u00e4chst dem Spieler Budimir gute Besserung, ehe er seine Spielanalyse begann: &#8222;Griesheim war ein guter Gegner mit viel Tempo. Wir haben in der ausgeglichenen ersten Halbzeit gut verteidigt, nach dem Seitenwechsel gut gegen den Ball gearbeitet. Der Sieg ist dann auch in der H\u00f6he verdient, denn wir waren die bessere Mannschaft. Leider gehen wir aus solchen Spielen mit Verletzungen raus, der Kader wird vor dem Heimspiel gegen Kosova immer d\u00fcnner.&#8220;\u00a0\u00a0<\/span><\/p>\n<h5><span style=\"font-size: 16px;\">Schiedsrichter: Omane Kyei (Pfungstadt). Zuschauer: 98. <\/span><\/h5>\n<h5><span style=\"font-size: 16px;\">Tore: 0:1 Ante Paradzik (23.\/Foulelfmeter), 0:2 Yafet Tsighe (56.), 0:3 Lukas G\u00e4rtner (57.), 1:3 Husein Gorudzic (79.), 1:4 Lukas G\u00e4rtner (88.).<\/span><\/h5>\n<p>\u00a0<\/p>\n\n\n<div class=\"wp-block-columns is-layout-flex wp-container-core-columns-is-layout-28f84493 wp-block-columns-is-layout-flex\">\n<div class=\"wp-block-column is-layout-flow wp-block-column-is-layout-flow\">\n<figure class=\"wp-block-image size-full is-style-default\"><img loading=\"lazy\" decoding=\"async\" width=\"932\" height=\"692\" src=\"http:\/\/insideamateurfussball-ffm.de\/wp-content\/uploads\/2022\/11\/gries10.jpg\" alt=\"\" class=\"wp-image-3744\" srcset=\"https:\/\/insideamateurfussball-ffm.de\/wp-content\/uploads\/2022\/11\/gries10.jpg 932w, https:\/\/insideamateurfussball-ffm.de\/wp-content\/uploads\/2022\/11\/gries10-300x223.jpg 300w, https:\/\/insideamateurfussball-ffm.de\/wp-content\/uploads\/2022\/11\/gries10-768x570.jpg 768w\" sizes=\"auto, (max-width: 932px) 100vw, 932px\" \/><\/figure>\n<\/div>\n\n\n\n<div class=\"wp-block-column is-layout-flow wp-block-column-is-layout-flow\">\n<figure class=\"wp-block-image size-large is-style-default\"><img loading=\"lazy\" decoding=\"async\" width=\"1024\" height=\"677\" src=\"http:\/\/insideamateurfussball-ffm.de\/wp-content\/uploads\/2022\/11\/gries3-1-1024x677.jpg\" alt=\"\" class=\"wp-image-3745\" srcset=\"https:\/\/insideamateurfussball-ffm.de\/wp-content\/uploads\/2022\/11\/gries3-1-1024x677.jpg 1024w, https:\/\/insideamateurfussball-ffm.de\/wp-content\/uploads\/2022\/11\/gries3-1-300x198.jpg 300w, https:\/\/insideamateurfussball-ffm.de\/wp-content\/uploads\/2022\/11\/gries3-1-768x508.jpg 768w, https:\/\/insideamateurfussball-ffm.de\/wp-content\/uploads\/2022\/11\/gries3-1.jpg 1046w\" sizes=\"auto, (max-width: 1024px) 100vw, 1024px\" \/><\/figure>\n<\/div>\n\n\n\n<div class=\"wp-block-column is-layout-flow wp-block-column-is-layout-flow\">\n<figure class=\"wp-block-image size-full is-style-default\"><img loading=\"lazy\" decoding=\"async\" width=\"991\" height=\"692\" src=\"http:\/\/insideamateurfussball-ffm.de\/wp-content\/uploads\/2022\/11\/gries8.jpg\" alt=\"\" class=\"wp-image-3746\" srcset=\"https:\/\/insideamateurfussball-ffm.de\/wp-content\/uploads\/2022\/11\/gries8.jpg 991w, https:\/\/insideamateurfussball-ffm.de\/wp-content\/uploads\/2022\/11\/gries8-300x209.jpg 300w, https:\/\/insideamateurfussball-ffm.de\/wp-content\/uploads\/2022\/11\/gries8-768x536.jpg 768w\" sizes=\"auto, (max-width: 991px) 100vw, 991px\" \/><\/figure>\n<\/div>\n<\/div>\n\n\n\n<figure class=\"wp-block-gallery has-nested-images columns-default is-cropped wp-block-gallery-1 is-layout-flex wp-block-gallery-is-layout-flex\">\n<figure class=\"wp-block-image size-large is-style-default\"><img loading=\"lazy\" decoding=\"async\" width=\"979\" height=\"692\" data-id=\"3747\" src=\"http:\/\/insideamateurfussball-ffm.de\/wp-content\/uploads\/2022\/11\/gries1.jpg\" alt=\"\" class=\"wp-image-3747\" srcset=\"https:\/\/insideamateurfussball-ffm.de\/wp-content\/uploads\/2022\/11\/gries1.jpg 979w, https:\/\/insideamateurfussball-ffm.de\/wp-content\/uploads\/2022\/11\/gries1-300x212.jpg 300w, https:\/\/insideamateurfussball-ffm.de\/wp-content\/uploads\/2022\/11\/gries1-768x543.jpg 768w\" sizes=\"auto, (max-width: 979px) 100vw, 979px\" \/><figcaption class=\"wp-element-caption\">Bildergalerie: Mithat G\u00fcrser.<\/figcaption><\/figure>\n<\/figure>\n\n\n\n<div class=\"wp-block-columns is-layout-flex wp-container-core-columns-is-layout-28f84493 wp-block-columns-is-layout-flex\">\n<div class=\"wp-block-column is-layout-flow wp-block-column-is-layout-flow\">\n<figure class=\"wp-block-image size-full is-style-default\"><img loading=\"lazy\" decoding=\"async\" width=\"958\" height=\"692\" src=\"http:\/\/insideamateurfussball-ffm.de\/wp-content\/uploads\/2022\/11\/gries6-1.jpg\" alt=\"\" class=\"wp-image-3748\" srcset=\"https:\/\/insideamateurfussball-ffm.de\/wp-content\/uploads\/2022\/11\/gries6-1.jpg 958w, https:\/\/insideamateurfussball-ffm.de\/wp-content\/uploads\/2022\/11\/gries6-1-300x217.jpg 300w, https:\/\/insideamateurfussball-ffm.de\/wp-content\/uploads\/2022\/11\/gries6-1-768x555.jpg 768w\" sizes=\"auto, (max-width: 958px) 100vw, 958px\" \/><\/figure>\n<\/div>\n\n\n\n<div class=\"wp-block-column is-layout-flow wp-block-column-is-layout-flow\">\n<figure class=\"wp-block-image size-full is-style-default\"><img loading=\"lazy\" decoding=\"async\" width=\"933\" height=\"692\" src=\"http:\/\/insideamateurfussball-ffm.de\/wp-content\/uploads\/2022\/11\/gries11.jpg\" alt=\"\" class=\"wp-image-3749\" srcset=\"https:\/\/insideamateurfussball-ffm.de\/wp-content\/uploads\/2022\/11\/gries11.jpg 933w, https:\/\/insideamateurfussball-ffm.de\/wp-content\/uploads\/2022\/11\/gries11-300x223.jpg 300w, https:\/\/insideamateurfussball-ffm.de\/wp-content\/uploads\/2022\/11\/gries11-768x570.jpg 768w\" sizes=\"auto, (max-width: 933px) 100vw, 933px\" \/><\/figure>\n<\/div>\n\n\n\n<div class=\"wp-block-column is-layout-flow wp-block-column-is-layout-flow\">\n<figure class=\"wp-block-image size-full is-style-default\"><img loading=\"lazy\" decoding=\"async\" width=\"936\" height=\"692\" src=\"http:\/\/insideamateurfussball-ffm.de\/wp-content\/uploads\/2022\/11\/gries4.jpg\" alt=\"\" class=\"wp-image-3750\" srcset=\"https:\/\/insideamateurfussball-ffm.de\/wp-content\/uploads\/2022\/11\/gries4.jpg 936w, https:\/\/insideamateurfussball-ffm.de\/wp-content\/uploads\/2022\/11\/gries4-300x222.jpg 300w, https:\/\/insideamateurfussball-ffm.de\/wp-content\/uploads\/2022\/11\/gries4-768x568.jpg 768w\" sizes=\"auto, (max-width: 936px) 100vw, 936px\" \/><\/figure>\n<\/div>\n<\/div>\n\n\n\n<div class=\"wp-block-columns is-layout-flex wp-container-core-columns-is-layout-28f84493 wp-block-columns-is-layout-flex\">\n<div class=\"wp-block-column is-layout-flow wp-block-column-is-layout-flow\">\n<figure class=\"wp-block-image size-full is-style-default\"><img loading=\"lazy\" decoding=\"async\" width=\"1013\" height=\"692\" src=\"http:\/\/insideamateurfussball-ffm.de\/wp-content\/uploads\/2022\/11\/gries9.jpg\" alt=\"\" class=\"wp-image-3751\" srcset=\"https:\/\/insideamateurfussball-ffm.de\/wp-content\/uploads\/2022\/11\/gries9.jpg 1013w, https:\/\/insideamateurfussball-ffm.de\/wp-content\/uploads\/2022\/11\/gries9-300x205.jpg 300w, https:\/\/insideamateurfussball-ffm.de\/wp-content\/uploads\/2022\/11\/gries9-768x525.jpg 768w\" sizes=\"auto, (max-width: 1013px) 100vw, 1013px\" \/><\/figure>\n<\/div>\n\n\n\n<div class=\"wp-block-column is-layout-flow wp-block-column-is-layout-flow\">\n<figure class=\"wp-block-image size-full is-style-default\"><img loading=\"lazy\" decoding=\"async\" width=\"952\" height=\"692\" src=\"http:\/\/insideamateurfussball-ffm.de\/wp-content\/uploads\/2022\/11\/gries2-1.jpg\" alt=\"\" class=\"wp-image-3752\" srcset=\"https:\/\/insideamateurfussball-ffm.de\/wp-content\/uploads\/2022\/11\/gries2-1.jpg 952w, https:\/\/insideamateurfussball-ffm.de\/wp-content\/uploads\/2022\/11\/gries2-1-300x218.jpg 300w, https:\/\/insideamateurfussball-ffm.de\/wp-content\/uploads\/2022\/11\/gries2-1-768x558.jpg 768w\" sizes=\"auto, (max-width: 952px) 100vw, 952px\" \/><\/figure>\n<\/div>\n\n\n\n<div class=\"wp-block-column is-layout-flow wp-block-column-is-layout-flow\">\n<figure class=\"wp-block-image size-full is-style-default\"><img loading=\"lazy\" decoding=\"async\" width=\"962\" height=\"692\" src=\"http:\/\/insideamateurfussball-ffm.de\/wp-content\/uploads\/2022\/11\/gries7.jpg\" alt=\"\" class=\"wp-image-3753\" srcset=\"https:\/\/insideamateurfussball-ffm.de\/wp-content\/uploads\/2022\/11\/gries7.jpg 962w, https:\/\/insideamateurfussball-ffm.de\/wp-content\/uploads\/2022\/11\/gries7-300x216.jpg 300w, https:\/\/insideamateurfussball-ffm.de\/wp-content\/uploads\/2022\/11\/gries7-768x552.jpg 768w\" sizes=\"auto, (max-width: 962px) 100vw, 962px\" \/><\/figure>\n<\/div>\n<\/div>\n\n\n\n<div class=\"wp-block-columns is-layout-flex wp-container-core-columns-is-layout-28f84493 wp-block-columns-is-layout-flex\">\n<div class=\"wp-block-column is-layout-flow wp-block-column-is-layout-flow\">\n<figure class=\"wp-block-image size-full is-style-default\"><img loading=\"lazy\" decoding=\"async\" width=\"932\" height=\"692\" src=\"http:\/\/insideamateurfussball-ffm.de\/wp-content\/uploads\/2022\/11\/gries12.jpg\" alt=\"\" class=\"wp-image-3754\" srcset=\"https:\/\/insideamateurfussball-ffm.de\/wp-content\/uploads\/2022\/11\/gries12.jpg 932w, https:\/\/insideamateurfussball-ffm.de\/wp-content\/uploads\/2022\/11\/gries12-300x223.jpg 300w, https:\/\/insideamateurfussball-ffm.de\/wp-content\/uploads\/2022\/11\/gries12-768x570.jpg 768w\" sizes=\"auto, (max-width: 932px) 100vw, 932px\" \/><\/figure>\n<\/div>\n<\/div>\n","protected":false},"excerpt":{"rendered":"<p>Die Spvgg. 02 Griesheim unterlag am Sonntag in der Kreisoberliga Frankfurt dem Aufsteiger SG Harheim mit 1:4 (0:1) und musste den starken Neuling an sich vorbei ziehen lassen. Dennoch waren sich beide Trainer hinterher einig, dass die Gastgeber ein gutes Spiel gemacht hatten. Aber auch die G\u00e4ste aus Harheim spielten gut auf und zeigten sich [&hellip;]<\/p>\n","protected":false},"author":1,"featured_media":3743,"comment_status":"open","ping_status":"open","sticky":false,"template":"","format":"standard","meta":{"footnotes":""},"categories":[2],"tags":[],"class_list":["post-3742","post","type-post","status-publish","format-standard","has-post-thumbnail","hentry","category-kreisoberliga-frankfurt"],"_links":{"self":[{"href":"https:\/\/insideamateurfussball-ffm.de\/index.php?rest_route=\/wp\/v2\/posts\/3742","targetHints":{"allow":["GET"]}}],"collection":[{"href":"https:\/\/insideamateurfussball-ffm.de\/index.php?rest_route=\/wp\/v2\/posts"}],"about":[{"href":"https:\/\/insideamateurfussball-ffm.de\/index.php?rest_route=\/wp\/v2\/types\/post"}],"author":[{"embeddable":true,"href":"https:\/\/insideamateurfussball-ffm.de\/index.php?rest_route=\/wp\/v2\/users\/1"}],"replies":[{"embeddable":true,"href":"https:\/\/insideamateurfussball-ffm.de\/index.php?rest_route=%2Fwp%2Fv2%2Fcomments&post=3742"}],"version-history":[{"count":1,"href":"https:\/\/insideamateurfussball-ffm.de\/index.php?rest_route=\/wp\/v2\/posts\/3742\/revisions"}],"predecessor-version":[{"id":3755,"href":"https:\/\/insideamateurfussball-ffm.de\/index.php?rest_route=\/wp\/v2\/posts\/3742\/revisions\/3755"}],"wp:featuredmedia":[{"embeddable":true,"href":"https:\/\/insideamateurfussball-ffm.de\/index.php?rest_route=\/wp\/v2\/media\/3743"}],"wp:attachment":[{"href":"https:\/\/insideamateurfussball-ffm.de\/index.php?rest_route=%2Fwp%2Fv2%2Fmedia&parent=3742"}],"wp:term":[{"taxonomy":"category","embeddable":true,"href":"https:\/\/insideamateurfussball-ffm.de\/index.php?rest_route=%2Fwp%2Fv2%2Fcategories&post=3742"},{"taxonomy":"post_tag","embeddable":true,"href":"https:\/\/insideamateurfussball-ffm.de\/index.php?rest_route=%2Fwp%2Fv2%2Ftags&post=3742"}],"curies":[{"name":"wp","href":"https:\/\/api.w.org\/{rel}","templated":true}]}}