{"id":3739,"date":"2022-11-08T19:33:57","date_gmt":"2022-11-08T17:33:57","guid":{"rendered":"http:\/\/insideamateurfussball-ffm.de\/?p=3739"},"modified":"2025-01-10T14:45:57","modified_gmt":"2025-01-10T13:45:57","slug":"kosova-marschiert-richtung-relegation","status":"publish","type":"post","link":"https:\/\/insideamateurfussball-ffm.de\/?p=3739","title":{"rendered":"Kosova marschiert Richtung Relegation"},"content":{"rendered":"<h5><span style=\"font-size: 16px;\">Der FC Kosova gewann am Sonntag in der Kreisoberliga Frankfurt mit 3:1 (1:0) gegen den FV Hausen und landete den dritten Sieg in Folge. Seit sieben Spielen sind die Kosovaren nun unbesiegt und marschieren Richtung Rang zwei, der ja zur Teilnahme an der Relegation zur Gruppenliga Frankfurt West berechtigt. Aktuell steht das Team von Trainer Alvaro Zalla auf Rang drei in Lauerstellung zur zwei Punkte mehr aufweisenden Reserve der SG Bornheim\/Gr\u00fcn-Weiss. Hausen hingegen konnte nur eines der letzten f\u00fcnf Spiele gewinnen und ist Siebter.\u00a0<\/span><\/h5>\n<figure id=\"attachment_3740\" aria-describedby=\"caption-attachment-3740\" style=\"width: 311px\" class=\"wp-caption alignnone\"><img loading=\"lazy\" decoding=\"async\" class=\"wp-image-3740\" src=\"http:\/\/insideamateurfussball-ffm.de\/wp-content\/uploads\/2022\/11\/kos10-2-300x214.jpg\" alt=\"\" width=\"311\" height=\"222\" srcset=\"https:\/\/insideamateurfussball-ffm.de\/wp-content\/uploads\/2022\/11\/kos10-2-300x214.jpg 300w, https:\/\/insideamateurfussball-ffm.de\/wp-content\/uploads\/2022\/11\/kos10-2-768x547.jpg 768w, https:\/\/insideamateurfussball-ffm.de\/wp-content\/uploads\/2022\/11\/kos10-2.jpg 961w\" sizes=\"auto, (max-width: 311px) 100vw, 311px\" \/><figcaption id=\"caption-attachment-3740\" class=\"wp-caption-text\"><strong>Der FC Kosova gr\u00fc\u00dft von Rang drei. Foto: Mithat G\u00fcrser. <\/strong><\/figcaption><\/figure>\n<h5><span style=\"font-size: 16px;\">FC Kosova &#8211; FV Hausen 3:1 (1:0)<\/span><\/h5>\n<p><img loading=\"lazy\" decoding=\"async\" class=\"alignnone size-full wp-image-9\" src=\"http:\/\/insideamateurfussball-ffm.de\/wp-content\/uploads\/2021\/11\/Kosova.jpg\" alt=\"\" width=\"65\" height=\"80\" \/><img loading=\"lazy\" decoding=\"async\" class=\"alignnone size-full wp-image-283\" src=\"http:\/\/insideamateurfussball-ffm.de\/wp-content\/uploads\/2022\/05\/Hausen.jpg\" alt=\"\" width=\"80\" height=\"60\" \/><\/p>\n<p><span style=\"font-size: 16px; color: #ff9900;\">&#8222;Unser Engagement und Zusammenhalt sind der Schl\u00fcssel zum Erfolg. Das Trainerteam leistet gute Arbeit. Wir trainieren vollz\u00e4hlig und in Harmonie. So haben wir Spa\u00df am Spiel und zudem keine Egoisten auf dem Platz. Der Aufstieg war nicht geplant, aber wenn sich in dieser Saison die Chance bietet, werden wir es versuchen&#8220;, beschrieb Kosovas Spielausschusschef Rudi Statovci die aktuelle Erfolgswelle der Kosovaren. <\/span><\/p>\n<p><span style=\"font-size: 16px; color: #ff9900;\">Der zweifache Torsch\u00fctze Mostafa El Aadmi (8.\/69.), der in der 81. Minute wegen Ballwegschlagens eine Zeitstrafe erhielt, &#8222;wurde bei uns nach seinem Wechsel im Sommer gut aufgenommen&#8220;, so Statovci. Raisi Zalla markierte nach einem Konter den dritten Treffer (85.), ehe Hausen mit Anas Bakkali (90.\/+3) zum Ehrentreffer kam.<\/span><\/p>\n<h5><span style=\"font-size: 16px;\">Felling vergibt Kopfballchance<\/span><\/h5>\n<p><span style=\"font-size: 16px; color: #ff9900;\">Hausens Trainer Federico da Costa Coutinho meinte, dass die Lila-Wei\u00dfen auf dem &#8222;kleinen Rasenplatz zwischen den beiden Hartpl\u00e4tzen nicht so gut zurecht kamen. Wir haben es vers\u00e4umt, aus dem Ballbesitz im letzten Drittel etwas z\u00e4hlbares zu schlagen. Da waren wir zu ideenlos und zu harmlos im Abschluss.&#8220; Bei den Gegentoren habe man sich schlecht angestellt, ab der 65. Minute zudem offensiv gewechselt. <\/span><\/p>\n<p><span style=\"font-size: 16px; color: #ff9900;\">Die beste Hausener Chance hatte Robin Felling per Kopfball nach einem Freisto\u00df. Kosova-Tormann Murati Erjol klatschte nach vorne ab, aber Shion Tsuji schoss aus f\u00fcnf Metern \u00fcber das Tor (85.). &#8222;Wir hoffen nach drei Ausw\u00e4rtsspielen auf Ackerpl\u00e4tzen uns in den n\u00e4chsten Spielen auf Kunstrasen wieder besser zu schlagen&#8220;, meinte Coutinho.\u00a0<\/span><\/p>\n<h5><span style=\"font-size: 16px;\">Schiedsrichter: Hans Rudolf Cleves (Reinheim). Zuschauer: 190.<\/span><\/h5>\n<h5><span style=\"font-size: 16px;\"> Tore: 1:0, 2:0 Mostafa El Aadmi (8.\/69.), 3:0 Raisi Zalla (85.), 3:1 Anas Bakkali (90.\/+3).\u00a0<\/span><\/h5>\n","protected":false},"excerpt":{"rendered":"<p>Der FC Kosova gewann am Sonntag in der Kreisoberliga Frankfurt mit 3:1 (1:0) gegen den FV Hausen und landete den dritten Sieg in Folge. Seit sieben Spielen sind die Kosovaren nun unbesiegt und marschieren Richtung Rang zwei, der ja zur Teilnahme an der Relegation zur Gruppenliga Frankfurt West berechtigt. Aktuell steht das Team von Trainer [&hellip;]<\/p>\n","protected":false},"author":1,"featured_media":3740,"comment_status":"open","ping_status":"open","sticky":false,"template":"","format":"standard","meta":{"footnotes":""},"categories":[2],"tags":[],"class_list":["post-3739","post","type-post","status-publish","format-standard","has-post-thumbnail","hentry","category-kreisoberliga-frankfurt"],"_links":{"self":[{"href":"https:\/\/insideamateurfussball-ffm.de\/index.php?rest_route=\/wp\/v2\/posts\/3739","targetHints":{"allow":["GET"]}}],"collection":[{"href":"https:\/\/insideamateurfussball-ffm.de\/index.php?rest_route=\/wp\/v2\/posts"}],"about":[{"href":"https:\/\/insideamateurfussball-ffm.de\/index.php?rest_route=\/wp\/v2\/types\/post"}],"author":[{"embeddable":true,"href":"https:\/\/insideamateurfussball-ffm.de\/index.php?rest_route=\/wp\/v2\/users\/1"}],"replies":[{"embeddable":true,"href":"https:\/\/insideamateurfussball-ffm.de\/index.php?rest_route=%2Fwp%2Fv2%2Fcomments&post=3739"}],"version-history":[{"count":1,"href":"https:\/\/insideamateurfussball-ffm.de\/index.php?rest_route=\/wp\/v2\/posts\/3739\/revisions"}],"predecessor-version":[{"id":3741,"href":"https:\/\/insideamateurfussball-ffm.de\/index.php?rest_route=\/wp\/v2\/posts\/3739\/revisions\/3741"}],"wp:featuredmedia":[{"embeddable":true,"href":"https:\/\/insideamateurfussball-ffm.de\/index.php?rest_route=\/wp\/v2\/media\/3740"}],"wp:attachment":[{"href":"https:\/\/insideamateurfussball-ffm.de\/index.php?rest_route=%2Fwp%2Fv2%2Fmedia&parent=3739"}],"wp:term":[{"taxonomy":"category","embeddable":true,"href":"https:\/\/insideamateurfussball-ffm.de\/index.php?rest_route=%2Fwp%2Fv2%2Fcategories&post=3739"},{"taxonomy":"post_tag","embeddable":true,"href":"https:\/\/insideamateurfussball-ffm.de\/index.php?rest_route=%2Fwp%2Fv2%2Ftags&post=3739"}],"curies":[{"name":"wp","href":"https:\/\/api.w.org\/{rel}","templated":true}]}}