{"id":3715,"date":"2022-11-07T23:08:25","date_gmt":"2022-11-07T21:08:25","guid":{"rendered":"http:\/\/insideamateurfussball-ffm.de\/?p=3715"},"modified":"2025-01-10T14:46:14","modified_gmt":"2025-01-10T13:46:14","slug":"fechenheim-gewinnt-suedost-derby","status":"publish","type":"post","link":"https:\/\/insideamateurfussball-ffm.de\/?p=3715","title":{"rendered":"Fechenheim gewinnt &#8222;S\u00fcdost-Derby&#8220;"},"content":{"rendered":"<h5><span style=\"font-size: 16px;\">Die Spvgg. 03 Fechenheim gewann am Sonntag das &#8222;S\u00fcdost-Derby&#8220; in der Gruppenliga Frankfurt West mit 2:0 bei der Spvgg. 05 Oberrad. Der Prestigesieg bei den traditionell h\u00f6herklassig spielenden Oberr\u00e4dern sorgte f\u00fcr gro\u00dfe Freude bei den G\u00e4sten und Ern\u00fcchterung bei den Oberr\u00e4dern.\u00a0<\/span><\/h5>\n<figure id=\"attachment_3716\" aria-describedby=\"caption-attachment-3716\" style=\"width: 313px\" class=\"wp-caption alignnone\"><img loading=\"lazy\" decoding=\"async\" class=\"wp-image-3716\" src=\"http:\/\/insideamateurfussball-ffm.de\/wp-content\/uploads\/2022\/11\/fe2-4-300x206.jpg\" alt=\"\" width=\"313\" height=\"215\" srcset=\"https:\/\/insideamateurfussball-ffm.de\/wp-content\/uploads\/2022\/11\/fe2-4-300x206.jpg 300w, https:\/\/insideamateurfussball-ffm.de\/wp-content\/uploads\/2022\/11\/fe2-4-768x528.jpg 768w, https:\/\/insideamateurfussball-ffm.de\/wp-content\/uploads\/2022\/11\/fe2-4.jpg 1007w\" sizes=\"auto, (max-width: 313px) 100vw, 313px\" \/><figcaption id=\"caption-attachment-3716\" class=\"wp-caption-text\"><\/strong> <strong>Fechenheim behielt im &#8222;S\u00fcdost-Derby&#8220; in Oberrad die Oberhand. Archivfoto: Mithat G\u00fcrser.<\/strong><\/figcaption><\/figure>\n<h5><span style=\"font-size: 16px;\">Spvgg. 05 Oberrad &#8211; Spvgg. 03 Fechenheim 0:2 (0:0)<\/span><\/h5>\n<p><img loading=\"lazy\" decoding=\"async\" class=\"alignnone size-full wp-image-137\" src=\"http:\/\/insideamateurfussball-ffm.de\/wp-content\/uploads\/2022\/05\/Oberrad05.jpg\" alt=\"\" width=\"79\" height=\"80\" \/><img loading=\"lazy\" decoding=\"async\" class=\"alignnone size-full wp-image-603\" src=\"http:\/\/insideamateurfussball-ffm.de\/wp-content\/uploads\/2022\/06\/Fech03.jpg\" alt=\"\" width=\"52\" height=\"80\" \/><\/p>\n<p><span style=\"font-size: 16px; color: #ff9900;\">Die Oberr\u00e4der schafften es nicht, den guten Lauf aus den zuvor errungenen drei Siegen fortzusetzen und fielen auf Rang neun zur\u00fcck. Im ersten Abschnitt konnten Masse Bell Bell und Hatem Fekih Kopfballm\u00f6glichkeiten nicht nutzen. Die Fechenheimer lie\u00dfen schon in der Anfangsphase Chancen durch Ouassim Ouass, Kevin Klein und Murat Bulut liegen. <\/span><\/p>\n<p><span style=\"font-size: 16px; color: #ff9900;\">Oberrad spielte Mitte des ersten Durchgangs gef\u00e4llig nach vorne, scheiterte aber immer wieder an Fechenheims Torh\u00fcter Armin Buchholz. Im zweiten Abschnitt setzte sich die gr\u00f6\u00dfere Durchdchlagskraft der G\u00e4ste durch. Bei einem Zuspiel von Bulut auf Ouass wurde der Fechenheimer elfmeterreif gefoult.<\/span><\/p>\n<blockquote>\n<h5><span style=\"font-size: 16px;\">&#8222;Das war ein verdienter Sieg&#8220; (Fechenheims Vereinschef Reinhold Schmidt)<\/span><\/h5>\n<\/blockquote>\n<p><span style=\"font-size: 16px; color: #ff9900;\">Kevin Klein schoss aber ins Tor, der Schiedsrichter entschied auf Vorteil (65.). In der Schlussphase passte Metehan Karakus bei einem Konter flach zum eingewechselten Athanasios Tsilifis, der zum Endstand traf (90.). &#8222;Es war ein gutes Spiel, das nach 45 Minuten auch 3:3 h\u00e4tte stehen k\u00f6nnen. Die Niederlage ist entt\u00e4uschend, wir hatten uns mehr erhofft&#8220;, sagte Oberrads Co-Trainer Daniel Konta. <\/span><\/p>\n<p><span style=\"font-size: 16px; color: #ff9900;\">Zufriedenheit herrschte dagegen im Fechenheimer Lager nach dem Sprung auf Rang f\u00fcnf, allen voran bei Vereinschef Reinhold Schmidt: &#8222;Das war ein verdienter Sieg. Wir h\u00e4tten schon nach 20 Minuten klar f\u00fchren m\u00fcssen, da haben wir guten Fu\u00dfball gezeigt.&#8220;<\/span><\/p>\n<h5><span style=\"font-size: 16px;\">Schiedsrichter: Lucas Renner (Lorsch). Tore: 0:1 Kevin Klein (65.), 0:2 Athanasios Tsilifis (90.).<\/span><\/h5>\n","protected":false},"excerpt":{"rendered":"<p>Die Spvgg. 03 Fechenheim gewann am Sonntag das &#8222;S\u00fcdost-Derby&#8220; in der Gruppenliga Frankfurt West mit 2:0 bei der Spvgg. 05 Oberrad. Der Prestigesieg bei den traditionell h\u00f6herklassig spielenden Oberr\u00e4dern sorgte f\u00fcr gro\u00dfe Freude bei den G\u00e4sten und Ern\u00fcchterung bei den Oberr\u00e4dern.\u00a0 Spvgg. 05 Oberrad &#8211; Spvgg. 03 Fechenheim 0:2 (0:0) Die Oberr\u00e4der schafften es nicht, [&hellip;]<\/p>\n","protected":false},"author":1,"featured_media":3716,"comment_status":"open","ping_status":"open","sticky":false,"template":"","format":"standard","meta":{"footnotes":""},"categories":[13],"tags":[],"class_list":["post-3715","post","type-post","status-publish","format-standard","has-post-thumbnail","hentry","category-gruppenliga-frankfurt-west"],"_links":{"self":[{"href":"https:\/\/insideamateurfussball-ffm.de\/index.php?rest_route=\/wp\/v2\/posts\/3715","targetHints":{"allow":["GET"]}}],"collection":[{"href":"https:\/\/insideamateurfussball-ffm.de\/index.php?rest_route=\/wp\/v2\/posts"}],"about":[{"href":"https:\/\/insideamateurfussball-ffm.de\/index.php?rest_route=\/wp\/v2\/types\/post"}],"author":[{"embeddable":true,"href":"https:\/\/insideamateurfussball-ffm.de\/index.php?rest_route=\/wp\/v2\/users\/1"}],"replies":[{"embeddable":true,"href":"https:\/\/insideamateurfussball-ffm.de\/index.php?rest_route=%2Fwp%2Fv2%2Fcomments&post=3715"}],"version-history":[{"count":1,"href":"https:\/\/insideamateurfussball-ffm.de\/index.php?rest_route=\/wp\/v2\/posts\/3715\/revisions"}],"predecessor-version":[{"id":3717,"href":"https:\/\/insideamateurfussball-ffm.de\/index.php?rest_route=\/wp\/v2\/posts\/3715\/revisions\/3717"}],"wp:featuredmedia":[{"embeddable":true,"href":"https:\/\/insideamateurfussball-ffm.de\/index.php?rest_route=\/wp\/v2\/media\/3716"}],"wp:attachment":[{"href":"https:\/\/insideamateurfussball-ffm.de\/index.php?rest_route=%2Fwp%2Fv2%2Fmedia&parent=3715"}],"wp:term":[{"taxonomy":"category","embeddable":true,"href":"https:\/\/insideamateurfussball-ffm.de\/index.php?rest_route=%2Fwp%2Fv2%2Fcategories&post=3715"},{"taxonomy":"post_tag","embeddable":true,"href":"https:\/\/insideamateurfussball-ffm.de\/index.php?rest_route=%2Fwp%2Fv2%2Ftags&post=3715"}],"curies":[{"name":"wp","href":"https:\/\/api.w.org\/{rel}","templated":true}]}}