{"id":3712,"date":"2022-11-07T22:47:03","date_gmt":"2022-11-07T20:47:03","guid":{"rendered":"http:\/\/insideamateurfussball-ffm.de\/?p=3712"},"modified":"2025-01-10T14:46:19","modified_gmt":"2025-01-10T13:46:19","slug":"seckbach-loest-pflichtaufgabe-60","status":"publish","type":"post","link":"https:\/\/insideamateurfussball-ffm.de\/?p=3712","title":{"rendered":"Seckbach l\u00f6st Pflichtaufgabe &#8211; 6:0!"},"content":{"rendered":"<h5><span style=\"font-size: 16px;\">Die FG Seckbach konnte ihre Pflichtaufgabe am Sonntag in der Gruppenliga Frankfurt West souver\u00e4n l\u00f6sen. Mit 6:0 (3:0) wurde Neuling und Schlusslicht TSG Ober-W\u00f6llstadt vom Platz gefegt. Dennoch schweben die Seckbacher weiter in akuter Abstiegsgefahr.\u00a0<\/span><\/h5>\n<figure id=\"attachment_3713\" aria-describedby=\"caption-attachment-3713\" style=\"width: 312px\" class=\"wp-caption alignnone\"><img loading=\"lazy\" decoding=\"async\" class=\"wp-image-3713\" src=\"http:\/\/insideamateurfussball-ffm.de\/wp-content\/uploads\/2022\/11\/kalbachvsseckbach-34-300x200.jpg\" alt=\"\" width=\"312\" height=\"208\" srcset=\"https:\/\/insideamateurfussball-ffm.de\/wp-content\/uploads\/2022\/11\/kalbachvsseckbach-34-300x200.jpg 300w, https:\/\/insideamateurfussball-ffm.de\/wp-content\/uploads\/2022\/11\/kalbachvsseckbach-34-1024x683.jpg 1024w, https:\/\/insideamateurfussball-ffm.de\/wp-content\/uploads\/2022\/11\/kalbachvsseckbach-34-768x512.jpg 768w, https:\/\/insideamateurfussball-ffm.de\/wp-content\/uploads\/2022\/11\/kalbachvsseckbach-34-1536x1024.jpg 1536w, https:\/\/insideamateurfussball-ffm.de\/wp-content\/uploads\/2022\/11\/kalbachvsseckbach-34-2048x1365.jpg 2048w\" sizes=\"auto, (max-width: 312px) 100vw, 312px\" \/><figcaption id=\"caption-attachment-3713\" class=\"wp-caption-text\"><strong>Seckbachs Kapit\u00e4n Milad Wardak war wieder an Bord und markierte zwei Treffer. Archivfoto: Anzzo Sports. <\/strong><\/figcaption><\/figure>\n<h5><span style=\"font-size: 16px;\">FG Seckbach &#8211; TSG Ober-W\u00f6llstadt 6:0 (3:0)<\/span><\/h5>\n<p><img loading=\"lazy\" decoding=\"async\" class=\"alignnone size-full wp-image-544\" src=\"http:\/\/insideamateurfussball-ffm.de\/wp-content\/uploads\/2022\/06\/Seckbach.jpg\" alt=\"\" width=\"80\" height=\"80\" \/><img loading=\"lazy\" decoding=\"async\" class=\"alignnone size-full wp-image-1216\" src=\"http:\/\/insideamateurfussball-ffm.de\/wp-content\/uploads\/2022\/07\/TSG-OW.jpg\" alt=\"\" width=\"70\" height=\"80\" \/><\/p>\n<p><span style=\"font-size: 16px; color: #ff9900;\">Milad Wardak (6.\/36.), Benedict Linzenmeier (20.), sowie die eingewechselten Armin Denck (70.\/88.) und Timo Steinert (73.) machten das halbe Dutzend gegen das \u00fcberforderte Schlusslicht aus der Wetterau voll. &#8222;Der Sieg ist auch in der H\u00f6he hochverdient, auch wenn wir jetzt keinen Grund haben, diesen Erfolg tagelang zu feiern. Wir stecken immer noch unten drin und legen jetzt den Fokus auf das Ausw\u00e4rtsspiel am Freitagabend bei der DJK Bad Homburg&#8220;, wollte Seckbachs Spielertrainer Manuel May nicht in Euphorie verfallen.<\/span><\/p>\n<blockquote>\n<h5><span style=\"font-size: 16px;\">&#8222;Bei den letzten Spielen unserer Ersten standen jeweils f\u00fcnf Spieler aus der eigenen Jugend in der Startformation&#8220; (Seckbachs Spielausschusschef Jo Nareike).<\/span><\/h5>\n<\/blockquote>\n<p><span style=\"font-size: 16px; color: #ff9900;\">Spielausschusschef Jo Nareike stellte unterdessen heraus: &#8222;Bei den letzten Spielen unserer Ersten standen jeweils f\u00fcnf Spieler aus der eigenen Jugend in der Startformation &#8211; das gibt es auch nicht so oft in der Gruppenliga.&#8220;\u00a0<\/span><\/p>\n<h5><span style=\"font-size: 16px;\">Schiedsrichter: Daniel Bittner (Petersberg). Zuschauer: 100. <\/span><\/h5>\n<h5><span style=\"font-size: 16px;\">Tore: 1:0 Milad Wardak (6.), 2:0 Benedict Linzenmeier (20.), 3:0 Milad Wardak (36.), 4:0 Armin Denck (70.), 5:0 Timo Steinert (73.), 6:0 Armin Denck (88.).\u00a0<\/span><\/h5>\n","protected":false},"excerpt":{"rendered":"<p>Die FG Seckbach konnte ihre Pflichtaufgabe am Sonntag in der Gruppenliga Frankfurt West souver\u00e4n l\u00f6sen. Mit 6:0 (3:0) wurde Neuling und Schlusslicht TSG Ober-W\u00f6llstadt vom Platz gefegt. Dennoch schweben die Seckbacher weiter in akuter Abstiegsgefahr.\u00a0 FG Seckbach &#8211; TSG Ober-W\u00f6llstadt 6:0 (3:0) Milad Wardak (6.\/36.), Benedict Linzenmeier (20.), sowie die eingewechselten Armin Denck (70.\/88.) und [&hellip;]<\/p>\n","protected":false},"author":1,"featured_media":3713,"comment_status":"open","ping_status":"open","sticky":false,"template":"","format":"standard","meta":{"footnotes":""},"categories":[13],"tags":[],"class_list":["post-3712","post","type-post","status-publish","format-standard","has-post-thumbnail","hentry","category-gruppenliga-frankfurt-west"],"_links":{"self":[{"href":"https:\/\/insideamateurfussball-ffm.de\/index.php?rest_route=\/wp\/v2\/posts\/3712","targetHints":{"allow":["GET"]}}],"collection":[{"href":"https:\/\/insideamateurfussball-ffm.de\/index.php?rest_route=\/wp\/v2\/posts"}],"about":[{"href":"https:\/\/insideamateurfussball-ffm.de\/index.php?rest_route=\/wp\/v2\/types\/post"}],"author":[{"embeddable":true,"href":"https:\/\/insideamateurfussball-ffm.de\/index.php?rest_route=\/wp\/v2\/users\/1"}],"replies":[{"embeddable":true,"href":"https:\/\/insideamateurfussball-ffm.de\/index.php?rest_route=%2Fwp%2Fv2%2Fcomments&post=3712"}],"version-history":[{"count":1,"href":"https:\/\/insideamateurfussball-ffm.de\/index.php?rest_route=\/wp\/v2\/posts\/3712\/revisions"}],"predecessor-version":[{"id":3714,"href":"https:\/\/insideamateurfussball-ffm.de\/index.php?rest_route=\/wp\/v2\/posts\/3712\/revisions\/3714"}],"wp:featuredmedia":[{"embeddable":true,"href":"https:\/\/insideamateurfussball-ffm.de\/index.php?rest_route=\/wp\/v2\/media\/3713"}],"wp:attachment":[{"href":"https:\/\/insideamateurfussball-ffm.de\/index.php?rest_route=%2Fwp%2Fv2%2Fmedia&parent=3712"}],"wp:term":[{"taxonomy":"category","embeddable":true,"href":"https:\/\/insideamateurfussball-ffm.de\/index.php?rest_route=%2Fwp%2Fv2%2Fcategories&post=3712"},{"taxonomy":"post_tag","embeddable":true,"href":"https:\/\/insideamateurfussball-ffm.de\/index.php?rest_route=%2Fwp%2Fv2%2Ftags&post=3712"}],"curies":[{"name":"wp","href":"https:\/\/api.w.org\/{rel}","templated":true}]}}