{"id":3684,"date":"2022-11-07T21:08:55","date_gmt":"2022-11-07T19:08:55","guid":{"rendered":"http:\/\/insideamateurfussball-ffm.de\/?p=3684"},"modified":"2025-01-10T14:38:01","modified_gmt":"2025-01-10T13:38:01","slug":"starke-zeilsheimer-mit-zu-wenigen-toren-11","status":"publish","type":"post","link":"https:\/\/insideamateurfussball-ffm.de\/?p=3684","title":{"rendered":"Starke Zeilsheimer mit zu wenigen Toren &#8211; 1:1!"},"content":{"rendered":"<h5><span style=\"font-size: 16px;\">Der SV Zeilsheim hatte am Sonntag in der Verbandsliga Mitte den Tabellenzweiten FC Ederbergland zu Gast. Mit einem Sieg h\u00e4tten die West-Frankfurter den R\u00fcckstand zum direkten Konkurrenten auf sechs Z\u00e4hler verk\u00fcrzen k\u00f6nnen, doch es reichte nur zu einem 1:1 (1:1). Mit einem Spiel weniger steht Zeisheim weiter neun Punkte hinter dem Relegationsplatz.\u00a0<\/span><\/h5>\n<figure id=\"attachment_3685\" aria-describedby=\"caption-attachment-3685\" style=\"width: 310px\" class=\"wp-caption alignnone\"><img loading=\"lazy\" decoding=\"async\" class=\"wp-image-3685\" src=\"http:\/\/insideamateurfussball-ffm.de\/wp-content\/uploads\/2022\/11\/16-Jonatan-Tesfaldet-fing-sich-nach-Abpfiff-von-Schiedsrichter-Florian-Tesch-noch-eine-unnoetige-Gelb-Rote-Karte-ein.-300x294.jpg\" alt=\"\" width=\"310\" height=\"304\" srcset=\"https:\/\/insideamateurfussball-ffm.de\/wp-content\/uploads\/2022\/11\/16-Jonatan-Tesfaldet-fing-sich-nach-Abpfiff-von-Schiedsrichter-Florian-Tesch-noch-eine-unnoetige-Gelb-Rote-Karte-ein.-300x294.jpg 300w, https:\/\/insideamateurfussball-ffm.de\/wp-content\/uploads\/2022\/11\/16-Jonatan-Tesfaldet-fing-sich-nach-Abpfiff-von-Schiedsrichter-Florian-Tesch-noch-eine-unnoetige-Gelb-Rote-Karte-ein..jpg 706w\" sizes=\"auto, (max-width: 310px) 100vw, 310px\" \/><figcaption id=\"caption-attachment-3685\" class=\"wp-caption-text\">Jonatan Tesfaldet sah nach Spielschluss noch unn\u00f6tigerweise die Gelb-Rote Karte: Foto: Peter Strauch.<\/figcaption><\/figure>\n<h5><span style=\"font-size: 16px;\">\u00a0<\/span><\/h5>\n<h5><span style=\"font-size: 16px;\">SV Zeilsheim &#8211; FC Ederbergland 1:1 (1:1)<\/span><\/h5>\n<p><img loading=\"lazy\" decoding=\"async\" class=\"alignnone size-full wp-image-1153\" src=\"http:\/\/insideamateurfussball-ffm.de\/wp-content\/uploads\/2022\/07\/SVZe.jpg\" alt=\"\" width=\"68\" height=\"80\" \/><img loading=\"lazy\" decoding=\"async\" class=\"alignnone size-full wp-image-3686\" src=\"http:\/\/insideamateurfussball-ffm.de\/wp-content\/uploads\/2022\/11\/Ederbergland.jpg\" alt=\"\" width=\"80\" height=\"80\" \/><\/p>\n<div data-canvas-width=\"593.2373333333333\"><span style=\"color: #ff9900;\">Erneut fehlte dem SV das Fortune, um im zweiten Spitzenspiel binnen einer Woche einen Sieg zu erringen. Wie bereits in der Vorwoche beim Tabellenf\u00fchrer VfB Marburg, h\u00e4tten auch gestern die \u201eGr\u00fcn-Wei\u00dfen\u201c gegen den FC Ederbergland drei Punkte mitnehmen k\u00f6nnen. \u201eEs war ein Spiel auf gutem Niveau&#8220;, lobte Tom Balser besonders seine Mannschaft. <\/span><\/div>\n<div data-canvas-width=\"593.2373333333333\"><\/div>\n<div data-canvas-width=\"593.2373333333333\"><span style=\"color: #ff9900;\">&#8222;Leider haben wir unsere vielen Torm\u00f6glichkeiten nicht mit letzter Konsequenz genutzt und uns nicht f\u00fcr unseren hohen Aufwand belohnt\u201c, f\u00fchrte der <\/span><span style=\"color: #ff9900;\">Sportliche Leiter des SVZ weiter aus. Zeilsheim verpasste nach der F\u00fchrung &#8211; Ilias Mouktader k\u00f6pfte nach einer Flanke von Samed G\u00fcrsoy zur F\u00fchrung (10.) ein \u2013 das Ergebnis auszubauen.<\/span><\/div>\n<div data-canvas-width=\"593.2373333333333\"><\/div>\n<h5 data-canvas-width=\"593.2373333333333\"><span style=\"font-size: 16px;\">Sonntag zu TuBa Pohlheim\u00a0<\/span><\/h5>\n<div data-canvas-width=\"603.0933333333329\"><\/div>\n<div data-canvas-width=\"603.0933333333329\"><span style=\"color: #ff9900;\">Das r\u00e4chte sich noch vor der Halbzeit, als die G\u00e4ste mit einem Strafsto\u00df (37.) den \u00fcberraschenden Ausgleich durch Janis Wolff erzielten. Auch nach dem Seitenwechsel blieben die Zeilsheimer dominant und hatten durch Niklas Dillitz (67.), Patryk Kuras (71.) und Samed G\u00fcrsoy (82.) weitere gute M\u00f6glichkeiten, um erneut in F\u00fchrung zu gehen. <\/span><\/div>\n<div data-canvas-width=\"603.0933333333329\"><\/div>\n<div data-canvas-width=\"603.0933333333329\"><span style=\"color: #ff9900;\">G\u00e4stetorh\u00fcter Nils Schneider wuchs \u00fcber sich hinaus und verhinderte mit tollen Paraden oder gutem Stellungsspiel, bei 1:1-Situationen, das zweite Tor des SV. Nach dem erneuten Unentschieden tritt der SV in der Tabelle auf der Stelle und muss am kommenden Sonntag bei TuBa Pohlheim konsequent seine Chancen nutzen, um den Abstand zum Tabellenzweiten nicht noch gr\u00f6\u00dfer werden zu lassen.<\/span><\/div>\n<h5><span style=\"font-size: 16px;\">Schiedsrichter: Florian Tesch (Dieburg). Tore: 1:0 Ilias Mouktader (10.), 1:1 Janis Wolff (37.\/Foulelfmeter).\u00a0<\/span><\/h5>\n","protected":false},"excerpt":{"rendered":"<p>Der SV Zeilsheim hatte am Sonntag in der Verbandsliga Mitte den Tabellenzweiten FC Ederbergland zu Gast. Mit einem Sieg h\u00e4tten die West-Frankfurter den R\u00fcckstand zum direkten Konkurrenten auf sechs Z\u00e4hler verk\u00fcrzen k\u00f6nnen, doch es reichte nur zu einem 1:1 (1:1). Mit einem Spiel weniger steht Zeisheim weiter neun Punkte hinter dem Relegationsplatz.\u00a0 \u00a0 SV Zeilsheim [&hellip;]<\/p>\n","protected":false},"author":1,"featured_media":3685,"comment_status":"open","ping_status":"open","sticky":false,"template":"","format":"standard","meta":{"footnotes":""},"categories":[32],"tags":[],"class_list":["post-3684","post","type-post","status-publish","format-standard","has-post-thumbnail","hentry","category-verbandsliga-mitte"],"_links":{"self":[{"href":"https:\/\/insideamateurfussball-ffm.de\/index.php?rest_route=\/wp\/v2\/posts\/3684","targetHints":{"allow":["GET"]}}],"collection":[{"href":"https:\/\/insideamateurfussball-ffm.de\/index.php?rest_route=\/wp\/v2\/posts"}],"about":[{"href":"https:\/\/insideamateurfussball-ffm.de\/index.php?rest_route=\/wp\/v2\/types\/post"}],"author":[{"embeddable":true,"href":"https:\/\/insideamateurfussball-ffm.de\/index.php?rest_route=\/wp\/v2\/users\/1"}],"replies":[{"embeddable":true,"href":"https:\/\/insideamateurfussball-ffm.de\/index.php?rest_route=%2Fwp%2Fv2%2Fcomments&post=3684"}],"version-history":[{"count":1,"href":"https:\/\/insideamateurfussball-ffm.de\/index.php?rest_route=\/wp\/v2\/posts\/3684\/revisions"}],"predecessor-version":[{"id":3687,"href":"https:\/\/insideamateurfussball-ffm.de\/index.php?rest_route=\/wp\/v2\/posts\/3684\/revisions\/3687"}],"wp:featuredmedia":[{"embeddable":true,"href":"https:\/\/insideamateurfussball-ffm.de\/index.php?rest_route=\/wp\/v2\/media\/3685"}],"wp:attachment":[{"href":"https:\/\/insideamateurfussball-ffm.de\/index.php?rest_route=%2Fwp%2Fv2%2Fmedia&parent=3684"}],"wp:term":[{"taxonomy":"category","embeddable":true,"href":"https:\/\/insideamateurfussball-ffm.de\/index.php?rest_route=%2Fwp%2Fv2%2Fcategories&post=3684"},{"taxonomy":"post_tag","embeddable":true,"href":"https:\/\/insideamateurfussball-ffm.de\/index.php?rest_route=%2Fwp%2Fv2%2Ftags&post=3684"}],"curies":[{"name":"wp","href":"https:\/\/api.w.org\/{rel}","templated":true}]}}