{"id":3680,"date":"2022-11-07T00:03:45","date_gmt":"2022-11-06T22:03:45","guid":{"rendered":"http:\/\/insideamateurfussball-ffm.de\/?p=3680"},"modified":"2025-01-10T14:38:07","modified_gmt":"2025-01-10T13:38:07","slug":"paul-schmanke-vollendet-bornheimer-auswaertssieg","status":"publish","type":"post","link":"https:\/\/insideamateurfussball-ffm.de\/?p=3680","title":{"rendered":"Bornheim steht schon auf Rang drei"},"content":{"rendered":"<h5><span style=\"font-size: 16px;\">In der Verbandsliga S\u00fcd baute der Hanauer SC durch das 3:1 gegen Aufsteiger VfR Fehlheim seine Spitzenposition auf drei Punkte Vorsprung vor Verfolger Rot-Wei\u00df Darmstadt aus. Zwei Punkte dahinter liegt nun die SG Bornheim Gr\u00fcn-Weiss auf Platz drei, die sich bei Kellerkind SV M\u00fcnster m\u00fchevoll mit 2:1 (1:1) durchsetzte.\u00a0<\/span><\/h5>\n<figure id=\"attachment_3681\" aria-describedby=\"caption-attachment-3681\" style=\"width: 313px\" class=\"wp-caption alignnone\"><img loading=\"lazy\" decoding=\"async\" class=\"wp-image-3681\" src=\"http:\/\/insideamateurfussball-ffm.de\/wp-content\/uploads\/2022\/11\/SGB-03NeuIsenburg_221016-1770-300x200.jpg\" alt=\"\" width=\"313\" height=\"209\" srcset=\"https:\/\/insideamateurfussball-ffm.de\/wp-content\/uploads\/2022\/11\/SGB-03NeuIsenburg_221016-1770-300x200.jpg 300w, https:\/\/insideamateurfussball-ffm.de\/wp-content\/uploads\/2022\/11\/SGB-03NeuIsenburg_221016-1770-1024x684.jpg 1024w, https:\/\/insideamateurfussball-ffm.de\/wp-content\/uploads\/2022\/11\/SGB-03NeuIsenburg_221016-1770-768x513.jpg 768w, https:\/\/insideamateurfussball-ffm.de\/wp-content\/uploads\/2022\/11\/SGB-03NeuIsenburg_221016-1770-1536x1026.jpg 1536w, https:\/\/insideamateurfussball-ffm.de\/wp-content\/uploads\/2022\/11\/SGB-03NeuIsenburg_221016-1770-2048x1368.jpg 2048w\" sizes=\"auto, (max-width: 313px) 100vw, 313px\" \/><figcaption id=\"caption-attachment-3681\" class=\"wp-caption-text\"><strong>Die SG Bornheim Gr\u00fcn-Weiss ist Dritter in der Verbandsliga S\u00fcd. Foto: Andre Sturmeit. <\/strong><\/figcaption><\/figure>\n<h5><span style=\"font-size: 16px;\">SV M\u00fcnster &#8211; SG Bornheim Gr\u00fcn-Weiss 1:2 (1:1)<\/span><\/h5>\n<p><img loading=\"lazy\" decoding=\"async\" class=\"alignnone size-full wp-image-577\" src=\"http:\/\/insideamateurfussball-ffm.de\/wp-content\/uploads\/2022\/06\/Muenster.jpg\" alt=\"\" width=\"72\" height=\"80\" \/><img loading=\"lazy\" decoding=\"async\" class=\"alignnone size-full wp-image-119\" src=\"http:\/\/insideamateurfussball-ffm.de\/wp-content\/uploads\/2022\/05\/Bornheim.jpg\" alt=\"\" width=\"80\" height=\"80\" \/><\/p>\n<p><span style=\"font-size: 16px; color: #ff9900;\">Fr\u00fch gingen die Bornheimer auf dem Rasenplatz am M\u00e4usberg in F\u00fchrung. Einen Konter \u00fcber Mohamedelamin Camara vollendete Spielgestalter Teklu Tewelde aus zehn Metern (4.). Die Gastgeber k\u00e4mpften sich in das Spiel und kamen \u00fcber Linksau\u00dfen Tareq Hamed zum Ausgleich, der gegen die Laufrichtung von Bornheims Torh\u00fcter Gianluca Colombo zum 1:1 traf (9.). <\/span><\/p>\n<p><span style=\"font-size: 16px; color: #ff9900;\">Fr\u00fch musste M\u00fcnster mit Jens Ries und Talmiz Butt zwei wichtige Abwehrs\u00e4ulen ersetzen. &#8222;Ich habe der Mannschaft w\u00e4hrend der Halbzeitpause gesagt, dass wir geduldig weiter spielen und den Gegner vor Aufgaben stellen m\u00fcssen&#8220;, erkl\u00e4rte Bornheims Trainer Sascha Volk.<\/span><\/p>\n<h5><span style=\"font-size: 16px;\">Paul Schmanke trifft entscheidend\u00a0<\/span><\/h5>\n<p><span style=\"font-size: 16px; color: #ff9900;\">Mit Raphael Gure konnte der Bornheimer Trainer f\u00fcr den verletzt ausgeschiedenen Valerio Lettieri von der Bank nachlegen. Neben Gure sorgte noch der zwei Minuten sp\u00e4ter eingewechselte Lukas Knell vorne f\u00fcr Wirbel. Joel Tewelde hatte dann Pech mit einem Lattenschuss, dann wurde ein Treffer von Gure wegen eines Handspiels zuvor nicht anerkannt. <\/span><\/p>\n<p><span style=\"font-size: 16px; color: #ff9900;\">Der Bornheimer Siegtreffer kam dann doch noch in der 78. Minute zustande. Gure legte einen langen Ball per Kopf quer und Paul Schmanke traf entscheidend. Die letzten Minuten mussten die G\u00e4ste bei hohen B\u00e4llen noch zittern, Ben Schwarz kl\u00e4rte mit dem Kopf vor der Linie. &#8222;Mit vier Wechseln konnten wir das Spiel von der Bank aus f\u00fcr uns entscheiden&#8220;, sagte Volk.<\/span><\/p>\n<h5><span style=\"font-size: 16px;\">Schiedsrichter: Patrick Werner (Bauschheim). Zuschauer: 100. <\/span><\/h5>\n<h5><span style=\"font-size: 16px;\">Tore: 0:1 Teklu Tewelde (4.), 1:1 Tariq Ahmed (9.), 1:2 Paul Schmanke (78.).<\/span><\/h5>\n","protected":false},"excerpt":{"rendered":"<p>In der Verbandsliga S\u00fcd baute der Hanauer SC durch das 3:1 gegen Aufsteiger VfR Fehlheim seine Spitzenposition auf drei Punkte Vorsprung vor Verfolger Rot-Wei\u00df Darmstadt aus. Zwei Punkte dahinter liegt nun die SG Bornheim Gr\u00fcn-Weiss auf Platz drei, die sich bei Kellerkind SV M\u00fcnster m\u00fchevoll mit 2:1 (1:1) durchsetzte.\u00a0 SV M\u00fcnster &#8211; SG Bornheim Gr\u00fcn-Weiss [&hellip;]<\/p>\n","protected":false},"author":1,"featured_media":3681,"comment_status":"open","ping_status":"open","sticky":false,"template":"","format":"standard","meta":{"footnotes":""},"categories":[10],"tags":[],"class_list":["post-3680","post","type-post","status-publish","format-standard","has-post-thumbnail","hentry","category-verbandsliga-sued"],"_links":{"self":[{"href":"https:\/\/insideamateurfussball-ffm.de\/index.php?rest_route=\/wp\/v2\/posts\/3680","targetHints":{"allow":["GET"]}}],"collection":[{"href":"https:\/\/insideamateurfussball-ffm.de\/index.php?rest_route=\/wp\/v2\/posts"}],"about":[{"href":"https:\/\/insideamateurfussball-ffm.de\/index.php?rest_route=\/wp\/v2\/types\/post"}],"author":[{"embeddable":true,"href":"https:\/\/insideamateurfussball-ffm.de\/index.php?rest_route=\/wp\/v2\/users\/1"}],"replies":[{"embeddable":true,"href":"https:\/\/insideamateurfussball-ffm.de\/index.php?rest_route=%2Fwp%2Fv2%2Fcomments&post=3680"}],"version-history":[{"count":2,"href":"https:\/\/insideamateurfussball-ffm.de\/index.php?rest_route=\/wp\/v2\/posts\/3680\/revisions"}],"predecessor-version":[{"id":3683,"href":"https:\/\/insideamateurfussball-ffm.de\/index.php?rest_route=\/wp\/v2\/posts\/3680\/revisions\/3683"}],"wp:featuredmedia":[{"embeddable":true,"href":"https:\/\/insideamateurfussball-ffm.de\/index.php?rest_route=\/wp\/v2\/media\/3681"}],"wp:attachment":[{"href":"https:\/\/insideamateurfussball-ffm.de\/index.php?rest_route=%2Fwp%2Fv2%2Fmedia&parent=3680"}],"wp:term":[{"taxonomy":"category","embeddable":true,"href":"https:\/\/insideamateurfussball-ffm.de\/index.php?rest_route=%2Fwp%2Fv2%2Fcategories&post=3680"},{"taxonomy":"post_tag","embeddable":true,"href":"https:\/\/insideamateurfussball-ffm.de\/index.php?rest_route=%2Fwp%2Fv2%2Ftags&post=3680"}],"curies":[{"name":"wp","href":"https:\/\/api.w.org\/{rel}","templated":true}]}}