{"id":3676,"date":"2022-11-06T23:28:33","date_gmt":"2022-11-06T21:28:33","guid":{"rendered":"http:\/\/insideamateurfussball-ffm.de\/?p=3676"},"modified":"2025-01-10T14:38:12","modified_gmt":"2025-01-10T13:38:12","slug":"eintracht-ii-nach-20-sieg-auf-rang-zwei","status":"publish","type":"post","link":"https:\/\/insideamateurfussball-ffm.de\/?p=3676","title":{"rendered":"Eintracht II nach 2:0-Sieg auf Rang zwei"},"content":{"rendered":"<h5><span style=\"font-size: 16px;\">Eintracht Frankfurt II hat in der Hessenliga die Ausw\u00e4rtsh\u00fcrde TuS Dietkirchen genommen und sich mit dem 2:0-Sieg im Limburger Stadtteil auf den zweiten Platz gehievt, der ja zur Teilnahme an der Aufstiegsrunde zur Regionalliga S\u00fcdwest berechtigt. Auf den souver\u00e4nen Spitzenreiter FC Gie\u00dfen sind es jedoch schon sechs Punkte R\u00fcckstand.\u00a0<\/span><\/h5>\n<figure id=\"attachment_3677\" aria-describedby=\"caption-attachment-3677\" style=\"width: 311px\" class=\"wp-caption alignnone\"><img loading=\"lazy\" decoding=\"async\" class=\"wp-image-3677\" src=\"http:\/\/insideamateurfussball-ffm.de\/wp-content\/uploads\/2022\/11\/e42-1-300x235.jpg\" alt=\"\" width=\"311\" height=\"243\" srcset=\"https:\/\/insideamateurfussball-ffm.de\/wp-content\/uploads\/2022\/11\/e42-1-300x235.jpg 300w, https:\/\/insideamateurfussball-ffm.de\/wp-content\/uploads\/2022\/11\/e42-1-768x601.jpg 768w, https:\/\/insideamateurfussball-ffm.de\/wp-content\/uploads\/2022\/11\/e42-1.jpg 885w\" sizes=\"auto, (max-width: 311px) 100vw, 311px\" \/><figcaption id=\"caption-attachment-3677\" class=\"wp-caption-text\">Der Trainerstab der Eintracht U21 unter der Leitung von Kristijan Glibo konnte zufrieden sein. Archivfoto: Mithat G\u00fcrser.<\/figcaption><\/figure>\n<h5><span style=\"font-size: 16px;\">TuS Dietkirchen &#8211; Eintracht Frankfurt II 0:2 (0:0)<\/span><\/h5>\n<p><img loading=\"lazy\" decoding=\"async\" class=\"alignnone size-full wp-image-3678\" src=\"http:\/\/insideamateurfussball-ffm.de\/wp-content\/uploads\/2022\/11\/Dietkirchen.jpg\" alt=\"\" width=\"80\" height=\"77\" \/><img loading=\"lazy\" decoding=\"async\" class=\"alignnone size-full wp-image-836\" src=\"http:\/\/insideamateurfussball-ffm.de\/wp-content\/uploads\/2022\/06\/SGE.jpg\" alt=\"\" width=\"79\" height=\"80\" \/><\/p>\n<p><span style=\"font-size: 16px; color: #ff9900;\">800 begeisterte Zuschauer auf dem Reckenforst sahen eine engagierte Heimelf, die der Eintracht U21 das Spiel \u00fcber lange Strecken nicht einfach machte und nach vorne sogar einige M\u00f6glichkeiten hatte. Im zweiten Abschnitt kassierten die Gastgeber ein Tor in Unterzahl, just als Nils Bergs mit einer Kopfverletzung behandelt wurde, war die Abwehr der Hausherren ungeordnet, was Abassin Alikhil nutzte (72.). Danach setzte sich die gr\u00f6\u00dfere Qualit\u00e4t der Jungadler durch, die mit Mehdi Loune den zweiten Treffer nachlegten (79.). Anders als letzte Woche spielte das Team von Trainer Kristijan Glibo dann kein Harakiri mehr, legte nicht den R\u00fcckw\u00e4rtsgang ein, sondern spielte die Zeit clever herunter. N\u00e4chsten Samstag ist dann im &#8222;Ahorn Camp Sportpark&#8220; zu Dreieich-Sprendlingen Aufsteiger SV Adler Weidenhausen zu Gast (14.30 Uhr).<\/span><\/p>\n<h5><span style=\"font-size: 16px;\">Schiedsrichter: Christian St\u00fcbing (Breitenborn). Zuschauer: 800. <\/span><\/h5>\n<h5><span style=\"font-size: 16px;\">Tore: 0:1 Abassin Alikhil (72.), 0:2 Mehdi Loune (79.).<\/span><\/h5>\n","protected":false},"excerpt":{"rendered":"<p>Eintracht Frankfurt II hat in der Hessenliga die Ausw\u00e4rtsh\u00fcrde TuS Dietkirchen genommen und sich mit dem 2:0-Sieg im Limburger Stadtteil auf den zweiten Platz gehievt, der ja zur Teilnahme an der Aufstiegsrunde zur Regionalliga S\u00fcdwest berechtigt. Auf den souver\u00e4nen Spitzenreiter FC Gie\u00dfen sind es jedoch schon sechs Punkte R\u00fcckstand.\u00a0 TuS Dietkirchen &#8211; Eintracht Frankfurt II [&hellip;]<\/p>\n","protected":false},"author":1,"featured_media":3677,"comment_status":"open","ping_status":"open","sticky":false,"template":"","format":"standard","meta":{"footnotes":""},"categories":[8],"tags":[],"class_list":["post-3676","post","type-post","status-publish","format-standard","has-post-thumbnail","hentry","category-hessenliga"],"_links":{"self":[{"href":"https:\/\/insideamateurfussball-ffm.de\/index.php?rest_route=\/wp\/v2\/posts\/3676","targetHints":{"allow":["GET"]}}],"collection":[{"href":"https:\/\/insideamateurfussball-ffm.de\/index.php?rest_route=\/wp\/v2\/posts"}],"about":[{"href":"https:\/\/insideamateurfussball-ffm.de\/index.php?rest_route=\/wp\/v2\/types\/post"}],"author":[{"embeddable":true,"href":"https:\/\/insideamateurfussball-ffm.de\/index.php?rest_route=\/wp\/v2\/users\/1"}],"replies":[{"embeddable":true,"href":"https:\/\/insideamateurfussball-ffm.de\/index.php?rest_route=%2Fwp%2Fv2%2Fcomments&post=3676"}],"version-history":[{"count":1,"href":"https:\/\/insideamateurfussball-ffm.de\/index.php?rest_route=\/wp\/v2\/posts\/3676\/revisions"}],"predecessor-version":[{"id":3679,"href":"https:\/\/insideamateurfussball-ffm.de\/index.php?rest_route=\/wp\/v2\/posts\/3676\/revisions\/3679"}],"wp:featuredmedia":[{"embeddable":true,"href":"https:\/\/insideamateurfussball-ffm.de\/index.php?rest_route=\/wp\/v2\/media\/3677"}],"wp:attachment":[{"href":"https:\/\/insideamateurfussball-ffm.de\/index.php?rest_route=%2Fwp%2Fv2%2Fmedia&parent=3676"}],"wp:term":[{"taxonomy":"category","embeddable":true,"href":"https:\/\/insideamateurfussball-ffm.de\/index.php?rest_route=%2Fwp%2Fv2%2Fcategories&post=3676"},{"taxonomy":"post_tag","embeddable":true,"href":"https:\/\/insideamateurfussball-ffm.de\/index.php?rest_route=%2Fwp%2Fv2%2Ftags&post=3676"}],"curies":[{"name":"wp","href":"https:\/\/api.w.org\/{rel}","templated":true}]}}