{"id":3658,"date":"2022-11-05T20:40:45","date_gmt":"2022-11-05T18:40:45","guid":{"rendered":"http:\/\/insideamateurfussball-ffm.de\/?p=3658"},"modified":"2025-01-10T14:38:28","modified_gmt":"2025-01-10T13:38:28","slug":"fragwuerdiger-elfer-kostet-vilbel-den-sieg","status":"publish","type":"post","link":"https:\/\/insideamateurfussball-ffm.de\/?p=3658","title":{"rendered":"Fragw\u00fcrdiger Elfer kostet Vilbel den Sieg"},"content":{"rendered":"<h5><span style=\"font-size: 16px;\">Der FV Bad Vilbel erreichte am Freitagabend in der Verbandsliga S\u00fcd ein achtbares 2:2 (2:1) gegen den Tabellenzweiten SKV Rot-Wei\u00df Darmstadt und sammelte gegen den Aufstiegsaspiranten einen weiteren Z\u00e4hler f\u00fcr das Ziel Klassenerhalt. Allerdings w\u00e4ren gegen die defensivstarken G\u00e4ste nach einer engagierten Vorstellung sogar drei Punkte m\u00f6glich gewesen.<\/span><\/h5>\n<figure id=\"attachment_3659\" aria-describedby=\"caption-attachment-3659\" style=\"width: 310px\" class=\"wp-caption alignnone\"><img loading=\"lazy\" decoding=\"async\" class=\"wp-image-3659\" src=\"http:\/\/insideamateurfussball-ffm.de\/wp-content\/uploads\/2022\/11\/BV-SKV-300x300.jpg\" alt=\"\" width=\"310\" height=\"310\" srcset=\"https:\/\/insideamateurfussball-ffm.de\/wp-content\/uploads\/2022\/11\/BV-SKV-300x300.jpg 300w, https:\/\/insideamateurfussball-ffm.de\/wp-content\/uploads\/2022\/11\/BV-SKV-150x150.jpg 150w, https:\/\/insideamateurfussball-ffm.de\/wp-content\/uploads\/2022\/11\/BV-SKV-768x768.jpg 768w, https:\/\/insideamateurfussball-ffm.de\/wp-content\/uploads\/2022\/11\/BV-SKV.jpg 960w\" sizes=\"auto, (max-width: 310px) 100vw, 310px\" \/><figcaption id=\"caption-attachment-3659\" class=\"wp-caption-text\"><strong>Nur 96 Zuschauer am Freitagabend am Niddasportfeld. Foto: Jan Werner. <\/strong><\/figcaption><\/figure>\n<h5><span style=\"font-size: 16px;\">FV Bad Vilbel &#8211; SKV Rot-Wei\u00df Darmstadt 2:2 (2:1)<\/span><\/h5>\n<p><img loading=\"lazy\" decoding=\"async\" class=\"alignnone size-full wp-image-146\" src=\"http:\/\/insideamateurfussball-ffm.de\/wp-content\/uploads\/2022\/05\/FV-Bad-Vilbel.jpg\" alt=\"\" width=\"80\" height=\"80\" \/><img loading=\"lazy\" decoding=\"async\" class=\"alignnone size-full wp-image-328\" src=\"http:\/\/insideamateurfussball-ffm.de\/wp-content\/uploads\/2022\/05\/RWDA.png\" alt=\"\" width=\"76\" height=\"80\" \/><\/p>\n<p><span style=\"font-size: 16px; color: #ff9900;\">In R\u00fcckstand geriet Bad Vilbel mit einem Fauxpas von FV-Torh\u00fcter Robin Orband, der nach einem langen Ball der Darmst\u00e4dter die Kugel unkontrolliert G\u00e4stest\u00fcrmer Nick Neumann vor die F\u00fc\u00dfe spielte. Der bedankte sich mit dem 0:1 (14.). Die Brunnenst\u00e4dter k\u00e4mpften sich in die Partie und kamen durch einen sch\u00f6nen Spielzug zum Ausgleich. Dominik Emmel tankte sich \u00fcber die rechte Seite durch, seinen Schuss konnte G\u00e4stetorh\u00fcter Max Steinbrecher, vorletzte Saison noch Keeper der Vilbeler, nur abklatschen und Torj\u00e4ger Flakron Thaci traf zum 1:1 (20.). <\/span><\/p>\n<p><span style=\"font-size: 16px; color: #ff9900;\">Zwanzig Minuten sp\u00e4ter spielte Emmel den Ball wieder in die Gasse und Thaci brachte den Ball vom Innenpfosten ins Tor &#8211; 2:1 (40.). Im zweiten Abschnitt kam Darmstadt st\u00e4rker auf und hatte einen Lattenknaller durch Abdulrahman Sancak zu verzeichnen (53.).<\/span><\/p>\n<h5><span style=\"font-size: 16px;\">G\u00e4steakteur l\u00e4sst sich fallen, zweifelhafter Elfmeter\u00a0<\/span><\/h5>\n<p><span style=\"font-size: 16px; color: #ff9900;\"> Vorausgegangen war ein unn\u00f6tiger Fehlpass des rechten Verteidigers Simeon Stellflug. Die gro\u00dfe Chance zur Entscheidung vergab Thaci nach einem Querpass des eingewechselten Justus Loose. Sein Schuss ging klar \u00fcber das Tor (73.). Dann zeigte Schiedsrichter Nick Fuchs auf den Elfmeterpunkt, nachdem Emmel den Darmst\u00e4dter Ali H\u00fcseyin G\u00fcl im Strafraum ber\u00fchrt hatte. <\/span><\/p>\n<p><span style=\"font-size: 16px; color: #ff9900;\">Der G\u00e4steakteur lie\u00df sich fallen, die Entscheidung war zumindest zweifelhaft. FV-Trainer Amir Mustafic protestierte vehement und sah daf\u00fcr die Gelbe Karte. G\u00e4stekapit\u00e4n Patrick Bohn verwandelte zum 2:2 (78.). Am Ende rettete Stellflug auf der Linie den Punkt gegen den Schuss von Neumann (90.). &#8222;Am Ende m\u00fcssen wir den Punkt so mitnehmen&#8220;, meinte FV-Sprecher Jan Werner.<\/span><\/p>\n<h5><span style=\"font-size: 16px;\">Schiedsrichter: Nick Fuchs (Hattersheim). Zuschauer: 96. <\/span><\/h5>\n<h5><span style=\"font-size: 16px;\">Tore: 0:1 Nick Neumann (14.), 1:1, 2:1 Flakron Thaci (20.\/40.), 2:2 Patrick Bohn (78.\/Foulelfmeter).<\/span><\/h5>\n","protected":false},"excerpt":{"rendered":"<p>Der FV Bad Vilbel erreichte am Freitagabend in der Verbandsliga S\u00fcd ein achtbares 2:2 (2:1) gegen den Tabellenzweiten SKV Rot-Wei\u00df Darmstadt und sammelte gegen den Aufstiegsaspiranten einen weiteren Z\u00e4hler f\u00fcr das Ziel Klassenerhalt. Allerdings w\u00e4ren gegen die defensivstarken G\u00e4ste nach einer engagierten Vorstellung sogar drei Punkte m\u00f6glich gewesen. FV Bad Vilbel &#8211; SKV Rot-Wei\u00df Darmstadt [&hellip;]<\/p>\n","protected":false},"author":1,"featured_media":3659,"comment_status":"open","ping_status":"open","sticky":false,"template":"","format":"standard","meta":{"footnotes":""},"categories":[10],"tags":[],"class_list":["post-3658","post","type-post","status-publish","format-standard","has-post-thumbnail","hentry","category-verbandsliga-sued"],"_links":{"self":[{"href":"https:\/\/insideamateurfussball-ffm.de\/index.php?rest_route=\/wp\/v2\/posts\/3658","targetHints":{"allow":["GET"]}}],"collection":[{"href":"https:\/\/insideamateurfussball-ffm.de\/index.php?rest_route=\/wp\/v2\/posts"}],"about":[{"href":"https:\/\/insideamateurfussball-ffm.de\/index.php?rest_route=\/wp\/v2\/types\/post"}],"author":[{"embeddable":true,"href":"https:\/\/insideamateurfussball-ffm.de\/index.php?rest_route=\/wp\/v2\/users\/1"}],"replies":[{"embeddable":true,"href":"https:\/\/insideamateurfussball-ffm.de\/index.php?rest_route=%2Fwp%2Fv2%2Fcomments&post=3658"}],"version-history":[{"count":1,"href":"https:\/\/insideamateurfussball-ffm.de\/index.php?rest_route=\/wp\/v2\/posts\/3658\/revisions"}],"predecessor-version":[{"id":3660,"href":"https:\/\/insideamateurfussball-ffm.de\/index.php?rest_route=\/wp\/v2\/posts\/3658\/revisions\/3660"}],"wp:featuredmedia":[{"embeddable":true,"href":"https:\/\/insideamateurfussball-ffm.de\/index.php?rest_route=\/wp\/v2\/media\/3659"}],"wp:attachment":[{"href":"https:\/\/insideamateurfussball-ffm.de\/index.php?rest_route=%2Fwp%2Fv2%2Fmedia&parent=3658"}],"wp:term":[{"taxonomy":"category","embeddable":true,"href":"https:\/\/insideamateurfussball-ffm.de\/index.php?rest_route=%2Fwp%2Fv2%2Fcategories&post=3658"},{"taxonomy":"post_tag","embeddable":true,"href":"https:\/\/insideamateurfussball-ffm.de\/index.php?rest_route=%2Fwp%2Fv2%2Ftags&post=3658"}],"curies":[{"name":"wp","href":"https:\/\/api.w.org\/{rel}","templated":true}]}}