{"id":3644,"date":"2022-11-02T00:22:55","date_gmt":"2022-11-01T22:22:55","guid":{"rendered":"http:\/\/insideamateurfussball-ffm.de\/?p=3644"},"modified":"2025-01-10T14:38:39","modified_gmt":"2025-01-10T13:38:39","slug":"harheim-beendet-negativlauf-mit-20-ueber-croatia","status":"publish","type":"post","link":"https:\/\/insideamateurfussball-ffm.de\/?p=3644","title":{"rendered":"Harheim beendet Negativlauf mit 2:0 \u00fcber Croatia"},"content":{"rendered":"<h5><span style=\"font-size: 16px;\">Nach f\u00fcnf sieglosen Spielen konnte Aufsteiger SG Harheim am Sonntag in der Kreisoberliga Frankfurt den Negativlauf stoppen. Durch das 2:0 (0:0) gegen den FC Croatia zogen die Harheimer nach Punkten mit den formstarken Kroaten gleich und behaupten ihre Position in der oberen Tabellenh\u00e4lfte.\u00a0<\/span><\/h5>\n<figure id=\"attachment_3645\" aria-describedby=\"caption-attachment-3645\" style=\"width: 312px\" class=\"wp-caption alignnone\"><img loading=\"lazy\" decoding=\"async\" class=\"wp-image-3645\" src=\"http:\/\/insideamateurfussball-ffm.de\/wp-content\/uploads\/2022\/11\/west16-300x221.jpg\" alt=\"\" width=\"312\" height=\"230\" srcset=\"https:\/\/insideamateurfussball-ffm.de\/wp-content\/uploads\/2022\/11\/west16-300x221.jpg 300w, https:\/\/insideamateurfussball-ffm.de\/wp-content\/uploads\/2022\/11\/west16-768x566.jpg 768w, https:\/\/insideamateurfussball-ffm.de\/wp-content\/uploads\/2022\/11\/west16.jpg 886w\" sizes=\"auto, (max-width: 312px) 100vw, 312px\" \/><figcaption id=\"caption-attachment-3645\" class=\"wp-caption-text\"><strong>Harheims Trainer Tomas Pelayo. Foto: Mithat G\u00fcrser. <\/strong><\/figcaption><\/figure>\n<h5><span style=\"font-size: 16px;\">SG Harheim &#8211; FC Croatia 2:0 (0:0)<\/span><\/h5>\n<p><img loading=\"lazy\" decoding=\"async\" class=\"alignnone size-full wp-image-284\" src=\"http:\/\/insideamateurfussball-ffm.de\/wp-content\/uploads\/2022\/05\/Harheim.jpg\" alt=\"\" width=\"78\" height=\"80\" \/><img loading=\"lazy\" decoding=\"async\" class=\"alignnone size-full wp-image-29\" src=\"http:\/\/insideamateurfussball-ffm.de\/wp-content\/uploads\/2021\/11\/croatia.jpg\" alt=\"\" width=\"63\" height=\"80\" \/><\/p>\n<p><span style=\"font-size: 16px; color: #008080;\">Harheims Trainer Tomas Pelayo sprach vom &#8222;besten Saisonspiel, vor dem ich meine Ansprache zur Mannschaft ge\u00e4ndert habe. Wir haben die Vorgaben durch eine geschlossene Mannschaftsleistung voll umgesetzt. Wir haben gegen den guten Gegner mit einer Topleistung gut gegen den Ball verteidigt. Das war beeindruckend.&#8220; <\/span><span style=\"font-size: 16px; color: #008080;\">Die Tore fielen nach einer ersten H\u00e4lfte auf Augenh\u00f6he erst nach dem Seitenwechsel. Yafet Tsighe brachte Harheim per Kopfball in F\u00fchrung (62.).<\/span><\/p>\n<blockquote>\n<h5><span style=\"font-size: 16px;\">&#8222;Harheim machte aus dem Nichts das 1:0, beim Elfmeter begehen wir ein dummes Foul&#8220; (Croatias Sportlicher Leiter Stanislav Konta)<\/span><\/h5>\n<\/blockquote>\n<p><span style=\"font-size: 16px; color: #008080;\">Danach erhielt Croatias Filip Sucic eine Zeitstrafe aufgebrummt (64.). In \u00dcberzahl bekam der Aufsteiger einen Foulelfmeter zugesprochen, den Ante Paradzik zum Endstand verwertete (72.). Croatias Sportlicher Leiter Stanislav Konta deutete an: &#8222;Wir haben solide gespielt. Wer das erste Tor schie\u00dft, ist hier auf der Siegerstra\u00dfe. Beim Stande von 0:0 hatten wir eine Chance aus f\u00fcnf Metern, aber Harheims Tormann Fabian Zscheich hat \u00fcberragend gehalten. Harheim machte aus dem Nichts das 1:0, beim Elfmeter begehen wir ein dummes Foul.&#8220;\u00a0<\/span><\/p>\n<h5><span style=\"font-size: 16px;\">Schiedsrichter: Davut Yigit (Bad Orb). Zuschauer: 160. <\/span><\/h5>\n<h5><span style=\"font-size: 16px;\">Tore: 1:0 Yafet Tsighe (62.), 2:0 Ante Paradzik (72.\/Foulelfmeter).<\/span><\/h5>\n","protected":false},"excerpt":{"rendered":"<p>Nach f\u00fcnf sieglosen Spielen konnte Aufsteiger SG Harheim am Sonntag in der Kreisoberliga Frankfurt den Negativlauf stoppen. Durch das 2:0 (0:0) gegen den FC Croatia zogen die Harheimer nach Punkten mit den formstarken Kroaten gleich und behaupten ihre Position in der oberen Tabellenh\u00e4lfte.\u00a0 SG Harheim &#8211; FC Croatia 2:0 (0:0) Harheims Trainer Tomas Pelayo sprach [&hellip;]<\/p>\n","protected":false},"author":1,"featured_media":3645,"comment_status":"open","ping_status":"open","sticky":false,"template":"","format":"standard","meta":{"footnotes":""},"categories":[2],"tags":[],"class_list":["post-3644","post","type-post","status-publish","format-standard","has-post-thumbnail","hentry","category-kreisoberliga-frankfurt"],"_links":{"self":[{"href":"https:\/\/insideamateurfussball-ffm.de\/index.php?rest_route=\/wp\/v2\/posts\/3644","targetHints":{"allow":["GET"]}}],"collection":[{"href":"https:\/\/insideamateurfussball-ffm.de\/index.php?rest_route=\/wp\/v2\/posts"}],"about":[{"href":"https:\/\/insideamateurfussball-ffm.de\/index.php?rest_route=\/wp\/v2\/types\/post"}],"author":[{"embeddable":true,"href":"https:\/\/insideamateurfussball-ffm.de\/index.php?rest_route=\/wp\/v2\/users\/1"}],"replies":[{"embeddable":true,"href":"https:\/\/insideamateurfussball-ffm.de\/index.php?rest_route=%2Fwp%2Fv2%2Fcomments&post=3644"}],"version-history":[{"count":2,"href":"https:\/\/insideamateurfussball-ffm.de\/index.php?rest_route=\/wp\/v2\/posts\/3644\/revisions"}],"predecessor-version":[{"id":3647,"href":"https:\/\/insideamateurfussball-ffm.de\/index.php?rest_route=\/wp\/v2\/posts\/3644\/revisions\/3647"}],"wp:featuredmedia":[{"embeddable":true,"href":"https:\/\/insideamateurfussball-ffm.de\/index.php?rest_route=\/wp\/v2\/media\/3645"}],"wp:attachment":[{"href":"https:\/\/insideamateurfussball-ffm.de\/index.php?rest_route=%2Fwp%2Fv2%2Fmedia&parent=3644"}],"wp:term":[{"taxonomy":"category","embeddable":true,"href":"https:\/\/insideamateurfussball-ffm.de\/index.php?rest_route=%2Fwp%2Fv2%2Fcategories&post=3644"},{"taxonomy":"post_tag","embeddable":true,"href":"https:\/\/insideamateurfussball-ffm.de\/index.php?rest_route=%2Fwp%2Fv2%2Ftags&post=3644"}],"curies":[{"name":"wp","href":"https:\/\/api.w.org\/{rel}","templated":true}]}}