{"id":3641,"date":"2022-11-02T00:02:44","date_gmt":"2022-11-01T22:02:44","guid":{"rendered":"http:\/\/insideamateurfussball-ffm.de\/?p=3641"},"modified":"2025-01-10T14:38:47","modified_gmt":"2025-01-10T13:38:47","slug":"tempo-knapper-sieger-im-balkan-derby","status":"publish","type":"post","link":"https:\/\/insideamateurfussball-ffm.de\/?p=3641","title":{"rendered":"Tempo knapper Sieger im &#8222;Balkan-Derby&#8220;"},"content":{"rendered":"<h5><span style=\"font-size: 16px;\">Der FC Tempo marschiert weiter an der Tabellenspitze der Kreisoberliga Frankfurt. Im &#8222;Balkan-Derby&#8220; gegen den abstiegsgef\u00e4hrdeten FC Posavina gewann der serbische Fu\u00dfball-Club am Sonntag aber recht knapp mit 3:2 (1:1). Die G\u00e4ste boten unter der Regie des neuen Trainers Marijan Madzarevic eine gute Leistung und sch\u00f6pfen neue Hoffnung im Kampf um den Klassenerhalt.\u00a0<\/span><\/h5>\n<figure id=\"attachment_3642\" aria-describedby=\"caption-attachment-3642\" style=\"width: 312px\" class=\"wp-caption alignnone\"><img loading=\"lazy\" decoding=\"async\" class=\"wp-image-3642\" src=\"http:\/\/insideamateurfussball-ffm.de\/wp-content\/uploads\/2022\/11\/Fvhausenvsfctempo-18-300x200.jpg\" alt=\"\" width=\"312\" height=\"208\" srcset=\"https:\/\/insideamateurfussball-ffm.de\/wp-content\/uploads\/2022\/11\/Fvhausenvsfctempo-18-300x200.jpg 300w, https:\/\/insideamateurfussball-ffm.de\/wp-content\/uploads\/2022\/11\/Fvhausenvsfctempo-18-1024x683.jpg 1024w, https:\/\/insideamateurfussball-ffm.de\/wp-content\/uploads\/2022\/11\/Fvhausenvsfctempo-18-768x512.jpg 768w, https:\/\/insideamateurfussball-ffm.de\/wp-content\/uploads\/2022\/11\/Fvhausenvsfctempo-18-1536x1024.jpg 1536w, https:\/\/insideamateurfussball-ffm.de\/wp-content\/uploads\/2022\/11\/Fvhausenvsfctempo-18-2048x1365.jpg 2048w\" sizes=\"auto, (max-width: 312px) 100vw, 312px\" \/><figcaption id=\"caption-attachment-3642\" class=\"wp-caption-text\"><strong>Der FC Tempo bleibt Spitzenreiter in der Kreisoberliga Frankfurt. Foto: Anzzo Sports. <\/strong><\/figcaption><\/figure>\n<h5><span style=\"font-size: 16px;\">FC Tempo &#8211; FC Posavina 3:2 (1:1)\u00a0<\/span><\/h5>\n<p><img loading=\"lazy\" decoding=\"async\" class=\"alignnone size-full wp-image-31\" src=\"http:\/\/insideamateurfussball-ffm.de\/wp-content\/uploads\/2021\/11\/Tempo.jpg\" alt=\"\" width=\"80\" height=\"80\" \/><img loading=\"lazy\" decoding=\"async\" class=\"alignnone size-full wp-image-22\" src=\"http:\/\/insideamateurfussball-ffm.de\/wp-content\/uploads\/2021\/11\/posavina.jpg\" alt=\"\" width=\"63\" height=\"80\" \/><\/p>\n<p><span style=\"font-size: 16px; color: #008080;\">Tempos Sportlicher Leiter Zoran Marcetic befand: &#8222;Posavina stand tief und gut. Sie haben ihre Aufgabe gut gemacht und gemauert. Durch zwei Standards kamen sie jeweils zum Ausgleich. Ansonsten haben wir sehr viele Chancen liegen gelassen. Wir h\u00e4tten durchaus noch das eine oder andere Tor mehr erzielen k\u00f6nnen. Aber am Ende ist auch ein 3:2 ein Sieg, der drei Punkte auf die Tabelle mitbringt und wir gehen als Sieger aus dem Balkan-Derby.&#8220; Goran Grijak k\u00f6pfte Tempo nach vorne (12.). Dann glich Posavinas Danijel Koturic per Freisto\u00df aus (19.). Im zweiten Abschnitt markierte Kapit\u00e4n Boban Dokic das 2:1 (54.), ehe die Kroaten vom Riederwald mit einem Foulelfmeter zum 2:2 kamen (65.). <\/span><\/p>\n<p><span style=\"font-size: 16px; color: #008080;\">Das letzte Wort hatte aber Boban Dokic, der in der 86. Minute den Spitzenreiter erl\u00f6ste. Posavina-Pressewart Danijel Pavic berichtete von einem &#8222;ganz bitteren Tag f\u00fcr unsere Mannschaft. Man hat heute wirklich nicht gesehen, welche Mannschaft Erster und welche 16. der Tabelle ist. Unser Team hat gefightes wie <em>Rocky Balboa. <\/em>Nach jedem Gegentor sind wir zur\u00fcckgekommen und h\u00e4tten 2x durch Koturic und Dzijan sogar in F\u00fchrung gehen m\u00fcssen. Aber dann kam die Schlussphase.&#8220;<\/span><\/p>\n<blockquote>\n<h5><span style=\"font-size: 16px;\">&#8222;Uns gehen wirklich langsam die Spieler aus&#8220; (Posavina-Pressewart Danijel Pavic)<\/span><\/h5>\n<\/blockquote>\n<p><span style=\"font-size: 16px; color: #008080;\">In dieser wurde die Partie von zwei schweren Verletzungen \u00fcberschattet. Erst erwischte es im Zweikampf den rechten Verteidiger Saeed Ourang. Ganz schlimm traf es dann den Innenverteidiger Marin Antunovic. Beide Posavina-Spieler wurden ins Krankenhaus eingeliefert und Pavic hofft, dass das MRT keine schwerwiegenden Verletzungen zeigt. <\/span><\/p>\n<p><span style=\"font-size: 16px; color: #008080;\">&#8222;Uns gehen wirklich langsam die Spieler aus und auf der Bank sa\u00df nur der verletzte Stjepan Piljic. Wir glauben aber an und wissen, dass wir f\u00fcr unsere harte Arbeit belohnt werden&#8220;, gab sich Pavic k\u00e4mpferisch.\u00a0 \u00a0<\/span><\/p>\n<h5><span style=\"font-size: 16px;\">Schiedsrichter: Leonhard Welp (Kiedrich). Zuschauer: 140. <\/span><\/h5>\n<h5><span style=\"font-size: 16px;\">Tore: 1:0 Goran Grijak (12.), 1:1 Danijel Koturic (19.), 2:1 Boban Dokic (54.), 2:2 Mato Djukic (65.\/Foulelfmeter), 3:2 Boban Dokic (86.).\u00a0<\/span><\/h5>\n","protected":false},"excerpt":{"rendered":"<p>Der FC Tempo marschiert weiter an der Tabellenspitze der Kreisoberliga Frankfurt. Im &#8222;Balkan-Derby&#8220; gegen den abstiegsgef\u00e4hrdeten FC Posavina gewann der serbische Fu\u00dfball-Club am Sonntag aber recht knapp mit 3:2 (1:1). Die G\u00e4ste boten unter der Regie des neuen Trainers Marijan Madzarevic eine gute Leistung und sch\u00f6pfen neue Hoffnung im Kampf um den Klassenerhalt.\u00a0 FC Tempo [&hellip;]<\/p>\n","protected":false},"author":1,"featured_media":3642,"comment_status":"open","ping_status":"open","sticky":false,"template":"","format":"standard","meta":{"footnotes":""},"categories":[2],"tags":[],"class_list":["post-3641","post","type-post","status-publish","format-standard","has-post-thumbnail","hentry","category-kreisoberliga-frankfurt"],"_links":{"self":[{"href":"https:\/\/insideamateurfussball-ffm.de\/index.php?rest_route=\/wp\/v2\/posts\/3641","targetHints":{"allow":["GET"]}}],"collection":[{"href":"https:\/\/insideamateurfussball-ffm.de\/index.php?rest_route=\/wp\/v2\/posts"}],"about":[{"href":"https:\/\/insideamateurfussball-ffm.de\/index.php?rest_route=\/wp\/v2\/types\/post"}],"author":[{"embeddable":true,"href":"https:\/\/insideamateurfussball-ffm.de\/index.php?rest_route=\/wp\/v2\/users\/1"}],"replies":[{"embeddable":true,"href":"https:\/\/insideamateurfussball-ffm.de\/index.php?rest_route=%2Fwp%2Fv2%2Fcomments&post=3641"}],"version-history":[{"count":1,"href":"https:\/\/insideamateurfussball-ffm.de\/index.php?rest_route=\/wp\/v2\/posts\/3641\/revisions"}],"predecessor-version":[{"id":3643,"href":"https:\/\/insideamateurfussball-ffm.de\/index.php?rest_route=\/wp\/v2\/posts\/3641\/revisions\/3643"}],"wp:featuredmedia":[{"embeddable":true,"href":"https:\/\/insideamateurfussball-ffm.de\/index.php?rest_route=\/wp\/v2\/media\/3642"}],"wp:attachment":[{"href":"https:\/\/insideamateurfussball-ffm.de\/index.php?rest_route=%2Fwp%2Fv2%2Fmedia&parent=3641"}],"wp:term":[{"taxonomy":"category","embeddable":true,"href":"https:\/\/insideamateurfussball-ffm.de\/index.php?rest_route=%2Fwp%2Fv2%2Fcategories&post=3641"},{"taxonomy":"post_tag","embeddable":true,"href":"https:\/\/insideamateurfussball-ffm.de\/index.php?rest_route=%2Fwp%2Fv2%2Ftags&post=3641"}],"curies":[{"name":"wp","href":"https:\/\/api.w.org\/{rel}","templated":true}]}}