{"id":3622,"date":"2022-11-01T21:18:45","date_gmt":"2022-11-01T19:18:45","guid":{"rendered":"http:\/\/insideamateurfussball-ffm.de\/?p=3622"},"modified":"2025-01-10T14:39:13","modified_gmt":"2025-01-10T13:39:13","slug":"union-niederrad-siegt-bei-heimschwachen-preussen","status":"publish","type":"post","link":"https:\/\/insideamateurfussball-ffm.de\/?p=3622","title":{"rendered":"Union Niederrad siegt bei heimschwachen Preu\u00dfen"},"content":{"rendered":"<h5><span style=\"font-size: 16px;\">Viktoria Preu\u00dfen bleibt ohne Heimsieg in der Kreisoberliga Frankfurt. Gegen die in unteren Gefilden angesiedelte Union Niederrad gab es am Sonntag eine 1:3 (0:2)-Schlappe und damit verpassten es die Gastgeber erneut, ihre sehr guten Ausw\u00e4rtsleistungen vor heimischer Kulisse zu best\u00e4tigen. Die G\u00e4ste konnten sich durch den Ausw\u00e4rtssieg etwas aus der unteren Zone befreien.\u00a0<\/span><\/h5>\n<figure id=\"attachment_3623\" aria-describedby=\"caption-attachment-3623\" style=\"width: 313px\" class=\"wp-caption alignnone\"><img loading=\"lazy\" decoding=\"async\" class=\"wp-image-3623\" src=\"http:\/\/insideamateurfussball-ffm.de\/wp-content\/uploads\/2022\/11\/gr6-1-300x203.jpg\" alt=\"\" width=\"313\" height=\"212\" srcset=\"https:\/\/insideamateurfussball-ffm.de\/wp-content\/uploads\/2022\/11\/gr6-1-300x203.jpg 300w, https:\/\/insideamateurfussball-ffm.de\/wp-content\/uploads\/2022\/11\/gr6-1-768x521.jpg 768w, https:\/\/insideamateurfussball-ffm.de\/wp-content\/uploads\/2022\/11\/gr6-1.jpg 1021w\" sizes=\"auto, (max-width: 313px) 100vw, 313px\" \/><figcaption id=\"caption-attachment-3623\" class=\"wp-caption-text\">Union Niederrad konnte sich etwas im Abstiegskampf befreien. Foto: Mithat G\u00fcrser.<\/figcaption><\/figure>\n<h5><span style=\"font-size: 16px;\">\u00a0<\/span><\/h5>\n<h5><span style=\"font-size: 16px;\">SV Viktoria Preu\u00dfen &#8211; Union Niederrad 1:3 (0:2)<\/span><\/h5>\n<p><img loading=\"lazy\" decoding=\"async\" class=\"alignnone size-full wp-image-12\" src=\"http:\/\/insideamateurfussball-ffm.de\/wp-content\/uploads\/2021\/11\/preussen.jpg\" alt=\"\" width=\"72\" height=\"80\" \/><img loading=\"lazy\" decoding=\"async\" class=\"alignnone size-full wp-image-38\" src=\"http:\/\/insideamateurfussball-ffm.de\/wp-content\/uploads\/2021\/11\/Union-Niederrad.jpg\" alt=\"\" width=\"80\" height=\"80\" \/><\/p>\n<p><span style=\"font-size: 16px; color: #008080;\">&#8222;Was soll ich sagen? So langsam habe ich keine Worte mehr&#8220;, begann der erk\u00e4ltete Preu\u00dfen-Trainer Artur Rissling seine allw\u00f6chentliche Sprachnotiz und fuhr fort: &#8222;Wir verlieren ein \u00fcberlegen gef\u00fchrtes Spiel mit 3:1. Union hatte nat\u00fcrlich auch seine Momente, aber wir hatten in der ersten Halbzeit drei hundertprozentige inklusive eines wieder verschossenen Elfmeters.&#8220; <\/span><\/p>\n<p><span style=\"font-size: 16px; color: #008080;\">Giuliano Amante versagten vom Elfmeterpunkt gegen Union-Torwart Eihab Weninger die Nerven. Die G\u00e4ste waren insgesamt effektiver, nutzten ihre Chancen durch Antonio Anics Einzelleistung mitsamt Schlenzer in den Winkel (24.) und Emir Drino (38.) zu einer 2:0-Halbzeitf\u00fchrung. In der zweiten Halbzeit ein \u00e4hnliches Bild. Nach weiteren Chancen machte Cherano Willef\u00fchr den Anschlusstreffer (64.), danach wurde den Preu\u00dfen ein Elfmeter verweigert.<\/span><\/p>\n<blockquote>\n<h5><span style=\"font-size: 16px;\">&#8222;Keine Ahnung, ob das nur ein Heimfluch ist&#8220; (Preu\u00dfen-Trainer Artur Rissling)<\/span><\/h5>\n<\/blockquote>\n<p><span style=\"font-size: 16px; color: #008080;\">In der Schlussphase machte Adam Langhans f\u00fcr Niederrad alles klar (81.). &#8222;Alles in allem haben wir es nicht verdient, wenn wir unsere Chancen nicht nutzen und hinten solche Fehler machen. Dann verliert man in dieser engen Liga die Spiele. Dar\u00fcber bin ich einfach nur entt\u00e4uscht, denn das Spiel h\u00e4tten wir nie und nimmer verlieren m\u00fcssen. Keine Ahnung, ob das nur ein Heimfluch ist&#8220;, klang Rissling frustriert. <\/span><\/p>\n<p><span style=\"font-size: 16px; color: #008080;\">Ganz anders die Stimmungslage bei Union-Pr\u00e4sident Khalid Lamjahed: &#8222;Das war ein sch\u00f6nes Spiel von uns. Bis zur Halbzeit waren wir spielbestimmend, danach haben wir es etwas lockerer angehen lassen. Hinten waren wir \u00fcberragend. Im gro\u00dfen und ganzen ein verdienter Sieg im Abstiegskampf. So k\u00f6nnen wir befreit gegen den Klassenprimus Tempo spielen.&#8220; Die Ausf\u00e4lle konnten durch den neuen Spieler Oleksandr Lyba und A-Junior Tobias Pietschek konserviert werden.\u00a0 \u00a0<\/span><\/p>\n<h5><span style=\"font-size: 16px;\">Schiedsrichter: K.A. Zuschauer: 50.<\/span><\/h5>\n<h5><span style=\"font-size: 16px;\">Tore: 0:1 Antonio Anic (24.), 0:2 Emir Drino (38.), 1:2 Cherano Willef\u00fchr (64.), 1:3 Adam Langhans (81.).<\/span><\/h5>\n","protected":false},"excerpt":{"rendered":"<p>Viktoria Preu\u00dfen bleibt ohne Heimsieg in der Kreisoberliga Frankfurt. Gegen die in unteren Gefilden angesiedelte Union Niederrad gab es am Sonntag eine 1:3 (0:2)-Schlappe und damit verpassten es die Gastgeber erneut, ihre sehr guten Ausw\u00e4rtsleistungen vor heimischer Kulisse zu best\u00e4tigen. Die G\u00e4ste konnten sich durch den Ausw\u00e4rtssieg etwas aus der unteren Zone befreien.\u00a0 \u00a0 SV [&hellip;]<\/p>\n","protected":false},"author":1,"featured_media":3623,"comment_status":"open","ping_status":"open","sticky":false,"template":"","format":"standard","meta":{"footnotes":""},"categories":[2],"tags":[],"class_list":["post-3622","post","type-post","status-publish","format-standard","has-post-thumbnail","hentry","category-kreisoberliga-frankfurt"],"_links":{"self":[{"href":"https:\/\/insideamateurfussball-ffm.de\/index.php?rest_route=\/wp\/v2\/posts\/3622","targetHints":{"allow":["GET"]}}],"collection":[{"href":"https:\/\/insideamateurfussball-ffm.de\/index.php?rest_route=\/wp\/v2\/posts"}],"about":[{"href":"https:\/\/insideamateurfussball-ffm.de\/index.php?rest_route=\/wp\/v2\/types\/post"}],"author":[{"embeddable":true,"href":"https:\/\/insideamateurfussball-ffm.de\/index.php?rest_route=\/wp\/v2\/users\/1"}],"replies":[{"embeddable":true,"href":"https:\/\/insideamateurfussball-ffm.de\/index.php?rest_route=%2Fwp%2Fv2%2Fcomments&post=3622"}],"version-history":[{"count":1,"href":"https:\/\/insideamateurfussball-ffm.de\/index.php?rest_route=\/wp\/v2\/posts\/3622\/revisions"}],"predecessor-version":[{"id":3624,"href":"https:\/\/insideamateurfussball-ffm.de\/index.php?rest_route=\/wp\/v2\/posts\/3622\/revisions\/3624"}],"wp:featuredmedia":[{"embeddable":true,"href":"https:\/\/insideamateurfussball-ffm.de\/index.php?rest_route=\/wp\/v2\/media\/3623"}],"wp:attachment":[{"href":"https:\/\/insideamateurfussball-ffm.de\/index.php?rest_route=%2Fwp%2Fv2%2Fmedia&parent=3622"}],"wp:term":[{"taxonomy":"category","embeddable":true,"href":"https:\/\/insideamateurfussball-ffm.de\/index.php?rest_route=%2Fwp%2Fv2%2Fcategories&post=3622"},{"taxonomy":"post_tag","embeddable":true,"href":"https:\/\/insideamateurfussball-ffm.de\/index.php?rest_route=%2Fwp%2Fv2%2Ftags&post=3622"}],"curies":[{"name":"wp","href":"https:\/\/api.w.org\/{rel}","templated":true}]}}