{"id":3615,"date":"2022-11-01T20:05:32","date_gmt":"2022-11-01T18:05:32","guid":{"rendered":"http:\/\/insideamateurfussball-ffm.de\/?p=3615"},"modified":"2025-01-10T14:39:26","modified_gmt":"2025-01-10T13:39:26","slug":"bornheim-ii-setzt-sich-auf-rang-zwei-fest","status":"publish","type":"post","link":"https:\/\/insideamateurfussball-ffm.de\/?p=3615","title":{"rendered":"Bornheim II setzt sich auf Rang zwei fest"},"content":{"rendered":"<h5><span style=\"font-size: 16px;\">Aufsteiger SG Bornheim Gr\u00fcn-Weiss II sorgt in der Kreisoberliga Frankfurt weiter f\u00fcr Furore. Durch den 3:1-Heimsieg gegen den FC Gudesding festigten die M\u00e4nner von Trainer Lucas Milbredt den zweiten Tabellenrang, der ja zur Teilnahme an der Relegation zur Gruppenliga Frankfurt West berechtigt. Die &#8222;Guden&#8220; hingegen kassierten die f\u00fcnfte Saisonniederlage und stehen in der unteren Tabellenh\u00e4lfte auf Rang zw\u00f6lf.\u00a0<\/span><\/h5>\n<figure id=\"attachment_3616\" aria-describedby=\"caption-attachment-3616\" style=\"width: 315px\" class=\"wp-caption alignnone\"><img loading=\"lazy\" decoding=\"async\" class=\"wp-image-3616\" src=\"http:\/\/insideamateurfussball-ffm.de\/wp-content\/uploads\/2022\/11\/Grafik-SGBII-300x169.jpg\" alt=\"\" width=\"315\" height=\"177\" srcset=\"https:\/\/insideamateurfussball-ffm.de\/wp-content\/uploads\/2022\/11\/Grafik-SGBII-300x169.jpg 300w, https:\/\/insideamateurfussball-ffm.de\/wp-content\/uploads\/2022\/11\/Grafik-SGBII-768x432.jpg 768w, https:\/\/insideamateurfussball-ffm.de\/wp-content\/uploads\/2022\/11\/Grafik-SGBII.jpg 960w\" sizes=\"auto, (max-width: 315px) 100vw, 315px\" \/><figcaption id=\"caption-attachment-3616\" class=\"wp-caption-text\"><strong>Tolle Grafik der SG Bornheim mit den Trainern Mario Koch und Lucas Milbredt. <\/strong><\/figcaption><\/figure>\n<h5><span style=\"font-size: 16px;\">SG Bornheim Gr\u00fcn-Weiss II &#8211; FC Gudesding 3:1 (1:1)<\/span><\/h5>\n<p><img loading=\"lazy\" decoding=\"async\" class=\"alignnone size-full wp-image-119\" src=\"http:\/\/insideamateurfussball-ffm.de\/wp-content\/uploads\/2022\/05\/Bornheim.jpg\" alt=\"\" width=\"80\" height=\"80\" \/><img loading=\"lazy\" decoding=\"async\" class=\"alignnone size-full wp-image-10\" src=\"http:\/\/insideamateurfussball-ffm.de\/wp-content\/uploads\/2021\/11\/Gudesding.jpg\" alt=\"\" width=\"64\" height=\"80\" \/><\/p>\n<p><span style=\"font-size: 16px; color: #008080;\">Acht Siege, zwei Remis und zwei Niederlagen stehen f\u00fcr die Reserve des Verbandsligisten zu Buche. Dazu mit 36 Toren der zweitbeste Sturm und mit 17 Gegentreffern die zweitbeste Abwehr. Der Sieg gegen Gudesding sei aber laut SGB-Trainer Lucas Milbredt &#8222;ein hartes St\u00fcck Arbeit&#8220; gewesen. <\/span><\/p>\n<p><span style=\"font-size: 16px; color: #008080;\">&#8222;Trotzdem standen wir defensiv stabil und lie\u00dfen nur zwei Torsch\u00fcsse von Gudesding zu&#8220;, sagte Milbredt nach dem Erfolg gegen seinen Ex-Verein. G\u00e4stetorj\u00e4ger Florian Schuberth brachte den FCG nach einer halben Stunde in F\u00fchrung, die sein Pendant auf der Gegenseite Ali Hakemi mit einem Alleingang ausglich (36.).<\/span><\/p>\n<blockquote>\n<h5><span style=\"font-size: 16px;\">&#8222;Ein Spiel auf Augenh\u00f6he, doch Bornheim hatte etwas mehr Willensst\u00e4rke und K\u00e4lte im Abschluss&#8220; (FCG-Vorsitzender Rainer Weiss)<\/span><\/h5>\n<\/blockquote>\n<p><span style=\"font-size: 16px; color: #008080;\">Im zweiten Abschnitt k\u00f6pfte Emmanuel Junior Opoku einen Eckball von Oskar Papadopoulos zum 2:1 ein (73.). Der in der Schlussphase eingewechselte &#8222;Standup-Spieler&#8220; Moritz Schneider, der eigentlich schon sein Karriereende deklariert hatte, traf auf Zuspiel von Awet Endrias zum Endstand (90.). <\/span><\/p>\n<p><span style=\"font-size: 16px; color: #008080;\">&#8222;Unser Augenmerk liegt auf defensiver Stabilit\u00e4t. Es l\u00e4uft sehr gut&#8220;, fasste Milbredt zusammen. FCG-Vorsitzender Rainer Weiss sah &#8222;ein Spiel auf Augenh\u00f6he, doch Bornheim hatte etwas mehr Willensst\u00e4rke und K\u00e4lte im Abschluss. Gratulation dem ehemaligen Guden Lucas Milbredt zum Sieg seines Teams.&#8220;\u00a0<\/span><\/p>\n<h5><span style=\"font-size: 16px;\">Schiedsrichter: Mike Busch (Hanau). Zuschauer: 60. <\/span><\/h5>\n<h5><span style=\"font-size: 16px;\">Tore: 0:1 Florian Schuberth (30.), 1:1 Ali Hakemi (36.), 2:1 Emmanuel Junior Opoku (73.), 3:1 Moritz Schneider (90.).<\/span><\/h5>\n","protected":false},"excerpt":{"rendered":"<p>Aufsteiger SG Bornheim Gr\u00fcn-Weiss II sorgt in der Kreisoberliga Frankfurt weiter f\u00fcr Furore. Durch den 3:1-Heimsieg gegen den FC Gudesding festigten die M\u00e4nner von Trainer Lucas Milbredt den zweiten Tabellenrang, der ja zur Teilnahme an der Relegation zur Gruppenliga Frankfurt West berechtigt. Die &#8222;Guden&#8220; hingegen kassierten die f\u00fcnfte Saisonniederlage und stehen in der unteren Tabellenh\u00e4lfte [&hellip;]<\/p>\n","protected":false},"author":1,"featured_media":3616,"comment_status":"open","ping_status":"open","sticky":false,"template":"","format":"standard","meta":{"footnotes":""},"categories":[2],"tags":[],"class_list":["post-3615","post","type-post","status-publish","format-standard","has-post-thumbnail","hentry","category-kreisoberliga-frankfurt"],"_links":{"self":[{"href":"https:\/\/insideamateurfussball-ffm.de\/index.php?rest_route=\/wp\/v2\/posts\/3615","targetHints":{"allow":["GET"]}}],"collection":[{"href":"https:\/\/insideamateurfussball-ffm.de\/index.php?rest_route=\/wp\/v2\/posts"}],"about":[{"href":"https:\/\/insideamateurfussball-ffm.de\/index.php?rest_route=\/wp\/v2\/types\/post"}],"author":[{"embeddable":true,"href":"https:\/\/insideamateurfussball-ffm.de\/index.php?rest_route=\/wp\/v2\/users\/1"}],"replies":[{"embeddable":true,"href":"https:\/\/insideamateurfussball-ffm.de\/index.php?rest_route=%2Fwp%2Fv2%2Fcomments&post=3615"}],"version-history":[{"count":1,"href":"https:\/\/insideamateurfussball-ffm.de\/index.php?rest_route=\/wp\/v2\/posts\/3615\/revisions"}],"predecessor-version":[{"id":3617,"href":"https:\/\/insideamateurfussball-ffm.de\/index.php?rest_route=\/wp\/v2\/posts\/3615\/revisions\/3617"}],"wp:featuredmedia":[{"embeddable":true,"href":"https:\/\/insideamateurfussball-ffm.de\/index.php?rest_route=\/wp\/v2\/media\/3616"}],"wp:attachment":[{"href":"https:\/\/insideamateurfussball-ffm.de\/index.php?rest_route=%2Fwp%2Fv2%2Fmedia&parent=3615"}],"wp:term":[{"taxonomy":"category","embeddable":true,"href":"https:\/\/insideamateurfussball-ffm.de\/index.php?rest_route=%2Fwp%2Fv2%2Fcategories&post=3615"},{"taxonomy":"post_tag","embeddable":true,"href":"https:\/\/insideamateurfussball-ffm.de\/index.php?rest_route=%2Fwp%2Fv2%2Ftags&post=3615"}],"curies":[{"name":"wp","href":"https:\/\/api.w.org\/{rel}","templated":true}]}}