{"id":3611,"date":"2022-11-01T00:20:54","date_gmt":"2022-10-31T22:20:54","guid":{"rendered":"http:\/\/insideamateurfussball-ffm.de\/?p=3611"},"modified":"2025-01-10T14:39:34","modified_gmt":"2025-01-10T13:39:34","slug":"kalbach-mit-gara-ali-weiter-auf-hoehenflug","status":"publish","type":"post","link":"https:\/\/insideamateurfussball-ffm.de\/?p=3611","title":{"rendered":"Kalbach mit Gara Ali weiter auf H\u00f6henflug"},"content":{"rendered":"<h5><span style=\"font-size: 16px;\">Der FC Kalbach befindet sich in der Gruppenliga Frankfurt West weiter auf dem H\u00f6henflug. Gegen den 1. FC-TSG K\u00f6nigstein gab es am Sonntag einen trockenen 2:0 (1:0)-Sieg. Damit verbesserte sich der Aufsteiger auf Rang zwei, punktgleich mit Spitzenreiter FC Neu-Anspach.\u00a0<\/span><\/h5>\n<figure id=\"attachment_3612\" aria-describedby=\"caption-attachment-3612\" style=\"width: 312px\" class=\"wp-caption alignnone\"><img loading=\"lazy\" decoding=\"async\" class=\"wp-image-3612\" src=\"http:\/\/insideamateurfussball-ffm.de\/wp-content\/uploads\/2022\/11\/kalbachvsseckbach-24-300x200.jpg\" alt=\"\" width=\"312\" height=\"208\" srcset=\"https:\/\/insideamateurfussball-ffm.de\/wp-content\/uploads\/2022\/11\/kalbachvsseckbach-24-300x200.jpg 300w, https:\/\/insideamateurfussball-ffm.de\/wp-content\/uploads\/2022\/11\/kalbachvsseckbach-24-1024x683.jpg 1024w, https:\/\/insideamateurfussball-ffm.de\/wp-content\/uploads\/2022\/11\/kalbachvsseckbach-24-768x512.jpg 768w, https:\/\/insideamateurfussball-ffm.de\/wp-content\/uploads\/2022\/11\/kalbachvsseckbach-24-1536x1024.jpg 1536w, https:\/\/insideamateurfussball-ffm.de\/wp-content\/uploads\/2022\/11\/kalbachvsseckbach-24-2048x1366.jpg 2048w\" sizes=\"auto, (max-width: 312px) 100vw, 312px\" \/><figcaption id=\"caption-attachment-3612\" class=\"wp-caption-text\"><strong>Der H\u00f6henflug des FC Kalbach geht immer weiter. Foto: Anzzo Sports.<\/strong><\/figcaption><\/figure>\n<h5><span style=\"font-size: 16px;\">FC Kalbach &#8211; 1. FC-TSG K\u00f6nigstein 2:0 (1:0)<\/span><\/h5>\n<p><img loading=\"lazy\" decoding=\"async\" class=\"alignnone size-full wp-image-16\" src=\"http:\/\/insideamateurfussball-ffm.de\/wp-content\/uploads\/2021\/11\/kalbach-wappen.jpg\" alt=\"\" width=\"80\" height=\"80\" \/><img loading=\"lazy\" decoding=\"async\" class=\"alignnone size-full wp-image-1396\" src=\"http:\/\/insideamateurfussball-ffm.de\/wp-content\/uploads\/2022\/07\/koenigstein.png\" alt=\"\" width=\"80\" height=\"72\" \/><\/p>\n<p><span style=\"font-size: 16px; color: #008080;\">Achraf Gara Ali traf aus der Drehung mit Saisontor Nummer 28 zum 1:0 (16.). Nach dem Seitenwechsel erh\u00f6hte Oliver Pauls (58.) nach einem tollen Spielzug \u00fcber Ricardo Harrabi auf Gara Ali, dessen Schuss G\u00e4stetorh\u00fcter Marius Menne vor die F\u00fc\u00dfe von Pauls abklatschte. Kalbachs Torh\u00fcter Fabian Lanthaler bewahrte den Aufsteiger bei einem Kopfball des K\u00f6nigsteiners Stefan B\u00f6hmig vor einem R\u00fcckstand. &#8222;K\u00f6nigstein hat uns alles abverlangt, aber unser Lauf geht so weiter&#8220;, jubelte Kalbachs Sportlicher Leiter Manfred Meyer. Einziger Wermutstropfen: Mittelfeldmotor Moritz Uppenkamp verletzte sich am Knie.<\/span><\/p>\n<h5><span style=\"font-size: 16px;\">Schiedsrichter: Dominic Schleicher (Limburg-Weilburg). Zuschauer: 180. <\/span><\/h5>\n<h5><span style=\"font-size: 16px;\">Tore: 1:0 Achraf Gara Ali (16.), 2:0 Oliver Pauls (58.).<\/span><\/h5>\n","protected":false},"excerpt":{"rendered":"<p>Der FC Kalbach befindet sich in der Gruppenliga Frankfurt West weiter auf dem H\u00f6henflug. Gegen den 1. FC-TSG K\u00f6nigstein gab es am Sonntag einen trockenen 2:0 (1:0)-Sieg. Damit verbesserte sich der Aufsteiger auf Rang zwei, punktgleich mit Spitzenreiter FC Neu-Anspach.\u00a0 FC Kalbach &#8211; 1. FC-TSG K\u00f6nigstein 2:0 (1:0) Achraf Gara Ali traf aus der Drehung [&hellip;]<\/p>\n","protected":false},"author":1,"featured_media":3612,"comment_status":"open","ping_status":"open","sticky":false,"template":"","format":"standard","meta":{"footnotes":""},"categories":[13],"tags":[],"class_list":["post-3611","post","type-post","status-publish","format-standard","has-post-thumbnail","hentry","category-gruppenliga-frankfurt-west"],"_links":{"self":[{"href":"https:\/\/insideamateurfussball-ffm.de\/index.php?rest_route=\/wp\/v2\/posts\/3611","targetHints":{"allow":["GET"]}}],"collection":[{"href":"https:\/\/insideamateurfussball-ffm.de\/index.php?rest_route=\/wp\/v2\/posts"}],"about":[{"href":"https:\/\/insideamateurfussball-ffm.de\/index.php?rest_route=\/wp\/v2\/types\/post"}],"author":[{"embeddable":true,"href":"https:\/\/insideamateurfussball-ffm.de\/index.php?rest_route=\/wp\/v2\/users\/1"}],"replies":[{"embeddable":true,"href":"https:\/\/insideamateurfussball-ffm.de\/index.php?rest_route=%2Fwp%2Fv2%2Fcomments&post=3611"}],"version-history":[{"count":1,"href":"https:\/\/insideamateurfussball-ffm.de\/index.php?rest_route=\/wp\/v2\/posts\/3611\/revisions"}],"predecessor-version":[{"id":3613,"href":"https:\/\/insideamateurfussball-ffm.de\/index.php?rest_route=\/wp\/v2\/posts\/3611\/revisions\/3613"}],"wp:featuredmedia":[{"embeddable":true,"href":"https:\/\/insideamateurfussball-ffm.de\/index.php?rest_route=\/wp\/v2\/media\/3612"}],"wp:attachment":[{"href":"https:\/\/insideamateurfussball-ffm.de\/index.php?rest_route=%2Fwp%2Fv2%2Fmedia&parent=3611"}],"wp:term":[{"taxonomy":"category","embeddable":true,"href":"https:\/\/insideamateurfussball-ffm.de\/index.php?rest_route=%2Fwp%2Fv2%2Fcategories&post=3611"},{"taxonomy":"post_tag","embeddable":true,"href":"https:\/\/insideamateurfussball-ffm.de\/index.php?rest_route=%2Fwp%2Fv2%2Ftags&post=3611"}],"curies":[{"name":"wp","href":"https:\/\/api.w.org\/{rel}","templated":true}]}}