{"id":3607,"date":"2022-11-01T00:00:36","date_gmt":"2022-10-31T22:00:36","guid":{"rendered":"http:\/\/insideamateurfussball-ffm.de\/?p=3607"},"modified":"2025-01-10T14:39:41","modified_gmt":"2025-01-10T13:39:41","slug":"seckbachs-defensive-zu-gruen-25","status":"publish","type":"post","link":"https:\/\/insideamateurfussball-ffm.de\/?p=3607","title":{"rendered":"Seckbachs Defensive zu &#8222;gr\u00fcn&#8220; &#8211; 2:5!"},"content":{"rendered":"<h5><span style=\"font-size: 16px;\">Weiterhin in Abstiegsgefahr befindet sich die FG Seckbach in der Gruppenliga Frankfurt West nach der 2:5-Abfuhr beim FV Stierstadt. Die Mannschaft von Spielertrainer Manuel May kommt nicht aus dem Tabellenkeller und belegt Rang 14.\u00a0<\/span><\/h5>\n<figure id=\"attachment_3608\" aria-describedby=\"caption-attachment-3608\" style=\"width: 312px\" class=\"wp-caption alignnone\"><img loading=\"lazy\" decoding=\"async\" class=\"wp-image-3608\" src=\"http:\/\/insideamateurfussball-ffm.de\/wp-content\/uploads\/2022\/10\/bosn6-300x222.jpg\" alt=\"\" width=\"312\" height=\"231\" \/><figcaption id=\"caption-attachment-3608\" class=\"wp-caption-text\"><strong>Der FV Stierstadt konnte am Sonntag jubeln. Archivfoto: Mithat G\u00fcrser.<\/strong><\/figcaption><\/figure>\n<h5><span style=\"font-size: 16px;\">FV Stierstadt &#8211; FG Seckbach 5:2 (4:0)<\/span><\/h5>\n<p><img loading=\"lazy\" decoding=\"async\" class=\"alignnone size-full wp-image-3054\" src=\"http:\/\/insideamateurfussball-ffm.de\/wp-content\/uploads\/2022\/10\/Stierstadt.png\" alt=\"\" width=\"80\" height=\"80\" \/><img loading=\"lazy\" decoding=\"async\" class=\"alignnone size-full wp-image-544\" src=\"http:\/\/insideamateurfussball-ffm.de\/wp-content\/uploads\/2022\/06\/Seckbach.jpg\" alt=\"\" width=\"80\" height=\"80\" \/><\/p>\n<p><span style=\"font-size: 16px; color: #008080;\">Das Defensivkonzept der Seckbacher ging nicht auf. Durch das fr\u00fche 1:0 von Tim Pelka (2.) mussten die G\u00e4ste offensiver agieren und kassierten im ersten Abschnitt durch Ali \u00dczer (15.\/40.) und Aleksander Mastilovic (42.) weitere Treffer. &#8222;Es h\u00e4tte aber auch 5:4 stehen k\u00f6nnen, da wir aber aus unseren Chancen bis dahin nichts gemacht haben, war das Spiel zur Pause schon gelaufen&#8220;, \u00e4rgerte sich der Seckbacher Spielertrainer Manuel May, der selbst auf dem Platz mitwirkte. Nach dem Seitenwechsel verk\u00fcrzte Routinier Jonas Scheitza mit zwei Kopfb\u00e4llen (58.\/63.), ehe Christian Kaus das 5:2 markierte (78.). &#8222;Wir mussten drei Leute in der Viererkette austauschen, die wenig Gruppenliga-Erfahrung hatten&#8220;, so May.<\/span><\/p>\n<h5><span style=\"font-size: 16px;\">Schiedsrichter: Erdem Tasdemir (R\u00fcdesheim). Zuschauer: 90. <\/span><\/h5>\n<h5><span style=\"font-size: 16px;\">Tore: 1:0 Tim Pelka (2.), 2:0, 3:0 Ali \u00dczer (15.\/40.), 4:0 Aleksandar Mastilovic (42.), 4:1, 4:2 Jonas Scheitza (58.\/63.), 5:2 Christian Kaus (78.).<\/span><\/h5>\n","protected":false},"excerpt":{"rendered":"<p>Weiterhin in Abstiegsgefahr befindet sich die FG Seckbach in der Gruppenliga Frankfurt West nach der 2:5-Abfuhr beim FV Stierstadt. Die Mannschaft von Spielertrainer Manuel May kommt nicht aus dem Tabellenkeller und belegt Rang 14.\u00a0 FV Stierstadt &#8211; FG Seckbach 5:2 (4:0) Das Defensivkonzept der Seckbacher ging nicht auf. Durch das fr\u00fche 1:0 von Tim Pelka [&hellip;]<\/p>\n","protected":false},"author":1,"featured_media":0,"comment_status":"open","ping_status":"open","sticky":false,"template":"","format":"standard","meta":{"footnotes":""},"categories":[13],"tags":[],"class_list":["post-3607","post","type-post","status-publish","format-standard","hentry","category-gruppenliga-frankfurt-west"],"_links":{"self":[{"href":"https:\/\/insideamateurfussball-ffm.de\/index.php?rest_route=\/wp\/v2\/posts\/3607","targetHints":{"allow":["GET"]}}],"collection":[{"href":"https:\/\/insideamateurfussball-ffm.de\/index.php?rest_route=\/wp\/v2\/posts"}],"about":[{"href":"https:\/\/insideamateurfussball-ffm.de\/index.php?rest_route=\/wp\/v2\/types\/post"}],"author":[{"embeddable":true,"href":"https:\/\/insideamateurfussball-ffm.de\/index.php?rest_route=\/wp\/v2\/users\/1"}],"replies":[{"embeddable":true,"href":"https:\/\/insideamateurfussball-ffm.de\/index.php?rest_route=%2Fwp%2Fv2%2Fcomments&post=3607"}],"version-history":[{"count":1,"href":"https:\/\/insideamateurfussball-ffm.de\/index.php?rest_route=\/wp\/v2\/posts\/3607\/revisions"}],"predecessor-version":[{"id":3609,"href":"https:\/\/insideamateurfussball-ffm.de\/index.php?rest_route=\/wp\/v2\/posts\/3607\/revisions\/3609"}],"wp:attachment":[{"href":"https:\/\/insideamateurfussball-ffm.de\/index.php?rest_route=%2Fwp%2Fv2%2Fmedia&parent=3607"}],"wp:term":[{"taxonomy":"category","embeddable":true,"href":"https:\/\/insideamateurfussball-ffm.de\/index.php?rest_route=%2Fwp%2Fv2%2Fcategories&post=3607"},{"taxonomy":"post_tag","embeddable":true,"href":"https:\/\/insideamateurfussball-ffm.de\/index.php?rest_route=%2Fwp%2Fv2%2Ftags&post=3607"}],"curies":[{"name":"wp","href":"https:\/\/api.w.org\/{rel}","templated":true}]}}