{"id":3592,"date":"2022-10-31T22:48:16","date_gmt":"2022-10-31T20:48:16","guid":{"rendered":"http:\/\/insideamateurfussball-ffm.de\/?p=3592"},"modified":"2025-01-10T14:30:58","modified_gmt":"2025-01-10T13:30:58","slug":"speuzer-verlieren-aus-eigener-dummheit","status":"publish","type":"post","link":"https:\/\/insideamateurfussball-ffm.de\/?p=3592","title":{"rendered":"Speuzer verlieren aus &#8222;eigener Dummheit&#8220;"},"content":{"rendered":"<h5><span style=\"font-size: 16px;\">Der FFV Sportfreunde 04 unterlag am Sonntag im sp\u00e4ten Abendspiel der Verbandsliga S\u00fcd Germania Ober-Roden mit 2:3 (1:2). \u00dcber das Ergebnis und die mangelnde Chancenverwertung war FFV-Trainer Artug \u00d6zbakir nach dem Abpfiff stocksauer.\u00a0\u00a0<\/span><\/h5>\n<figure id=\"attachment_3593\" aria-describedby=\"caption-attachment-3593\" style=\"width: 312px\" class=\"wp-caption alignnone\"><img loading=\"lazy\" decoding=\"async\" class=\"wp-image-3593\" src=\"http:\/\/insideamateurfussball-ffm.de\/wp-content\/uploads\/2022\/10\/sportf2-300x221.jpg\" alt=\"\" width=\"312\" height=\"230\" \/><figcaption id=\"caption-attachment-3593\" class=\"wp-caption-text\"><strong>Jonathan Sander unterlag in gelber Spielkleidung der Germania Ober-Roden mit 2:3. Foto: Mithat G\u00fcrser. <\/strong><\/figcaption><\/figure>\n<h5><span style=\"font-size: 16px;\">FFV Sportfreunde 04 &#8211; Germania Ober-Roden 2:3 (1:2)\u00a0<\/span><\/h5>\n<h5><span style=\"font-size: 16px;\"><img loading=\"lazy\" decoding=\"async\" class=\"alignnone size-full wp-image-141\" src=\"http:\/\/insideamateurfussball-ffm.de\/wp-content\/uploads\/2022\/05\/Speuzer.jpg\" alt=\"\" width=\"80\" height=\"80\" \/><img loading=\"lazy\" decoding=\"async\" class=\"alignnone size-full wp-image-258\" src=\"http:\/\/insideamateurfussball-ffm.de\/wp-content\/uploads\/2022\/05\/GermOR.jpg\" alt=\"\" width=\"80\" height=\"78\" \/><\/span><\/h5>\n<p><span style=\"font-size: 16px; color: #008080;\">Die Partie wurde aufgrund des Frankfurt-Marathons erst um 18.30 Uhr angepfiffen. Die G\u00e4ste aus dem R\u00f6dermarker Stadtteil f\u00fchrten durch Johannes G\u00fcnther (27.). Sportfreunde-Torj\u00e4ger Giuseppe Signorelli glich aus (32.), aber postwendend gelang den G\u00e4sten durch Jonas Dapp die erneute F\u00fchrung (34.). Wenige Sekunden nach Wiederanpfiff gelang Aljoscha Atzberger das 2:2 (46.). Signorelli verschoss in der 70. Minute einen Foulelfmeter. Germania-Torh\u00fcter Marius Heinlein parierte, den Nachschuss setzte Signorelli \u00fcber das Tor.<\/span><\/p>\n<blockquote>\n<h5><span style=\"font-size: 16px;\">&#8222;Wir haben mittlerweile den vierten Elfmeter in dieser Runde verschossen&#8220; (FFV-Trainer Artug \u00d6zbakir).<\/span><\/h5>\n<\/blockquote>\n<p><span style=\"font-size: 16px; color: #008080;\">Colin Falk schloss dann einen Gegenangriff zum Sieg der G\u00e4ste ab (77.). FFV-Trainer Artug \u00d6zbakir war restlos bedient: &#8222;Die Niederlage ist mit eigener Dummheit zu erkl\u00e4ren. Der Gegner hat hier ohne Aufwand drei Tore auf den Fu\u00df gelegt bekommen. Wir hingegen h\u00e4tten acht Tore erzielen m\u00fcssen und sind nicht in der Lage, unsere Torchancen zu nutzen. Wir haben mittlerweile schon den vierten Elfmeter in dieser Runde verschossen.&#8220;<\/span><\/p>\n<h5><span style=\"font-size: 16px;\">Schiedsrichter: K.A. Zuschauer: 105. <\/span><\/h5>\n<h5><span style=\"font-size: 16px;\">Tore: 0:1 Johannes G\u00fcnther (27.), 1:1 Giuseppe Signorelli (32.), 1:2 Jonas Dapp (34.), 2:2 Aljoscha Atzberger (46.), 2:3 Colin Falk (77.).<\/span><\/h5>\n\n\n<div class=\"wp-block-columns is-layout-flex wp-container-core-columns-is-layout-28f84493 wp-block-columns-is-layout-flex\">\n<div class=\"wp-block-column is-layout-flow wp-block-column-is-layout-flow\">\n<figure class=\"wp-block-image size-full is-style-default\"><img decoding=\"async\" src=\"http:\/\/insideamateurfussball-ffm.de\/wp-content\/uploads\/2022\/10\/sportf4.jpg\" alt=\"\" class=\"wp-image-3594\"\/><\/figure>\n<\/div>\n\n\n\n<div class=\"wp-block-column is-layout-flow wp-block-column-is-layout-flow\">\n<figure class=\"wp-block-image size-full is-style-default\"><img decoding=\"async\" src=\"http:\/\/insideamateurfussball-ffm.de\/wp-content\/uploads\/2022\/10\/sportfr1.jpg\" alt=\"\" class=\"wp-image-3595\"\/><\/figure>\n<\/div>\n\n\n\n<div class=\"wp-block-column is-layout-flow wp-block-column-is-layout-flow\">\n<figure class=\"wp-block-image size-full is-style-default\"><img decoding=\"async\" src=\"http:\/\/insideamateurfussball-ffm.de\/wp-content\/uploads\/2022\/10\/sportf3.jpg\" alt=\"\" class=\"wp-image-3596\"\/><figcaption>Fotos: Mithat G\u00fcrser.<\/figcaption><\/figure>\n<\/div>\n<\/div>\n","protected":false},"excerpt":{"rendered":"<p>Der FFV Sportfreunde 04 unterlag am Sonntag im sp\u00e4ten Abendspiel der Verbandsliga S\u00fcd Germania Ober-Roden mit 2:3 (1:2). \u00dcber das Ergebnis und die mangelnde Chancenverwertung war FFV-Trainer Artug \u00d6zbakir nach dem Abpfiff stocksauer.\u00a0\u00a0 FFV Sportfreunde 04 &#8211; Germania Ober-Roden 2:3 (1:2)\u00a0 Die Partie wurde aufgrund des Frankfurt-Marathons erst um 18.30 Uhr angepfiffen. Die G\u00e4ste aus [&hellip;]<\/p>\n","protected":false},"author":1,"featured_media":0,"comment_status":"open","ping_status":"open","sticky":false,"template":"","format":"standard","meta":{"footnotes":""},"categories":[10],"tags":[],"class_list":["post-3592","post","type-post","status-publish","format-standard","hentry","category-verbandsliga-sued"],"_links":{"self":[{"href":"https:\/\/insideamateurfussball-ffm.de\/index.php?rest_route=\/wp\/v2\/posts\/3592","targetHints":{"allow":["GET"]}}],"collection":[{"href":"https:\/\/insideamateurfussball-ffm.de\/index.php?rest_route=\/wp\/v2\/posts"}],"about":[{"href":"https:\/\/insideamateurfussball-ffm.de\/index.php?rest_route=\/wp\/v2\/types\/post"}],"author":[{"embeddable":true,"href":"https:\/\/insideamateurfussball-ffm.de\/index.php?rest_route=\/wp\/v2\/users\/1"}],"replies":[{"embeddable":true,"href":"https:\/\/insideamateurfussball-ffm.de\/index.php?rest_route=%2Fwp%2Fv2%2Fcomments&post=3592"}],"version-history":[{"count":1,"href":"https:\/\/insideamateurfussball-ffm.de\/index.php?rest_route=\/wp\/v2\/posts\/3592\/revisions"}],"predecessor-version":[{"id":3597,"href":"https:\/\/insideamateurfussball-ffm.de\/index.php?rest_route=\/wp\/v2\/posts\/3592\/revisions\/3597"}],"wp:attachment":[{"href":"https:\/\/insideamateurfussball-ffm.de\/index.php?rest_route=%2Fwp%2Fv2%2Fmedia&parent=3592"}],"wp:term":[{"taxonomy":"category","embeddable":true,"href":"https:\/\/insideamateurfussball-ffm.de\/index.php?rest_route=%2Fwp%2Fv2%2Fcategories&post=3592"},{"taxonomy":"post_tag","embeddable":true,"href":"https:\/\/insideamateurfussball-ffm.de\/index.php?rest_route=%2Fwp%2Fv2%2Ftags&post=3592"}],"curies":[{"name":"wp","href":"https:\/\/api.w.org\/{rel}","templated":true}]}}