{"id":359,"date":"2022-05-25T15:30:24","date_gmt":"2022-05-25T15:30:24","guid":{"rendered":"http:\/\/insideamateurfussball-ffm.de\/?p=359"},"modified":"2024-12-17T12:48:10","modified_gmt":"2024-12-17T10:48:10","slug":"posavina-rumpfelf-siegt-in-hausen","status":"publish","type":"post","link":"https:\/\/insideamateurfussball-ffm.de\/?p=359","title":{"rendered":"Posavina-Rumpfelf siegt in Hausen"},"content":{"rendered":"<h5>FV Hausen &#8211; FC Posavina 1:2 (0:0)<\/h5>\n<p><img loading=\"lazy\" decoding=\"async\" class=\"alignnone size-full wp-image-283\" src=\"http:\/\/insideamateurfussball-ffm.de\/wp-content\/uploads\/2022\/05\/Hausen.jpg\" alt=\"\" width=\"80\" height=\"60\" \/><img loading=\"lazy\" decoding=\"async\" class=\"alignnone size-full wp-image-22\" src=\"http:\/\/insideamateurfussball-ffm.de\/wp-content\/uploads\/2021\/11\/posavina.jpg\" alt=\"\" width=\"63\" height=\"80\" \/><\/p>\n<figure id=\"attachment_360\" aria-describedby=\"caption-attachment-360\" style=\"width: 300px\" class=\"wp-caption alignnone\"><img loading=\"lazy\" decoding=\"async\" class=\"size-medium wp-image-360\" src=\"http:\/\/insideamateurfussball-ffm.de\/wp-content\/uploads\/2022\/05\/hau-5-300x205.jpg\" alt=\"\" width=\"300\" height=\"205\" \/><figcaption id=\"caption-attachment-360\" class=\"wp-caption-text\">Der FC Posavina stimmt sich auf das Ausw\u00e4rtsspiel in Hausen ein. Foto: Mithat G\u00fcrser.<\/figcaption><\/figure>\n<h5>In einer vom kommenden Donnerstags-Spieltag vorgezogenen Begegnung der Kreisoberliga Frankfurt unterlag der FV Hausen am Dienstagabend dem FC Posavina mit 1:2 (0:0). Beide Teams stehen zum Saisonende im gesicherten Mittelfeld.\u00a0<\/h5>\n<p>Die G\u00e4ste hatten nach dem Nichtantritt vom Sonntag bei T\u00fcrkg\u00fcc\u00fc notgedrungen eine Rumpfelf an die M\u00fchlwiese geschickt. Wie zuletzt stand Pressewart Danijel Pavic im Tor. Als Feldspieler agierte der eigentliche Stammkeeper Matej Markovic. Da im Zuge der Vorkommnisse gegen Griesheim zwei Stammspieler bis zur Verhandlung gesperrt wurden und noch zwei weitere Spieler aus dem Croatia-Spiel Rotsperren absitzen, wurde das Team mit Spielern aus der in der B-Klasse auf Rang drei stehenden Reserve aufgef\u00fcllt. Hausen verstand es von Beginn an nicht, die personellen Engp\u00e4sse beim Gegner zu nutzen.<\/p>\n<blockquote>\n<p>Wir haben viele Fehler im Spiel gehabt (FVH-Trainer Federico da Costa Coutinho)<\/p>\n<\/blockquote>\n<p>Vor allem im Spiel nach vorne monierte Trainer Federico da Costa Coutinho zu wenig Bewegung. Zu lethargisch und langsam wurden die Angriffe vorgetragen. Zwar schenkten sich beide Teams nichts, aber es fehlte die n\u00f6tige Spannung. Somit waren im ersten Abschnitt nur wenige Torm\u00f6glichkeiten zu verzeichnen. &#8222;Wir haben viele Fehler in unserem Spiel gehabt. Es wurden keine sauberen B\u00e4lle gespielt. Es gab zu viele Fehlp\u00e4sse und im letzten Drittel agierten wir zu oft mit langen B\u00e4llen gegen die robusten und gro\u00dfen Gegenspieler von Posavina. Der Gegner stand tief und die wenigen Chancen haben wir nicht gut abgeschlossen&#8220;, kritisierte der FVH-Coach.<\/p>\n<p>Coutinho reagierte nach 38 Minuten mit einem dreifachen Spielerwechsel. Nach dem Seitenwechsel gelang den Lila-Wei\u00dfen auf Flanke von Neuzugang Antonio Vidovic durch den Japaner Shion Tsuji die F\u00fchrung (47.). Zwei Minuten sp\u00e4ter verpasste es Anas Bakkali zu erh\u00f6hen. Sein Kopfball landete am Pfosten. Mehrfach verhinderte Pavic im FCP-Tor mit gutem\u00a0 Stellungsspiel und seinen Paraden einen h\u00f6heren Posavina-R\u00fcckstand. Die G\u00e4ste hielten das Spiel offen, legten die bessere Einstellung und den gr\u00f6\u00dferen Willen an den Tag.<\/p>\n<blockquote>\n<p>Nach den schwierigen Wochen haben wir an uns geglaubt (Posavinas Pressewart Danijel Pavic)<\/p>\n<\/blockquote>\n<p>So reichten zwei gut getretene Standardsituationen, um das Spiel zu drehen. Zun\u00e4chst glich Spielertrainer Stijepan Piljic nach einem Freisto\u00df aus (80.). Dann verl\u00e4gerte Ivan Vorgic einen Eckball auf Angelo Spaleta, der den unverhofften Siegtreffer per Kopf erzielte (84.). &#8222;Wir haben nach den schwierigen Wochen an uns geglaubt. Wir wollen die Saison jetzt abhaken und nehmen den Sieg gerne mit. F\u00fcr die neue Saison planen wir einen Neuanfang mit neuem Trainer. Heute bin ich sehr stolz auf die Mannschaft&#8220;, sagte Torh\u00fcter Pavic in seiner Rolle als Pressewart.\u00a0 \u00a0 \u00a0<\/p>\n<h5>Schiedsrichter: Tom Wagner (Krumbach). Zuschauer: 72.<\/h5>\n<h5>Tore: 1:0 Shion Tsuji (47.), 1:1 Stijepan Piljic (80.), 1:2 Angelo Spaleta (84.).<\/h5>\n<p>\u00a0<\/p>\n\n\n<figure class=\"wp-block-gallery has-nested-images columns-default is-cropped wp-block-gallery-1 is-layout-flex wp-block-gallery-is-layout-flex\">\n<figure class=\"wp-block-image size-large is-style-default\"><img decoding=\"async\" data-id=\"363\" src=\"http:\/\/insideamateurfussball-ffm.de\/wp-content\/uploads\/2022\/05\/hau-1-2.jpg\" alt=\"\" class=\"wp-image-363\"\/><\/figure>\n\n\n\n<figure class=\"wp-block-image size-large is-style-default\"><img decoding=\"async\" data-id=\"364\" src=\"http:\/\/insideamateurfussball-ffm.de\/wp-content\/uploads\/2022\/05\/hau-2.jpg\" alt=\"\" class=\"wp-image-364\"\/><\/figure>\n<\/figure>\n\n\n\n<figure class=\"wp-block-gallery has-nested-images columns-default is-cropped wp-block-gallery-2 is-layout-flex wp-block-gallery-is-layout-flex\">\n<figure class=\"wp-block-image size-large is-style-default\"><img decoding=\"async\" data-id=\"365\" src=\"http:\/\/insideamateurfussball-ffm.de\/wp-content\/uploads\/2022\/05\/hau-3.jpg\" alt=\"\" class=\"wp-image-365\"\/><\/figure>\n\n\n\n<figure class=\"wp-block-image size-large is-style-default\"><img decoding=\"async\" data-id=\"366\" src=\"http:\/\/insideamateurfussball-ffm.de\/wp-content\/uploads\/2022\/05\/hau-4.jpg\" alt=\"\" class=\"wp-image-366\"\/><\/figure>\n<\/figure>\n\n\n\n<figure class=\"wp-block-gallery has-nested-images columns-default is-cropped wp-block-gallery-3 is-layout-flex wp-block-gallery-is-layout-flex\">\n<figure class=\"wp-block-image size-large is-style-default\"><img decoding=\"async\" data-id=\"367\" src=\"http:\/\/insideamateurfussball-ffm.de\/wp-content\/uploads\/2022\/05\/hau-7.jpg\" alt=\"\" class=\"wp-image-367\"\/><\/figure>\n\n\n\n<figure class=\"wp-block-image size-large is-style-default\"><img decoding=\"async\" data-id=\"368\" src=\"http:\/\/insideamateurfussball-ffm.de\/wp-content\/uploads\/2022\/05\/hau-10.jpg\" alt=\"\" class=\"wp-image-368\"\/><\/figure>\n<\/figure>\n\n\n\n<figure class=\"wp-block-gallery has-nested-images columns-default is-cropped wp-block-gallery-4 is-layout-flex wp-block-gallery-is-layout-flex\">\n<figure class=\"wp-block-image size-large is-style-default\"><img decoding=\"async\" data-id=\"369\" src=\"http:\/\/insideamateurfussball-ffm.de\/wp-content\/uploads\/2022\/05\/hau-11.jpg\" alt=\"\" class=\"wp-image-369\"\/><\/figure>\n\n\n\n<figure class=\"wp-block-image size-large is-style-default\"><img decoding=\"async\" data-id=\"371\" src=\"http:\/\/insideamateurfussball-ffm.de\/wp-content\/uploads\/2022\/05\/hau-14.jpg\" alt=\"\" class=\"wp-image-371\"\/><\/figure>\n<\/figure>\n\n\n\n<figure class=\"wp-block-gallery has-nested-images columns-default is-cropped wp-block-gallery-5 is-layout-flex wp-block-gallery-is-layout-flex\">\n<figure class=\"wp-block-image size-large is-style-default\"><img decoding=\"async\" data-id=\"370\" src=\"http:\/\/insideamateurfussball-ffm.de\/wp-content\/uploads\/2022\/05\/hau-12.jpg\" alt=\"\" class=\"wp-image-370\"\/><\/figure>\n\n\n\n<figure class=\"wp-block-image size-large is-style-default\"><img decoding=\"async\" data-id=\"373\" src=\"http:\/\/insideamateurfussball-ffm.de\/wp-content\/uploads\/2022\/05\/hau-17.jpg\" alt=\"\" class=\"wp-image-373\"\/><\/figure>\n\n\n\n<figure class=\"wp-block-image size-large is-style-default\"><img decoding=\"async\" data-id=\"372\" src=\"http:\/\/insideamateurfussball-ffm.de\/wp-content\/uploads\/2022\/05\/hau-16.jpg\" alt=\"\" class=\"wp-image-372\"\/><\/figure>\n<\/figure>\n\n\n\n<figure class=\"wp-block-gallery has-nested-images columns-default is-cropped wp-block-gallery-6 is-layout-flex wp-block-gallery-is-layout-flex\">\n<figure class=\"wp-block-image size-large is-style-default\"><img decoding=\"async\" data-id=\"374\" src=\"http:\/\/insideamateurfussball-ffm.de\/wp-content\/uploads\/2022\/05\/hau-18.jpg\" alt=\"\" class=\"wp-image-374\"\/><\/figure>\n\n\n\n<figure class=\"wp-block-image size-large is-style-default\"><img decoding=\"async\" data-id=\"375\" src=\"http:\/\/insideamateurfussball-ffm.de\/wp-content\/uploads\/2022\/05\/hau-19.jpg\" alt=\"\" class=\"wp-image-375\"\/><figcaption>Fotos: Mithat G\u00fcrser.<\/figcaption><\/figure>\n<\/figure>\n","protected":false},"excerpt":{"rendered":"<p>FV Hausen &#8211; FC Posavina 1:2 (0:0) In einer vom kommenden Donnerstags-Spieltag vorgezogenen Begegnung der Kreisoberliga Frankfurt unterlag der FV Hausen am Dienstagabend dem FC Posavina mit 1:2 (0:0). Beide Teams stehen zum Saisonende im gesicherten Mittelfeld.\u00a0 Die G\u00e4ste hatten nach dem Nichtantritt vom Sonntag bei T\u00fcrkg\u00fcc\u00fc notgedrungen eine Rumpfelf an die M\u00fchlwiese geschickt. Wie [&hellip;]<\/p>\n","protected":false},"author":1,"featured_media":0,"comment_status":"open","ping_status":"open","sticky":false,"template":"","format":"standard","meta":{"footnotes":""},"categories":[2],"tags":[],"class_list":["post-359","post","type-post","status-publish","format-standard","hentry","category-kreisoberliga-frankfurt"],"_links":{"self":[{"href":"https:\/\/insideamateurfussball-ffm.de\/index.php?rest_route=\/wp\/v2\/posts\/359","targetHints":{"allow":["GET"]}}],"collection":[{"href":"https:\/\/insideamateurfussball-ffm.de\/index.php?rest_route=\/wp\/v2\/posts"}],"about":[{"href":"https:\/\/insideamateurfussball-ffm.de\/index.php?rest_route=\/wp\/v2\/types\/post"}],"author":[{"embeddable":true,"href":"https:\/\/insideamateurfussball-ffm.de\/index.php?rest_route=\/wp\/v2\/users\/1"}],"replies":[{"embeddable":true,"href":"https:\/\/insideamateurfussball-ffm.de\/index.php?rest_route=%2Fwp%2Fv2%2Fcomments&post=359"}],"version-history":[{"count":3,"href":"https:\/\/insideamateurfussball-ffm.de\/index.php?rest_route=\/wp\/v2\/posts\/359\/revisions"}],"predecessor-version":[{"id":427,"href":"https:\/\/insideamateurfussball-ffm.de\/index.php?rest_route=\/wp\/v2\/posts\/359\/revisions\/427"}],"wp:attachment":[{"href":"https:\/\/insideamateurfussball-ffm.de\/index.php?rest_route=%2Fwp%2Fv2%2Fmedia&parent=359"}],"wp:term":[{"taxonomy":"category","embeddable":true,"href":"https:\/\/insideamateurfussball-ffm.de\/index.php?rest_route=%2Fwp%2Fv2%2Fcategories&post=359"},{"taxonomy":"post_tag","embeddable":true,"href":"https:\/\/insideamateurfussball-ffm.de\/index.php?rest_route=%2Fwp%2Fv2%2Ftags&post=359"}],"curies":[{"name":"wp","href":"https:\/\/api.w.org\/{rel}","templated":true}]}}