{"id":3557,"date":"2022-10-31T18:41:40","date_gmt":"2022-10-31T16:41:40","guid":{"rendered":"http:\/\/insideamateurfussball-ffm.de\/?p=3557"},"modified":"2025-01-10T14:31:36","modified_gmt":"2025-01-10T13:31:36","slug":"bad-vilbel-pokalaus-folgt-spielfreier-sonntag","status":"publish","type":"post","link":"https:\/\/insideamateurfussball-ffm.de\/?p=3557","title":{"rendered":"Bad Vilbel: Pokalaus folgt spielfreier Sonntag"},"content":{"rendered":"<h5><span style=\"font-size: 16px;\">Verbandsligist FV Bad Vilbel schied letzte Woche mit einer 2:4-Niederlage beim Gruppenligisten FC Karben aus dem Kreispokal Friedberg aus. Es war das erste Mal, dass die Vilbeler in einem Pflichtspiel auf den neugegr\u00fcndeten Club aus Klein-Karben trafen, nachdem man sich mit dessen Vorg\u00e4ngerclub KSV viele Jahre hei\u00dfe Duelle vor gro\u00dfen Kulissen in der Oberliga Hessen lieferte.<\/span><\/h5>\n<figure id=\"attachment_3558\" aria-describedby=\"caption-attachment-3558\" style=\"width: 310px\" class=\"wp-caption alignnone\"><img loading=\"lazy\" decoding=\"async\" class=\"wp-image-3558\" src=\"http:\/\/insideamateurfussball-ffm.de\/wp-content\/uploads\/2022\/10\/FCK-FVBV-300x300.jpg\" alt=\"\" width=\"310\" height=\"310\" \/><figcaption id=\"caption-attachment-3558\" class=\"wp-caption-text\">Im Kreispokal ereilte den FV Bad Vilbel das Aus im Achtelfinale. Foto: Jan Werner.<\/figcaption><\/figure>\n<h5><span style=\"font-size: 16px;\">FC Karben &#8211; FV Bad Vilbel 4:2 (2:1)<\/span><\/h5>\n<p><img loading=\"lazy\" decoding=\"async\" class=\"alignnone size-full wp-image-2525\" src=\"http:\/\/insideamateurfussball-ffm.de\/wp-content\/uploads\/2022\/09\/karben.jpg\" alt=\"\" width=\"65\" height=\"80\" \/><img loading=\"lazy\" decoding=\"async\" class=\"alignnone size-full wp-image-146\" src=\"http:\/\/insideamateurfussball-ffm.de\/wp-content\/uploads\/2022\/05\/FV-Bad-Vilbel.jpg\" alt=\"\" width=\"80\" height=\"80\" \/><\/p>\n<p><span style=\"font-size: 16px; color: #008080;\">Die Gastgeber zogen insgesamt verdient ins Viertelfinale ein, obwohl Bad Vilbel zweimal ausglich und noch zwei gute Chancen hatte. Durch die zwei Gegentore in der Schlussphase sind die Vilbeler aber aus dem Wettbewerb ausgeschieden. Am Wochenende war die Mannschaft von Trainer Amir Mustafic in der Verbandsliga S\u00fcd spielfrei und rutschte durch die Ergebnisse der Konkurrenz wieder auf einen Abstiegsplatz. Am kommenden Freitag (19.30 Uhr) gastiert dann mit dem Tabellenzweiten SKV Rot-Wei\u00df Darmstadt die beste Defensive der Liga am Niddasportfeld. Die Mannschaft von Trainer Dominik Lohrer hatte bis zum gestrigen 4:3 gegen den SV M\u00fcnster nur sechs Gegentore kassiert und erhielt im letzten Spiel genau halb so viele Tore wie im bisherigen Saisonverlauf insgesamt. Unterdessen ver\u00f6ffentlichte der Verein eine Meldung, wonach Florian Kijek ab sofort als Torwarttrainer beim FV fungiert.\u00a0<\/span><\/p>\n<h5><span style=\"font-size: 16px;\">Die Statistik zum Pokalspiel:\u00a0<\/span><\/h5>\n<h5><span style=\"font-size: 16px;\">Schiedsrichter: Christian Steib (Dortelweil). Zuschauer: 155. <\/span><\/h5>\n<h5><span style=\"font-size: 16px;\">Tore: 1:0 Marius Troll (24.), 1:1 Visar Gashi (25.), 2:1 Axel Furkert (43.), 2:2 Richard Sieber (58.), 3:2 Tim Brunotte Martinez (69.), 4:2 Felix Kaapke (78.).<\/span><\/h5>\n<p>\u00a0<\/p>\n<h5>\u00a0<\/h5>\n\n\n<figure class=\"wp-block-gallery has-nested-images columns-default is-cropped wp-block-gallery-1 is-layout-flex wp-block-gallery-is-layout-flex\">\n<figure class=\"wp-block-image size-full is-style-default\"><img decoding=\"async\" data-id=\"3559\" src=\"http:\/\/insideamateurfussball-ffm.de\/wp-content\/uploads\/2022\/10\/TWE.jpg\" alt=\"\" class=\"wp-image-3559\"\/><figcaption>Trainer Amir Mustafic (links) mit den Torleuten Robin Orband und Max Ehrig sowie dem neuen Torwarttrainer Florian Kijek (zweiter von rechts). Foto: FV Bad Vilbel. <\/figcaption><\/figure>\n<\/figure>\n","protected":false},"excerpt":{"rendered":"<p>Verbandsligist FV Bad Vilbel schied letzte Woche mit einer 2:4-Niederlage beim Gruppenligisten FC Karben aus dem Kreispokal Friedberg aus. Es war das erste Mal, dass die Vilbeler in einem Pflichtspiel auf den neugegr\u00fcndeten Club aus Klein-Karben trafen, nachdem man sich mit dessen Vorg\u00e4ngerclub KSV viele Jahre hei\u00dfe Duelle vor gro\u00dfen Kulissen in der Oberliga Hessen [&hellip;]<\/p>\n","protected":false},"author":1,"featured_media":0,"comment_status":"open","ping_status":"open","sticky":false,"template":"","format":"standard","meta":{"footnotes":""},"categories":[9],"tags":[],"class_list":["post-3557","post","type-post","status-publish","format-standard","hentry","category-kreispokal"],"_links":{"self":[{"href":"https:\/\/insideamateurfussball-ffm.de\/index.php?rest_route=\/wp\/v2\/posts\/3557","targetHints":{"allow":["GET"]}}],"collection":[{"href":"https:\/\/insideamateurfussball-ffm.de\/index.php?rest_route=\/wp\/v2\/posts"}],"about":[{"href":"https:\/\/insideamateurfussball-ffm.de\/index.php?rest_route=\/wp\/v2\/types\/post"}],"author":[{"embeddable":true,"href":"https:\/\/insideamateurfussball-ffm.de\/index.php?rest_route=\/wp\/v2\/users\/1"}],"replies":[{"embeddable":true,"href":"https:\/\/insideamateurfussball-ffm.de\/index.php?rest_route=%2Fwp%2Fv2%2Fcomments&post=3557"}],"version-history":[{"count":2,"href":"https:\/\/insideamateurfussball-ffm.de\/index.php?rest_route=\/wp\/v2\/posts\/3557\/revisions"}],"predecessor-version":[{"id":3614,"href":"https:\/\/insideamateurfussball-ffm.de\/index.php?rest_route=\/wp\/v2\/posts\/3557\/revisions\/3614"}],"wp:attachment":[{"href":"https:\/\/insideamateurfussball-ffm.de\/index.php?rest_route=%2Fwp%2Fv2%2Fmedia&parent=3557"}],"wp:term":[{"taxonomy":"category","embeddable":true,"href":"https:\/\/insideamateurfussball-ffm.de\/index.php?rest_route=%2Fwp%2Fv2%2Fcategories&post=3557"},{"taxonomy":"post_tag","embeddable":true,"href":"https:\/\/insideamateurfussball-ffm.de\/index.php?rest_route=%2Fwp%2Fv2%2Ftags&post=3557"}],"curies":[{"name":"wp","href":"https:\/\/api.w.org\/{rel}","templated":true}]}}