{"id":3523,"date":"2022-10-27T18:27:06","date_gmt":"2022-10-27T16:27:06","guid":{"rendered":"http:\/\/insideamateurfussball-ffm.de\/?p=3523"},"modified":"2025-01-10T14:32:13","modified_gmt":"2025-01-10T13:32:13","slug":"trainerwechsel-bei-posavina-madzarevic-uebernimmt","status":"publish","type":"post","link":"https:\/\/insideamateurfussball-ffm.de\/?p=3523","title":{"rendered":"Trainerwechsel: Madzarevic \u00fcbernimmt Posavina"},"content":{"rendered":"<h5><span style=\"font-size: 16px;\">Der Vorstand des Kreisoberligisten FC Posavina hat sich am Sonntag nach der Heimniederlage gegen den SV Viktoria Preu\u00dfen (2:3) f\u00fcr einen Trainerwechsel entschieden. Der Tabellenvorletzte zog die Rei\u00dfleine und ersetzte den bisherigen Coach Marko Bosnjak durch Marijan Madzarevic, der die Kroaten schon einmal in der Saison 2017\/18 in \u00e4hnlicher Lage \u00fcbernommen hatte.\u00a0<\/span><\/h5>\n<h5><span style=\"font-size: 16px;\">\u00a0<\/span><\/h5>\n<figure id=\"attachment_3524\" aria-describedby=\"caption-attachment-3524\" style=\"width: 312px\" class=\"wp-caption alignnone\"><img loading=\"lazy\" decoding=\"async\" class=\"wp-image-3524\" src=\"http:\/\/insideamateurfussball-ffm.de\/wp-content\/uploads\/2022\/10\/madz-300x226.jpg\" alt=\"\" width=\"312\" height=\"235\" srcset=\"https:\/\/insideamateurfussball-ffm.de\/wp-content\/uploads\/2022\/10\/madz-300x226.jpg 300w, https:\/\/insideamateurfussball-ffm.de\/wp-content\/uploads\/2022\/10\/madz-768x578.jpg 768w, https:\/\/insideamateurfussball-ffm.de\/wp-content\/uploads\/2022\/10\/madz.jpg 952w\" sizes=\"auto, (max-width: 312px) 100vw, 312px\" \/><figcaption id=\"caption-attachment-3524\" class=\"wp-caption-text\">Trainiert nach vier Jahren wieder den FC Posavina: Trainer Marijan Madzarevic. Foto: FC Posavina.<\/figcaption><\/figure>\n<p><img loading=\"lazy\" decoding=\"async\" class=\"alignnone size-full wp-image-22\" src=\"http:\/\/insideamateurfussball-ffm.de\/wp-content\/uploads\/2021\/11\/posavina.jpg\" alt=\"\" width=\"63\" height=\"80\" \/><\/p>\n<p><span style=\"font-size: 16px; color: #008080;\">&#8222;Marijan ist ein alter Bekannter. Er war viele Jahre aktiv f\u00fcr den FC Posavina und hat den Klub seinerzeit auch in schweren Zeiten \u00fcbernommen&#8220;, teilt Presseswart Danijel Pavic mit. Eine solche erlebt der am Riederwald ans\u00e4ssige Club derzeit in der Kreisoberliga Frankfurt. <\/span><\/p>\n<p><span style=\"font-size: 16px; color: #008080;\">Mit nur sieben Punkten belegt Posavina Rang 16, derzeit ein direkter Abstiegsplatz. Abhilfe soll nun der erfahrene Coach schaffen. &#8222;Madzarevic kennt den Club in- und auswendig und wei\u00df, wie er den Schalter umdrehen kann, um aus dem Schlamassel rauszukommen&#8220;, erl\u00e4utert Pavic.<\/span><\/p>\n<blockquote>\n<h5><span style=\"font-size: 16px;\">&#8222;In schwierigen Zeiten hat Marko Bosnjak viel Arbeit auf sich genommen und die Mannschaften zusammengehalten&#8220; (Posavina-Pressewart Danijel Pavic).<\/span><\/h5>\n<\/blockquote>\n<p><span style=\"font-size: 16px; color: #008080;\">Sein erster Pr\u00fcfstein ist allerdings ein besonders schwerer. Am Sonntag geht es zum &#8222;Balkan-Derby&#8220; zum souver\u00e4nen Tabellenf\u00fchrer und Aufstiegsaspiranten FC Tempo (15.30 Uhr). &#8222;Wir konzentrieren uns jetzt auf einen echten Abstiegskampf und nehmen die Herausforderung an&#8220;, gibt sich Pavic optimistisch. <\/span><\/p>\n<p><span style=\"font-size: 16px; color: #008080;\">Allerdings hatte der Vorstand auch noch dankende Worte f\u00fcr den abgel\u00f6sten Trainer Marko Bosnjak parat: &#8222;Wir m\u00f6chten uns sehr herzlich f\u00fcr seine harte und couragierte Arbeit bedanken. In schwierigen Zeiten hat er viel Arbeit auf sich genommen und die Mannschaften zusammengehalten.&#8220;\u00a0\u00a0<\/span><\/p>\n<h5>\u00a0<\/h5>\n\n\n<figure class=\"wp-block-gallery has-nested-images columns-default is-cropped wp-block-gallery-1 is-layout-flex wp-block-gallery-is-layout-flex\">\n<figure class=\"wp-block-image size-large is-style-default\"><img loading=\"lazy\" decoding=\"async\" width=\"960\" height=\"960\" data-id=\"3525\" src=\"http:\/\/insideamateurfussball-ffm.de\/wp-content\/uploads\/2022\/10\/MadzII.jpg\" alt=\"\" class=\"wp-image-3525\" srcset=\"https:\/\/insideamateurfussball-ffm.de\/wp-content\/uploads\/2022\/10\/MadzII.jpg 960w, https:\/\/insideamateurfussball-ffm.de\/wp-content\/uploads\/2022\/10\/MadzII-300x300.jpg 300w, https:\/\/insideamateurfussball-ffm.de\/wp-content\/uploads\/2022\/10\/MadzII-150x150.jpg 150w, https:\/\/insideamateurfussball-ffm.de\/wp-content\/uploads\/2022\/10\/MadzII-768x768.jpg 768w\" sizes=\"auto, (max-width: 960px) 100vw, 960px\" \/><figcaption>Marijan Madzarevic soll den FC Posavina vor dem Abstieg in die A-Klasse retten. Foto: FCP.<\/figcaption><\/figure>\n<\/figure>\n\n\n\n<p><\/p>\n","protected":false},"excerpt":{"rendered":"<p>Der Vorstand des Kreisoberligisten FC Posavina hat sich am Sonntag nach der Heimniederlage gegen den SV Viktoria Preu\u00dfen (2:3) f\u00fcr einen Trainerwechsel entschieden. Der Tabellenvorletzte zog die Rei\u00dfleine und ersetzte den bisherigen Coach Marko Bosnjak durch Marijan Madzarevic, der die Kroaten schon einmal in der Saison 2017\/18 in \u00e4hnlicher Lage \u00fcbernommen hatte.\u00a0 \u00a0 &#8222;Marijan ist [&hellip;]<\/p>\n","protected":false},"author":1,"featured_media":3524,"comment_status":"open","ping_status":"open","sticky":false,"template":"","format":"standard","meta":{"footnotes":""},"categories":[2],"tags":[],"class_list":["post-3523","post","type-post","status-publish","format-standard","has-post-thumbnail","hentry","category-kreisoberliga-frankfurt"],"_links":{"self":[{"href":"https:\/\/insideamateurfussball-ffm.de\/index.php?rest_route=\/wp\/v2\/posts\/3523","targetHints":{"allow":["GET"]}}],"collection":[{"href":"https:\/\/insideamateurfussball-ffm.de\/index.php?rest_route=\/wp\/v2\/posts"}],"about":[{"href":"https:\/\/insideamateurfussball-ffm.de\/index.php?rest_route=\/wp\/v2\/types\/post"}],"author":[{"embeddable":true,"href":"https:\/\/insideamateurfussball-ffm.de\/index.php?rest_route=\/wp\/v2\/users\/1"}],"replies":[{"embeddable":true,"href":"https:\/\/insideamateurfussball-ffm.de\/index.php?rest_route=%2Fwp%2Fv2%2Fcomments&post=3523"}],"version-history":[{"count":2,"href":"https:\/\/insideamateurfussball-ffm.de\/index.php?rest_route=\/wp\/v2\/posts\/3523\/revisions"}],"predecessor-version":[{"id":3527,"href":"https:\/\/insideamateurfussball-ffm.de\/index.php?rest_route=\/wp\/v2\/posts\/3523\/revisions\/3527"}],"wp:featuredmedia":[{"embeddable":true,"href":"https:\/\/insideamateurfussball-ffm.de\/index.php?rest_route=\/wp\/v2\/media\/3524"}],"wp:attachment":[{"href":"https:\/\/insideamateurfussball-ffm.de\/index.php?rest_route=%2Fwp%2Fv2%2Fmedia&parent=3523"}],"wp:term":[{"taxonomy":"category","embeddable":true,"href":"https:\/\/insideamateurfussball-ffm.de\/index.php?rest_route=%2Fwp%2Fv2%2Fcategories&post=3523"},{"taxonomy":"post_tag","embeddable":true,"href":"https:\/\/insideamateurfussball-ffm.de\/index.php?rest_route=%2Fwp%2Fv2%2Ftags&post=3523"}],"curies":[{"name":"wp","href":"https:\/\/api.w.org\/{rel}","templated":true}]}}