{"id":3519,"date":"2022-10-27T18:03:40","date_gmt":"2022-10-27T16:03:40","guid":{"rendered":"http:\/\/insideamateurfussball-ffm.de\/?p=3519"},"modified":"2025-01-10T14:32:19","modified_gmt":"2025-01-10T13:32:19","slug":"rot-weiss-verpflichtet-koreaner-kwonsu-lee","status":"publish","type":"post","link":"https:\/\/insideamateurfussball-ffm.de\/?p=3519","title":{"rendered":"Rot-Weiss verpflichtet Kwonsu Lee"},"content":{"rendered":"<h5><span style=\"font-size: 16px;\">Verbandsligist Rot-Weiss Frankfurt hat den S\u00fcdkoreaner Kwonsu Lee verpflichtet, der f\u00fcr das Ausw\u00e4rtsspiel am Sonntag beim SC Dortelweil bereits spielberechtigt ist. Im Nachholspiel am heutigen Abend gegen Rot-Wei\u00df Darmstadt muss der zuletzt vereinslose Asiate noch zuschauen. Der 23-j\u00e4hrige Mittelfeldspieler spielte bis zum Ende der letzten Saison beim Hessenligisten T\u00fcrk G\u00fcc\u00fc Friedberg und war zuvor beim heutigen Gegner Rot-Wei\u00df Darmstadt aktiv.\u00a0<\/span><\/h5>\n<figure id=\"attachment_3520\" aria-describedby=\"caption-attachment-3520\" style=\"width: 312px\" class=\"wp-caption alignnone\"><img loading=\"lazy\" decoding=\"async\" class=\"wp-image-3520\" src=\"http:\/\/insideamateurfussball-ffm.de\/wp-content\/uploads\/2022\/10\/lee8-300x225.jpg\" alt=\"\" width=\"312\" height=\"234\" \/><figcaption id=\"caption-attachment-3520\" class=\"wp-caption-text\"><strong>Neu bei Rot-Weiss Frankfurt: Kwonsu Lee.<\/strong><\/figcaption><\/figure>\n<p><span style=\"font-size: 16px; color: #008080;\">Der 1,67 Meter kleine Mittelfeldspieler absolvierte 20 Hessenliga-Spiele f\u00fcr die Friedberger und erzielte dabei ein Tor. Zuvor kam Lee in der Verbandsliga S\u00fcd bei Rot-Wei\u00df Darmstadt 22mal zum Einsatz. Bis Sommer stand der S\u00fcdkoreaner unter den Fittichen vom Friedberger Trainer Enis Dzihic, der den Spieler lobt: &#8222;Das ist ein guter Junge, dem ich bei seiner neuen Station nur das beste w\u00fcnsche.&#8220; Rot-Weiss-Trainer Jonel Goncalves bekommt f\u00fcr die Au\u00dfenbahn einen schnellen und h\u00f6herklassig erprobten Spieler, der f\u00fcr die junge Mannschaft im Abstiegskampf eine gro\u00dfe St\u00fctze sein k\u00f6nnte.\u00a0<\/span><\/p>\n<p>\u00a0<\/p>\n\n\n<div class=\"wp-block-columns is-layout-flex wp-container-core-columns-is-layout-28f84493 wp-block-columns-is-layout-flex\">\n<div class=\"wp-block-column is-layout-flow wp-block-column-is-layout-flow\"><\/div>\n<\/div>\n","protected":false},"excerpt":{"rendered":"<p>Verbandsligist Rot-Weiss Frankfurt hat den S\u00fcdkoreaner Kwonsu Lee verpflichtet, der f\u00fcr das Ausw\u00e4rtsspiel am Sonntag beim SC Dortelweil bereits spielberechtigt ist. Im Nachholspiel am heutigen Abend gegen Rot-Wei\u00df Darmstadt muss der zuletzt vereinslose Asiate noch zuschauen. Der 23-j\u00e4hrige Mittelfeldspieler spielte bis zum Ende der letzten Saison beim Hessenligisten T\u00fcrk G\u00fcc\u00fc Friedberg und war zuvor beim [&hellip;]<\/p>\n","protected":false},"author":1,"featured_media":0,"comment_status":"open","ping_status":"open","sticky":false,"template":"","format":"standard","meta":{"footnotes":""},"categories":[10],"tags":[],"class_list":["post-3519","post","type-post","status-publish","format-standard","hentry","category-verbandsliga-sued"],"_links":{"self":[{"href":"https:\/\/insideamateurfussball-ffm.de\/index.php?rest_route=\/wp\/v2\/posts\/3519","targetHints":{"allow":["GET"]}}],"collection":[{"href":"https:\/\/insideamateurfussball-ffm.de\/index.php?rest_route=\/wp\/v2\/posts"}],"about":[{"href":"https:\/\/insideamateurfussball-ffm.de\/index.php?rest_route=\/wp\/v2\/types\/post"}],"author":[{"embeddable":true,"href":"https:\/\/insideamateurfussball-ffm.de\/index.php?rest_route=\/wp\/v2\/users\/1"}],"replies":[{"embeddable":true,"href":"https:\/\/insideamateurfussball-ffm.de\/index.php?rest_route=%2Fwp%2Fv2%2Fcomments&post=3519"}],"version-history":[{"count":2,"href":"https:\/\/insideamateurfussball-ffm.de\/index.php?rest_route=\/wp\/v2\/posts\/3519\/revisions"}],"predecessor-version":[{"id":3522,"href":"https:\/\/insideamateurfussball-ffm.de\/index.php?rest_route=\/wp\/v2\/posts\/3519\/revisions\/3522"}],"wp:attachment":[{"href":"https:\/\/insideamateurfussball-ffm.de\/index.php?rest_route=%2Fwp%2Fv2%2Fmedia&parent=3519"}],"wp:term":[{"taxonomy":"category","embeddable":true,"href":"https:\/\/insideamateurfussball-ffm.de\/index.php?rest_route=%2Fwp%2Fv2%2Fcategories&post=3519"},{"taxonomy":"post_tag","embeddable":true,"href":"https:\/\/insideamateurfussball-ffm.de\/index.php?rest_route=%2Fwp%2Fv2%2Ftags&post=3519"}],"curies":[{"name":"wp","href":"https:\/\/api.w.org\/{rel}","templated":true}]}}