{"id":3515,"date":"2022-10-26T15:09:12","date_gmt":"2022-10-26T13:09:12","guid":{"rendered":"http:\/\/insideamateurfussball-ffm.de\/?p=3515"},"modified":"2025-01-10T14:32:25","modified_gmt":"2025-01-10T13:32:25","slug":"zeilsheim-ii-gewinnt-reserveduell-deutlich","status":"publish","type":"post","link":"https:\/\/insideamateurfussball-ffm.de\/?p=3515","title":{"rendered":"Zeilsheim II gewinnt Reserveduell deutlich"},"content":{"rendered":"<h5><span style=\"font-size: 16px;\">Inside Amateurfu\u00dfball Ffm freut sich \u00fcber die Zusendung von Spielberichten der Vereine, da wir bei weitem nicht alles abdecken k\u00f6nnen. In dieser Hinsicht ist Peter Strauch, der Vorsitzende des SV Zeilsheim, sehr aktiv. Da die Erste Mannschaft in der Verbandsliga Mitte spielfrei war, kommt heute ein Bericht von der Partie SV Zeilsheim II &#8211; TuS Hornau II aus der benachbarten Kreisoberliga Maintaunus.\u00a0<\/span><\/h5>\n<figure id=\"attachment_3516\" aria-describedby=\"caption-attachment-3516\" style=\"width: 311px\" class=\"wp-caption alignnone\"><img loading=\"lazy\" decoding=\"async\" class=\"wp-image-3516\" src=\"http:\/\/insideamateurfussball-ffm.de\/wp-content\/uploads\/2022\/10\/14-Nemanja-Saric-hielt-seine-Mannschaft-in-einer-kritischen-Phase-im-Spiel-300x284.jpg\" alt=\"\" width=\"311\" height=\"294\" \/><figcaption id=\"caption-attachment-3516\" class=\"wp-caption-text\"><strong>SVZ-Torh\u00fcter Nemanja Saric hielt die Westfrankfurter in einer kritischen Phase im Spiel. Foto: Peter Strauch.<\/strong><\/figcaption><\/figure>\n<h5><span style=\"font-size: 16px;\">SV Zeilsheim II &#8211; TuS Hornau II 4:1 (1:0)<\/span><\/h5>\n<p><img loading=\"lazy\" decoding=\"async\" class=\"alignnone size-full wp-image-1153\" src=\"http:\/\/insideamateurfussball-ffm.de\/wp-content\/uploads\/2022\/07\/SVZe.jpg\" alt=\"\" width=\"68\" height=\"80\" \/><img loading=\"lazy\" decoding=\"async\" class=\"alignnone size-full wp-image-3517\" src=\"http:\/\/insideamateurfussball-ffm.de\/wp-content\/uploads\/2022\/10\/Hornau.jpg\" alt=\"\" width=\"72\" height=\"80\" \/><\/p>\n<p><span style=\"color: #008080;\">Nichts anbrennen lie\u00df die zweite Garnitur des SV Zeilsheim im Heimspiel gegen die \u201eZweite\u201c der TuS Hornau. Es dauert jedoch lange bis der Sieg feststand, am Ende wurde es aber deutlich. SV-Trainer Andre Becher konnte mit dem Ergebnis zufrieden sein, mit dem Spiel seiner Mannschaft war er es in einigen Phasen nicht. <\/span><\/p>\n<p><span style=\"color: #008080;\">Schon vor der 1:0-F\u00fchrung durch Padreck Kofi Offei (40.) vergaben die Gr\u00fcn-Wei\u00dfen viele gute Chancen. Das r\u00e4chte sich, als die G\u00e4ste durch Ludwig Palm (51.) ausglichen. \u201eDa kamen wir nicht richtig in die Zweik\u00e4mpfe\u201c, kommentierte Becher den Ausgleich. \u201eEs war die Phase des Spiels, in der das Spiel h\u00e4tte kippen k\u00f6nnen, legte Becher nach. Dann wechselte Zeilsheims Trainer drei Mal, was frischen Wind ins Spiel brachte.<\/span><\/p>\n<h5><span style=\"font-size: 16px;\">Lahoudi setzt Schlusspunkt aus 16 Metern<\/span><\/h5>\n<p><span style=\"color: #008080;\">Nils Pitas nutze dann, kurz nach seiner Einwechslung, eine Vorlage von Mohammed Boulghoudan zur erneuten F\u00fchrung (71.). Jetzt spielte der SV dominant und erh\u00f6hte durch Mourad Azouzi auf 3:1 (73.). Doch Hornau gab sich nicht geschlagen und SV-Keeper Nemanja Saric musste mehrmals beherzt eingreifen, um den Anschlusstreffer zu vermeiden. <\/span><\/p>\n<p><span style=\"color: #008080;\">Den Schlusspunkt setzte der ebenfalls eingewechselte Mohamed Lahoudi, mit dem Tor des Tages (87.). Aus 16 Metern donnerte er den Ball unhaltbar in den Winkel. Mit 23 Punkten aus 13 Spielen bleiben die Nachwuchsfu\u00dfballer des SV auf Platz sechs der Tabelle und halten weiterhin Tuchf\u00fchlung zu den f\u00fchrenden Mannschaften der Kreisoberliga Maintaunus.\u00a0<\/span><\/p>\n<p><span style=\"font-size: 16px;\">Bericht: Peter Strauch.<\/span><\/p>\n<h5><span style=\"font-size: 16px;\">Schiedsrichter: Frank Lezius (Bad Homburg). Tore: 1:0 Padreck Kofi Offei (40.), 1:1 Ludwig Palm (51.), 2:1 Nils Pitas (71.), 3:1 Mourad Azouzi (73.), 4:1 Mohamed Lahoudi (87.).<\/span><\/h5>\n<h5><\/h5>\n","protected":false},"excerpt":{"rendered":"<p>Inside Amateurfu\u00dfball Ffm freut sich \u00fcber die Zusendung von Spielberichten der Vereine, da wir bei weitem nicht alles abdecken k\u00f6nnen. In dieser Hinsicht ist Peter Strauch, der Vorsitzende des SV Zeilsheim, sehr aktiv. Da die Erste Mannschaft in der Verbandsliga Mitte spielfrei war, kommt heute ein Bericht von der Partie SV Zeilsheim II &#8211; TuS [&hellip;]<\/p>\n","protected":false},"author":1,"featured_media":0,"comment_status":"open","ping_status":"open","sticky":false,"template":"","format":"standard","meta":{"footnotes":""},"categories":[33],"tags":[],"class_list":["post-3515","post","type-post","status-publish","format-standard","hentry","category-kreisoberliga-maintaunus"],"_links":{"self":[{"href":"https:\/\/insideamateurfussball-ffm.de\/index.php?rest_route=\/wp\/v2\/posts\/3515","targetHints":{"allow":["GET"]}}],"collection":[{"href":"https:\/\/insideamateurfussball-ffm.de\/index.php?rest_route=\/wp\/v2\/posts"}],"about":[{"href":"https:\/\/insideamateurfussball-ffm.de\/index.php?rest_route=\/wp\/v2\/types\/post"}],"author":[{"embeddable":true,"href":"https:\/\/insideamateurfussball-ffm.de\/index.php?rest_route=\/wp\/v2\/users\/1"}],"replies":[{"embeddable":true,"href":"https:\/\/insideamateurfussball-ffm.de\/index.php?rest_route=%2Fwp%2Fv2%2Fcomments&post=3515"}],"version-history":[{"count":1,"href":"https:\/\/insideamateurfussball-ffm.de\/index.php?rest_route=\/wp\/v2\/posts\/3515\/revisions"}],"predecessor-version":[{"id":3518,"href":"https:\/\/insideamateurfussball-ffm.de\/index.php?rest_route=\/wp\/v2\/posts\/3515\/revisions\/3518"}],"wp:attachment":[{"href":"https:\/\/insideamateurfussball-ffm.de\/index.php?rest_route=%2Fwp%2Fv2%2Fmedia&parent=3515"}],"wp:term":[{"taxonomy":"category","embeddable":true,"href":"https:\/\/insideamateurfussball-ffm.de\/index.php?rest_route=%2Fwp%2Fv2%2Fcategories&post=3515"},{"taxonomy":"post_tag","embeddable":true,"href":"https:\/\/insideamateurfussball-ffm.de\/index.php?rest_route=%2Fwp%2Fv2%2Ftags&post=3515"}],"curies":[{"name":"wp","href":"https:\/\/api.w.org\/{rel}","templated":true}]}}